{"id":215064,"date":"2019-06-26T01:00:28","date_gmt":"2019-06-25T23:00:28","guid":{"rendered":"https:\/\/www.ffw-berg.de\/wordpress\/?p=215064"},"modified":"2019-12-31T22:33:31","modified_gmt":"2019-12-31T21:33:31","slug":"einsatz-vom-25-06-19-lkw-brand-2","status":"publish","type":"post","link":"https:\/\/www.ffw-berg.de\/wordpress\/einsatz-vom-25-06-19-lkw-brand-2\/","title":{"rendered":"Einsatz vom 26.06.19 &#8211; THL LKW-Anh\u00e4nger"},"content":{"rendered":"\n<div class=\"wp-block-columns has-2-columns is-layout-flex wp-container-core-columns-is-layout-9d6595d7 wp-block-columns-is-layout-flex\">\n<div class=\"wp-block-column is-layout-flow wp-block-column-is-layout-flow\">\n<p style=\"color:#800000\" class=\"has-text-color\"><strong>Nr.:<\/strong><\/p>\n\n\n\n<p style=\"color:#800000\" class=\"has-text-color\"><strong>Alarmzeit:<\/strong><\/p>\n\n\n\n<p style=\"color:#800000\" class=\"has-text-color\"><strong>Einsatzdauer:<\/strong><\/p>\n\n\n\n<p style=\"color:#800000\" class=\"has-text-color\"><strong>Einsatzort:<\/strong><\/p>\n\n\n\n<p style=\"color:#800000\" class=\"has-text-color\"><strong>Einsatzart:<\/strong><\/p>\n\n\n\n<p style=\"color:#800000\" class=\"has-text-color\"><strong>Eingesetzte Fahrzeuge:<\/strong><\/p>\n\n\n\n<p style=\"color:#800000\" class=\"has-text-color\"><strong>Einsatzmittel:<\/strong><br \/><\/p>\n<\/div>\n\n\n\n<div class=\"wp-block-column is-layout-flow wp-block-column-is-layout-flow\">\n<p>34<\/p>\n\n\n\n<p>01.00 Uhr<\/p>\n\n\n\n<p>2,30 Std.<\/p>\n\n\n\n<p>BAB A9 Fahrtrichtung Norden, Km 247<\/p>\n\n\n\n<p>THL | klein, LKW<\/p>\n\n\n\n<p>HLF20, LF 8\/6, MTW, VSA<\/p>\n\n\n\n<p>Beleuchtungsger\u00e4t, Kommunikationsger\u00e4t, \u00a0Verkehrslenkungsmittel<\/p>\n<\/div>\n<\/div>\n\n\n\n<hr class=\"wp-block-separator is-style-wide\"\/>\n\n\n\n<h4 class=\"wp-block-heading\"><strong>Einsatzbericht<\/strong><\/h4>\n\n\n\n<p>Folgeeinsatz zum Einsatz Nr. 33 vom 25.06.19:<\/p>\n\n\n\n<p>Aufgrund dessen, dass der Abschleppunternehmer den verunfallten LKW Anh\u00e4nger entgegengesetzt der Fahrtrichtung zur AS Berg schleppen wollte, musste die Absicherung der Einsatzstelle durch die Feuerwehr Berg sichergestellt werden, da die zust\u00e4ndige Autobahnmeisterei eine kurzfristige Vollsperrung der BAB 9 vorbereiten und durchf\u00fchren musste. Desweiteren wurde die Bergung der Ladung auf bitten des Abschleppunternehmers von der Feuerwehr \u00fcbernommen.<\/p>\n","protected":false},"excerpt":{"rendered":"<div class=\"mh-excerpt\">Nr. 34 | Zeit: 01.00 Uhr | BAB A9 Fahrtrichtung Norden | THL<\/p>\n<p>Eingesetzte Fahrzeuge:<br \/>\nHLF20, LF 8\/6, MTW, VSA<\/p><\/div>\n<p> <a class=\"mh-excerpt-more\" href=\"https:\/\/www.ffw-berg.de\/wordpress\/einsatz-vom-25-06-19-lkw-brand-2\/\" title=\"Einsatz vom 26.06.19 &#8211; THL LKW-Anh\u00e4nger\">[  Mehr &gt;&gt; ]<\/a><\/p>\n","protected":false},"author":2,"featured_media":215059,"comment_status":"closed","ping_status":"open","sticky":false,"template":"","format":"standard","meta":{"footnotes":""},"categories":[849],"tags":[78,81,362,364,149,154,894,1006,1007],"class_list":{"0":"post-215064","1":"post","2":"type-post","3":"status-publish","4":"format-standard","5":"has-post-thumbnail","7":"category-einsaetze-2019","8":"tag-thl","9":"tag-verkehrsabsicherung","10":"tag-vsa","11":"tag-mtw","12":"tag-lf-86","13":"tag-lkw","14":"tag-hlf20","15":"tag-anhaenger","16":"tag-abschleppen"},"_links":{"self":[{"href":"https:\/\/www.ffw-berg.de\/wordpress\/wp-json\/wp\/v2\/posts\/215064","targetHints":{"allow":["GET"]}}],"collection":[{"href":"https:\/\/www.ffw-berg.de\/wordpress\/wp-json\/wp\/v2\/posts"}],"about":[{"href":"https:\/\/www.ffw-berg.de\/wordpress\/wp-json\/wp\/v2\/types\/post"}],"author":[{"embeddable":true,"href":"https:\/\/www.ffw-berg.de\/wordpress\/wp-json\/wp\/v2\/users\/2"}],"replies":[{"embeddable":true,"href":"https:\/\/www.ffw-berg.de\/wordpress\/wp-json\/wp\/v2\/comments?post=215064"}],"version-history":[{"count":0,"href":"https:\/\/www.ffw-berg.de\/wordpress\/wp-json\/wp\/v2\/posts\/215064\/revisions"}],"wp:featuredmedia":[{"embeddable":true,"href":"https:\/\/www.ffw-berg.de\/wordpress\/wp-json\/wp\/v2\/media\/215059"}],"wp:attachment":[{"href":"https:\/\/www.ffw-berg.de\/wordpress\/wp-json\/wp\/v2\/media?parent=215064"}],"wp:term":[{"taxonomy":"category","embeddable":true,"href":"https:\/\/www.ffw-berg.de\/wordpress\/wp-json\/wp\/v2\/categories?post=215064"},{"taxonomy":"post_tag","embeddable":true,"href":"https:\/\/www.ffw-berg.de\/wordpress\/wp-json\/wp\/v2\/tags?post=215064"}],"curies":[{"name":"wp","href":"https:\/\/api.w.org\/{rel}","templated":true}]}}