{"id":215094,"date":"2019-06-29T08:00:37","date_gmt":"2019-06-29T06:00:37","guid":{"rendered":"https:\/\/www.ffw-berg.de\/wordpress\/?p=215094"},"modified":"2026-02-24T12:35:45","modified_gmt":"2026-02-24T11:35:45","slug":"holmatro-resqexperience","status":"publish","type":"post","link":"https:\/\/www.ffw-berg.de\/wordpress\/holmatro-resqexperience\/","title":{"rendered":"Holmatro ResQexperience"},"content":{"rendered":"\n<h2 class=\"wp-block-heading\">Gemeinsamer Ausbildungsnachmittag&nbsp;der FF Berg und K\u00f6ditz<\/h2>\n\n\n\n<p>Im Rahmen der sogenannten Aktionsveranstaltung \u201cResQexperience\u201c von Holmatro fand am Samstag, den 29.06.19, ein gemeinsamer Ausbildungsnachmittag zum <strong>Schwerpunkt Technische Rettung von Verunfallten bei Verkehrsunf\u00e4llen<\/strong> auf dem Gel\u00e4nde der Firma Auto Klug in Hof statt.<\/p>\n\n\n\n<ul class=\"wp-block-gallery columns-2 is-cropped wp-block-gallery-1 is-layout-flex wp-block-gallery-is-layout-flex\"><li class=\"blocks-gallery-item\"><figure><a href=\"https:\/\/www.ffw-berg.de\/wordpress\/wp-content\/uploads\/2019\/07\/ff_berg_holmatro2019_39-1080x608.jpg\"><img loading=\"lazy\" decoding=\"async\" width=\"1080\" height=\"608\" src=\"https:\/\/www.ffw-berg.de\/wordpress\/wp-content\/uploads\/2019\/07\/ff_berg_holmatro2019_39-1080x608.jpg\" alt=\"\" data-id=\"215080\" data-link=\"https:\/\/www.ffw-berg.de\/wordpress\/ff_berg_holmatro2019_39\/\" class=\"wp-image-215080\" srcset=\"https:\/\/www.ffw-berg.de\/wordpress\/wp-content\/uploads\/2019\/07\/ff_berg_holmatro2019_39-1080x608.jpg 1080w, https:\/\/www.ffw-berg.de\/wordpress\/wp-content\/uploads\/2019\/07\/ff_berg_holmatro2019_39-120x68.jpg 120w, https:\/\/www.ffw-berg.de\/wordpress\/wp-content\/uploads\/2019\/07\/ff_berg_holmatro2019_39-300x169.jpg 300w, https:\/\/www.ffw-berg.de\/wordpress\/wp-content\/uploads\/2019\/07\/ff_berg_holmatro2019_39-768x432.jpg 768w, https:\/\/www.ffw-berg.de\/wordpress\/wp-content\/uploads\/2019\/07\/ff_berg_holmatro2019_39-678x381.jpg 678w, https:\/\/www.ffw-berg.de\/wordpress\/wp-content\/uploads\/2019\/07\/ff_berg_holmatro2019_39.jpg 1920w\" sizes=\"auto, (max-width: 1080px) 100vw, 1080px\" \/><\/a><\/figure><\/li><li class=\"blocks-gallery-item\"><figure><a href=\"https:\/\/www.ffw-berg.de\/wordpress\/wp-content\/uploads\/2019\/07\/ff_berg_holmatro2019_3-1080x608.jpg\"><img loading=\"lazy\" decoding=\"async\" width=\"1080\" height=\"608\" src=\"https:\/\/www.ffw-berg.de\/wordpress\/wp-content\/uploads\/2019\/07\/ff_berg_holmatro2019_3-1080x608.jpg\" alt=\"\" data-id=\"215075\" data-link=\"https:\/\/www.ffw-berg.de\/wordpress\/ff_berg_holmatro2019_3\/\" class=\"wp-image-215075\" srcset=\"https:\/\/www.ffw-berg.de\/wordpress\/wp-content\/uploads\/2019\/07\/ff_berg_holmatro2019_3-1080x608.jpg 1080w, https:\/\/www.ffw-berg.de\/wordpress\/wp-content\/uploads\/2019\/07\/ff_berg_holmatro2019_3-120x68.jpg 120w, https:\/\/www.ffw-berg.de\/wordpress\/wp-content\/uploads\/2019\/07\/ff_berg_holmatro2019_3-300x169.jpg 300w, https:\/\/www.ffw-berg.de\/wordpress\/wp-content\/uploads\/2019\/07\/ff_berg_holmatro2019_3-768x432.jpg 768w, https:\/\/www.ffw-berg.de\/wordpress\/wp-content\/uploads\/2019\/07\/ff_berg_holmatro2019_3-678x381.jpg 678w, https:\/\/www.ffw-berg.de\/wordpress\/wp-content\/uploads\/2019\/07\/ff_berg_holmatro2019_3.jpg 1920w\" sizes=\"auto, (max-width: 1080px) 100vw, 1080px\" \/><\/a><\/figure><\/li><\/ul>\n\n\n\n<p>Insgesamt 40 Kameraden der Feuerwehren Berg und K\u00f6ditz hatten die M\u00f6glichkeit unter der Anleitung mehrerer Ausbilder vom Holmatro Bayern Team verschiedene Einsatzszenarien zu trainieren.<\/p>\n\n\n\n<ul class=\"wp-block-gallery columns-2 is-cropped wp-block-gallery-2 is-layout-flex wp-block-gallery-is-layout-flex\"><li class=\"blocks-gallery-item\"><figure><a href=\"https:\/\/www.ffw-berg.de\/wordpress\/wp-content\/uploads\/2019\/07\/ff_berg_holmatro2019_6-1080x608.jpg\"><img loading=\"lazy\" decoding=\"async\" width=\"1080\" height=\"608\" src=\"https:\/\/www.ffw-berg.de\/wordpress\/wp-content\/uploads\/2019\/07\/ff_berg_holmatro2019_6-1080x608.jpg\" alt=\"\" data-id=\"215076\" data-link=\"https:\/\/www.ffw-berg.de\/wordpress\/ff_berg_holmatro2019_6\/\" class=\"wp-image-215076\" srcset=\"https:\/\/www.ffw-berg.de\/wordpress\/wp-content\/uploads\/2019\/07\/ff_berg_holmatro2019_6-1080x608.jpg 1080w, https:\/\/www.ffw-berg.de\/wordpress\/wp-content\/uploads\/2019\/07\/ff_berg_holmatro2019_6-120x68.jpg 120w, https:\/\/www.ffw-berg.de\/wordpress\/wp-content\/uploads\/2019\/07\/ff_berg_holmatro2019_6-300x169.jpg 300w, https:\/\/www.ffw-berg.de\/wordpress\/wp-content\/uploads\/2019\/07\/ff_berg_holmatro2019_6-768x432.jpg 768w, https:\/\/www.ffw-berg.de\/wordpress\/wp-content\/uploads\/2019\/07\/ff_berg_holmatro2019_6-678x381.jpg 678w, https:\/\/www.ffw-berg.de\/wordpress\/wp-content\/uploads\/2019\/07\/ff_berg_holmatro2019_6.jpg 1920w\" sizes=\"auto, (max-width: 1080px) 100vw, 1080px\" \/><\/a><\/figure><\/li><li class=\"blocks-gallery-item\"><figure><a href=\"https:\/\/www.ffw-berg.de\/wordpress\/wp-content\/uploads\/2019\/07\/ff_berg_holmatro2019_18-1080x608.jpg\"><img loading=\"lazy\" decoding=\"async\" width=\"1080\" height=\"608\" src=\"https:\/\/www.ffw-berg.de\/wordpress\/wp-content\/uploads\/2019\/07\/ff_berg_holmatro2019_18-1080x608.jpg\" alt=\"\" data-id=\"215077\" data-link=\"https:\/\/www.ffw-berg.de\/wordpress\/ff_berg_holmatro2019_18\/\" class=\"wp-image-215077\" srcset=\"https:\/\/www.ffw-berg.de\/wordpress\/wp-content\/uploads\/2019\/07\/ff_berg_holmatro2019_18-1080x608.jpg 1080w, https:\/\/www.ffw-berg.de\/wordpress\/wp-content\/uploads\/2019\/07\/ff_berg_holmatro2019_18-120x68.jpg 120w, https:\/\/www.ffw-berg.de\/wordpress\/wp-content\/uploads\/2019\/07\/ff_berg_holmatro2019_18-300x169.jpg 300w, https:\/\/www.ffw-berg.de\/wordpress\/wp-content\/uploads\/2019\/07\/ff_berg_holmatro2019_18-768x432.jpg 768w, https:\/\/www.ffw-berg.de\/wordpress\/wp-content\/uploads\/2019\/07\/ff_berg_holmatro2019_18-678x381.jpg 678w, https:\/\/www.ffw-berg.de\/wordpress\/wp-content\/uploads\/2019\/07\/ff_berg_holmatro2019_18.jpg 1920w\" sizes=\"auto, (max-width: 1080px) 100vw, 1080px\" \/><\/a><\/figure><\/li><li class=\"blocks-gallery-item\"><figure><a href=\"https:\/\/www.ffw-berg.de\/wordpress\/wp-content\/uploads\/2019\/07\/ff_berg_holmatro2019_84-1080x608.jpg\"><img loading=\"lazy\" decoding=\"async\" width=\"1080\" height=\"608\" src=\"https:\/\/www.ffw-berg.de\/wordpress\/wp-content\/uploads\/2019\/07\/ff_berg_holmatro2019_84-1080x608.jpg\" alt=\"\" data-id=\"215085\" data-link=\"https:\/\/www.ffw-berg.de\/wordpress\/ff_berg_holmatro2019_84\/\" class=\"wp-image-215085\" srcset=\"https:\/\/www.ffw-berg.de\/wordpress\/wp-content\/uploads\/2019\/07\/ff_berg_holmatro2019_84-1080x608.jpg 1080w, https:\/\/www.ffw-berg.de\/wordpress\/wp-content\/uploads\/2019\/07\/ff_berg_holmatro2019_84-120x68.jpg 120w, https:\/\/www.ffw-berg.de\/wordpress\/wp-content\/uploads\/2019\/07\/ff_berg_holmatro2019_84-300x169.jpg 300w, https:\/\/www.ffw-berg.de\/wordpress\/wp-content\/uploads\/2019\/07\/ff_berg_holmatro2019_84-768x432.jpg 768w, https:\/\/www.ffw-berg.de\/wordpress\/wp-content\/uploads\/2019\/07\/ff_berg_holmatro2019_84-678x381.jpg 678w, https:\/\/www.ffw-berg.de\/wordpress\/wp-content\/uploads\/2019\/07\/ff_berg_holmatro2019_84.jpg 1920w\" sizes=\"auto, (max-width: 1080px) 100vw, 1080px\" \/><\/a><\/figure><\/li><\/ul>\n\n\n\n<p>An vier Stationen mussten&nbsp;die Teilnehmer unterschiedliche Einsatzlagen von der Fahrzeugstabilisierung bis zur Rettung der fiktiven Verunfallten abarbeiten. Neben dem Auffrischen der Basics wurde ein Verkehrsunfall mit einem PKW in Seiten- sowie Dachlage simuliert, an einer weiteren Station wurde das Auffahren eines PKW unter einem LKW dargestellt, bei dem zuerst der LKW mittels PowerShore System gesichert werden musste bevor man mit der Rettung beginnen konnte.&nbsp;<\/p>\n\n\n\n<ul class=\"wp-block-gallery columns-3 is-cropped wp-block-gallery-3 is-layout-flex wp-block-gallery-is-layout-flex\"><li class=\"blocks-gallery-item\"><figure><a href=\"https:\/\/www.ffw-berg.de\/wordpress\/wp-content\/uploads\/2019\/07\/ff_berg_holmatro2019_80-512x768.jpg\"><img loading=\"lazy\" decoding=\"async\" width=\"512\" height=\"768\" src=\"https:\/\/www.ffw-berg.de\/wordpress\/wp-content\/uploads\/2019\/07\/ff_berg_holmatro2019_80-512x768.jpg\" alt=\"\" data-id=\"215084\" data-link=\"https:\/\/www.ffw-berg.de\/wordpress\/ff_berg_holmatro2019_80\/\" class=\"wp-image-215084\" srcset=\"https:\/\/www.ffw-berg.de\/wordpress\/wp-content\/uploads\/2019\/07\/ff_berg_holmatro2019_80-512x768.jpg 512w, https:\/\/www.ffw-berg.de\/wordpress\/wp-content\/uploads\/2019\/07\/ff_berg_holmatro2019_80-80x120.jpg 80w, https:\/\/www.ffw-berg.de\/wordpress\/wp-content\/uploads\/2019\/07\/ff_berg_holmatro2019_80-167x250.jpg 167w, https:\/\/www.ffw-berg.de\/wordpress\/wp-content\/uploads\/2019\/07\/ff_berg_holmatro2019_80-768x1151.jpg 768w, https:\/\/www.ffw-berg.de\/wordpress\/wp-content\/uploads\/2019\/07\/ff_berg_holmatro2019_80.jpg 1080w\" sizes=\"auto, (max-width: 512px) 100vw, 512px\" \/><\/a><\/figure><\/li><li class=\"blocks-gallery-item\"><figure><a href=\"https:\/\/www.ffw-berg.de\/wordpress\/wp-content\/uploads\/2019\/07\/ff_berg_holmatro2019_24-512x768.jpg\"><img loading=\"lazy\" decoding=\"async\" width=\"512\" height=\"768\" src=\"https:\/\/www.ffw-berg.de\/wordpress\/wp-content\/uploads\/2019\/07\/ff_berg_holmatro2019_24-512x768.jpg\" alt=\"\" data-id=\"215078\" data-link=\"https:\/\/www.ffw-berg.de\/wordpress\/ff_berg_holmatro2019_24\/\" class=\"wp-image-215078\" srcset=\"https:\/\/www.ffw-berg.de\/wordpress\/wp-content\/uploads\/2019\/07\/ff_berg_holmatro2019_24-512x768.jpg 512w, https:\/\/www.ffw-berg.de\/wordpress\/wp-content\/uploads\/2019\/07\/ff_berg_holmatro2019_24-80x120.jpg 80w, https:\/\/www.ffw-berg.de\/wordpress\/wp-content\/uploads\/2019\/07\/ff_berg_holmatro2019_24-167x250.jpg 167w, https:\/\/www.ffw-berg.de\/wordpress\/wp-content\/uploads\/2019\/07\/ff_berg_holmatro2019_24-768x1152.jpg 768w, https:\/\/www.ffw-berg.de\/wordpress\/wp-content\/uploads\/2019\/07\/ff_berg_holmatro2019_24.jpg 1080w\" sizes=\"auto, (max-width: 512px) 100vw, 512px\" \/><\/a><\/figure><\/li><li class=\"blocks-gallery-item\"><figure><a href=\"https:\/\/www.ffw-berg.de\/wordpress\/wp-content\/uploads\/2019\/07\/ff_berg_holmatro2019_54-512x768.jpg\"><img loading=\"lazy\" decoding=\"async\" width=\"512\" height=\"768\" src=\"https:\/\/www.ffw-berg.de\/wordpress\/wp-content\/uploads\/2019\/07\/ff_berg_holmatro2019_54-512x768.jpg\" alt=\"\" data-id=\"215082\" data-link=\"https:\/\/www.ffw-berg.de\/wordpress\/ff_berg_holmatro2019_54\/\" class=\"wp-image-215082\" srcset=\"https:\/\/www.ffw-berg.de\/wordpress\/wp-content\/uploads\/2019\/07\/ff_berg_holmatro2019_54-512x768.jpg 512w, https:\/\/www.ffw-berg.de\/wordpress\/wp-content\/uploads\/2019\/07\/ff_berg_holmatro2019_54-80x120.jpg 80w, https:\/\/www.ffw-berg.de\/wordpress\/wp-content\/uploads\/2019\/07\/ff_berg_holmatro2019_54-167x250.jpg 167w, https:\/\/www.ffw-berg.de\/wordpress\/wp-content\/uploads\/2019\/07\/ff_berg_holmatro2019_54-768x1151.jpg 768w, https:\/\/www.ffw-berg.de\/wordpress\/wp-content\/uploads\/2019\/07\/ff_berg_holmatro2019_54.jpg 1080w\" sizes=\"auto, (max-width: 512px) 100vw, 512px\" \/><\/a><\/figure><\/li><li class=\"blocks-gallery-item\"><figure><a href=\"https:\/\/www.ffw-berg.de\/wordpress\/wp-content\/uploads\/2019\/07\/ff_berg_holmatro2019_51-512x768.jpg\"><img loading=\"lazy\" decoding=\"async\" width=\"512\" height=\"768\" src=\"https:\/\/www.ffw-berg.de\/wordpress\/wp-content\/uploads\/2019\/07\/ff_berg_holmatro2019_51-512x768.jpg\" alt=\"\" data-id=\"215081\" data-link=\"https:\/\/www.ffw-berg.de\/wordpress\/ff_berg_holmatro2019_51\/\" class=\"wp-image-215081\" srcset=\"https:\/\/www.ffw-berg.de\/wordpress\/wp-content\/uploads\/2019\/07\/ff_berg_holmatro2019_51-512x768.jpg 512w, https:\/\/www.ffw-berg.de\/wordpress\/wp-content\/uploads\/2019\/07\/ff_berg_holmatro2019_51-80x120.jpg 80w, https:\/\/www.ffw-berg.de\/wordpress\/wp-content\/uploads\/2019\/07\/ff_berg_holmatro2019_51-167x250.jpg 167w, https:\/\/www.ffw-berg.de\/wordpress\/wp-content\/uploads\/2019\/07\/ff_berg_holmatro2019_51-768x1152.jpg 768w, https:\/\/www.ffw-berg.de\/wordpress\/wp-content\/uploads\/2019\/07\/ff_berg_holmatro2019_51.jpg 1080w\" sizes=\"auto, (max-width: 512px) 100vw, 512px\" \/><\/a><\/figure><\/li><li class=\"blocks-gallery-item\"><figure><a href=\"https:\/\/www.ffw-berg.de\/wordpress\/wp-content\/uploads\/2019\/07\/ff_berg_holmatro2019_27-512x768.jpg\"><img loading=\"lazy\" decoding=\"async\" width=\"512\" height=\"768\" src=\"https:\/\/www.ffw-berg.de\/wordpress\/wp-content\/uploads\/2019\/07\/ff_berg_holmatro2019_27-512x768.jpg\" alt=\"\" data-id=\"215079\" data-link=\"https:\/\/www.ffw-berg.de\/wordpress\/ff_berg_holmatro2019_27\/\" class=\"wp-image-215079\" srcset=\"https:\/\/www.ffw-berg.de\/wordpress\/wp-content\/uploads\/2019\/07\/ff_berg_holmatro2019_27-512x768.jpg 512w, https:\/\/www.ffw-berg.de\/wordpress\/wp-content\/uploads\/2019\/07\/ff_berg_holmatro2019_27-80x120.jpg 80w, https:\/\/www.ffw-berg.de\/wordpress\/wp-content\/uploads\/2019\/07\/ff_berg_holmatro2019_27-167x250.jpg 167w, https:\/\/www.ffw-berg.de\/wordpress\/wp-content\/uploads\/2019\/07\/ff_berg_holmatro2019_27-768x1152.jpg 768w, https:\/\/www.ffw-berg.de\/wordpress\/wp-content\/uploads\/2019\/07\/ff_berg_holmatro2019_27.jpg 1080w\" sizes=\"auto, (max-width: 512px) 100vw, 512px\" \/><\/a><\/figure><\/li><\/ul>\n\n\n\n<p>Gl\u00fccklicherweise hat sich die Anzahl der schweren Verkehrsunf\u00e4lle mit eingeklemmten Personen in den letzten Jahren verringert, da immer sicherere Fahrgastzellen bei der Fahrzeugkonstruktion ber\u00fccksichtigt werden. Trotzdem ist es f\u00fcr die Feuerwehren besonders wichtig verschiedene Unfallszenarien in regelm\u00e4\u00dfigen Abst\u00e4nden zu \u00fcben, um Verunfallten schnell, patientenschonend und effektiv bei Verkehrsunf\u00e4llen helfen k\u00f6nnen.<\/p>\n\n\n\n<figure class=\"wp-block-image\"><a href=\"https:\/\/www.ffw-berg.de\/wordpress\/wp-content\/uploads\/2019\/07\/ff_berg_holmatro2019_89.jpg\"><img loading=\"lazy\" decoding=\"async\" width=\"1080\" height=\"608\" src=\"https:\/\/www.ffw-berg.de\/wordpress\/wp-content\/uploads\/2019\/07\/ff_berg_holmatro2019_89-1080x608.jpg\" alt=\"\" class=\"wp-image-215086\" srcset=\"https:\/\/www.ffw-berg.de\/wordpress\/wp-content\/uploads\/2019\/07\/ff_berg_holmatro2019_89-1080x608.jpg 1080w, https:\/\/www.ffw-berg.de\/wordpress\/wp-content\/uploads\/2019\/07\/ff_berg_holmatro2019_89-120x68.jpg 120w, https:\/\/www.ffw-berg.de\/wordpress\/wp-content\/uploads\/2019\/07\/ff_berg_holmatro2019_89-300x169.jpg 300w, https:\/\/www.ffw-berg.de\/wordpress\/wp-content\/uploads\/2019\/07\/ff_berg_holmatro2019_89-768x432.jpg 768w, https:\/\/www.ffw-berg.de\/wordpress\/wp-content\/uploads\/2019\/07\/ff_berg_holmatro2019_89-678x381.jpg 678w, https:\/\/www.ffw-berg.de\/wordpress\/wp-content\/uploads\/2019\/07\/ff_berg_holmatro2019_89.jpg 1920w\" sizes=\"auto, (max-width: 1080px) 100vw, 1080px\" \/><\/a><\/figure>\n\n\n\n<div class=\"wp-block-image\"><figure class=\"alignright is-resized\"><a href=\"https:\/\/www.ffw-berg.de\/wordpress\/wp-content\/uploads\/2019\/07\/ff_berg_holmatro2019_68.jpg\"><img loading=\"lazy\" decoding=\"async\" src=\"https:\/\/www.ffw-berg.de\/wordpress\/wp-content\/uploads\/2019\/07\/ff_berg_holmatro2019_68-512x768.jpg\" alt=\"\" class=\"wp-image-215083\" width=\"214\" height=\"321\" srcset=\"https:\/\/www.ffw-berg.de\/wordpress\/wp-content\/uploads\/2019\/07\/ff_berg_holmatro2019_68-512x768.jpg 512w, https:\/\/www.ffw-berg.de\/wordpress\/wp-content\/uploads\/2019\/07\/ff_berg_holmatro2019_68-80x120.jpg 80w, https:\/\/www.ffw-berg.de\/wordpress\/wp-content\/uploads\/2019\/07\/ff_berg_holmatro2019_68-167x250.jpg 167w, https:\/\/www.ffw-berg.de\/wordpress\/wp-content\/uploads\/2019\/07\/ff_berg_holmatro2019_68-768x1152.jpg 768w, https:\/\/www.ffw-berg.de\/wordpress\/wp-content\/uploads\/2019\/07\/ff_berg_holmatro2019_68.jpg 1080w\" sizes=\"auto, (max-width: 214px) 100vw, 214px\" \/><\/a><\/figure><\/div>\n\n\n\n<p>Als besonders wertvoll stellte sich die Zusammensetzung der \u00dcbungsgruppen aus beiden Feuerwehren dar. Schlie\u00dflich werden beide Wehren auch im Ernstfall gemeinsam alarmiert, wie beispielsweise bei Eins\u00e4tzen auf der BAB 9 oder A72. Nach dem Durchlaufen der einzelnen Stationen fand noch ein gemeinsamer Grillabend im Feuerwehrger\u00e4tehaus K\u00f6ditz mit den Ausbildern statt.<\/p>\n\n\n\n<p>Abschlie\u00dfend m\u00f6chten wir uns noch einmal besonders bei den Ausbildern Peter, Florian und Sebastian von Holmatro Bayern bedanken, die unseren Ausbildungsnachmittag mit Tipps, Tricks und Ger\u00e4tschaften begleitet haben, sowie bei der Firma Auto-Klug f\u00fcr die Bereitstellung der \u00dcbungsfahrzeuge und der Nutzung des Werksgel\u00e4ndes. <\/p>\n\n\n\n<figure class=\"wp-block-image\"><a href=\"https:\/\/www.ffw-berg.de\/wordpress\/wp-content\/uploads\/2019\/07\/ff_berg_holmatro2019_90.jpg\"><img loading=\"lazy\" decoding=\"async\" width=\"1080\" height=\"608\" src=\"https:\/\/www.ffw-berg.de\/wordpress\/wp-content\/uploads\/2019\/07\/ff_berg_holmatro2019_90-1080x608.jpg\" alt=\"\" class=\"wp-image-215087\" srcset=\"https:\/\/www.ffw-berg.de\/wordpress\/wp-content\/uploads\/2019\/07\/ff_berg_holmatro2019_90-1080x608.jpg 1080w, https:\/\/www.ffw-berg.de\/wordpress\/wp-content\/uploads\/2019\/07\/ff_berg_holmatro2019_90-120x68.jpg 120w, https:\/\/www.ffw-berg.de\/wordpress\/wp-content\/uploads\/2019\/07\/ff_berg_holmatro2019_90-300x169.jpg 300w, https:\/\/www.ffw-berg.de\/wordpress\/wp-content\/uploads\/2019\/07\/ff_berg_holmatro2019_90-768x432.jpg 768w, https:\/\/www.ffw-berg.de\/wordpress\/wp-content\/uploads\/2019\/07\/ff_berg_holmatro2019_90-678x381.jpg 678w, https:\/\/www.ffw-berg.de\/wordpress\/wp-content\/uploads\/2019\/07\/ff_berg_holmatro2019_90.jpg 1920w\" sizes=\"auto, (max-width: 1080px) 100vw, 1080px\" \/><\/a><\/figure>\n\n\n\n<p>Weiterhin herzlichen Dank an Bernd Schlegel f\u00fcr die tollen Bilder (\u00a92019 Beschl Photoworks)<\/p>\n\n\n\n<p class=\"has-small-font-size\">Bericht: Maximilian Schaller<\/p>\n\n\n\n<h4 class=\"wp-block-heading\" style=\"text-align:center\">Alle Bilder in unserem Album bei<\/h4>\n\n\n\n<figure class=\"wp-block-embed is-type-rich is-provider-google-photos\"><div class=\"wp-block-embed__wrapper\">\n<blockquote class=\"embedly-card\" data-card-controls=\"0\" data-card-align=\"center\" data-card-theme=\"light\"><h4><a href=\"https:\/\/photos.app.goo.gl\/uEK55PrxPzp8R7WE8\">No Title<\/a><\/h4><p>No Description<\/p><\/blockquote><script async src=\"\/\/cdn.embedly.com\/widgets\/platform.js\" charset=\"UTF-8\"><\/script>\n<\/div><\/figure>\n","protected":false},"excerpt":{"rendered":"<div class=\"mh-excerpt\">Im Rahmen der sogenannten Aktionsveranstaltung \u201cResQexperience\u201c von Holmatro fand am Samstag, den 29.06.19, ein gemeinsamer Ausbildungsnachmittag zum Schwerpunkt Technische Rettung von Verunfallten bei Verkehrsunf\u00e4llen auf dem Gel\u00e4nde der Firma Auto Klug in Hof statt.<\/div>\n<p> <a class=\"mh-excerpt-more\" href=\"https:\/\/www.ffw-berg.de\/wordpress\/holmatro-resqexperience\/\" title=\"Holmatro ResQexperience\">[  Mehr &gt;&gt; ]<\/a><\/p>\n","protected":false},"author":2,"featured_media":215075,"comment_status":"closed","ping_status":"open","sticky":false,"template":"","format":"standard","meta":{"footnotes":""},"categories":[747],"tags":[1008],"class_list":{"0":"post-215094","1":"post","2":"type-post","3":"status-publish","4":"format-standard","5":"has-post-thumbnail","7":"category-wir-ueber-uns-2","8":"tag-hol2019"},"_links":{"self":[{"href":"https:\/\/www.ffw-berg.de\/wordpress\/wp-json\/wp\/v2\/posts\/215094","targetHints":{"allow":["GET"]}}],"collection":[{"href":"https:\/\/www.ffw-berg.de\/wordpress\/wp-json\/wp\/v2\/posts"}],"about":[{"href":"https:\/\/www.ffw-berg.de\/wordpress\/wp-json\/wp\/v2\/types\/post"}],"author":[{"embeddable":true,"href":"https:\/\/www.ffw-berg.de\/wordpress\/wp-json\/wp\/v2\/users\/2"}],"replies":[{"embeddable":true,"href":"https:\/\/www.ffw-berg.de\/wordpress\/wp-json\/wp\/v2\/comments?post=215094"}],"version-history":[{"count":0,"href":"https:\/\/www.ffw-berg.de\/wordpress\/wp-json\/wp\/v2\/posts\/215094\/revisions"}],"wp:featuredmedia":[{"embeddable":true,"href":"https:\/\/www.ffw-berg.de\/wordpress\/wp-json\/wp\/v2\/media\/215075"}],"wp:attachment":[{"href":"https:\/\/www.ffw-berg.de\/wordpress\/wp-json\/wp\/v2\/media?parent=215094"}],"wp:term":[{"taxonomy":"category","embeddable":true,"href":"https:\/\/www.ffw-berg.de\/wordpress\/wp-json\/wp\/v2\/categories?post=215094"},{"taxonomy":"post_tag","embeddable":true,"href":"https:\/\/www.ffw-berg.de\/wordpress\/wp-json\/wp\/v2\/tags?post=215094"}],"curies":[{"name":"wp","href":"https:\/\/api.w.org\/{rel}","templated":true}]}}