{"id":215140,"date":"2019-07-20T18:00:28","date_gmt":"2019-07-20T16:00:28","guid":{"rendered":"https:\/\/www.ffw-berg.de\/wordpress\/?p=215140"},"modified":"2026-02-24T12:36:09","modified_gmt":"2026-02-24T11:36:09","slug":"8-kuppel-cup-2019","status":"publish","type":"post","link":"https:\/\/www.ffw-berg.de\/wordpress\/8-kuppel-cup-2019\/","title":{"rendered":"8. Kuppel-Cup 2019"},"content":{"rendered":"\n<h2 class=\"wp-block-heading\">Einziges Damen-Team stellte die FF Berg | Berger Teams erreichen Platz 2 und 4<\/h2>\n\n\n\n<p><strong>Bereits zum 8. Mal fand am 20. Juli der Kuppel-Cup der Feuerwehren aus Stand &amp; Landkreis Hof statt. <\/strong><\/p>\n\n\n\n<p>Ausrichter war in diesem Jahr die Feuerwehr Gottsmannsgr\u00fcn, welche im vergangenen Jahr den Kuppelcup f\u00fcr sich entscheiden konnte. Insgesamt neun Gruppen nahmen am Wettkampf teil, welche sich in acht Erwachsenen- und eine Jugendgruppe aufteilten. Als Gastgruppen gingen die Feuerwehren H\u00f6fen-Waizendorf (Lkr. Bamberg) sowie die Feuerwehr Ranspach (Lkr. Vogtland) in einer getrennten Gastwertung an den Start. \u00dcbrigens, das einzige Damen-Team stellte die Feuerwehr Berg.<\/p>\n\n\n\n<ul class=\"wp-block-gallery columns-2 is-cropped wp-block-gallery-1 is-layout-flex wp-block-gallery-is-layout-flex\"><li class=\"blocks-gallery-item\"><figure><a href=\"https:\/\/www.ffw-berg.de\/wordpress\/wp-content\/uploads\/2019\/07\/kuppelcup2019_1-1080x608.jpg\"><img loading=\"lazy\" decoding=\"async\" width=\"1080\" height=\"608\" src=\"https:\/\/www.ffw-berg.de\/wordpress\/wp-content\/uploads\/2019\/07\/kuppelcup2019_1-1080x608.jpg\" alt=\"\" data-id=\"215154\" data-link=\"https:\/\/www.ffw-berg.de\/wordpress\/kuppelcup2019_1\/\" class=\"wp-image-215154\" srcset=\"https:\/\/www.ffw-berg.de\/wordpress\/wp-content\/uploads\/2019\/07\/kuppelcup2019_1-1080x608.jpg 1080w, https:\/\/www.ffw-berg.de\/wordpress\/wp-content\/uploads\/2019\/07\/kuppelcup2019_1-120x68.jpg 120w, https:\/\/www.ffw-berg.de\/wordpress\/wp-content\/uploads\/2019\/07\/kuppelcup2019_1-300x169.jpg 300w, https:\/\/www.ffw-berg.de\/wordpress\/wp-content\/uploads\/2019\/07\/kuppelcup2019_1-768x432.jpg 768w, https:\/\/www.ffw-berg.de\/wordpress\/wp-content\/uploads\/2019\/07\/kuppelcup2019_1-678x381.jpg 678w, https:\/\/www.ffw-berg.de\/wordpress\/wp-content\/uploads\/2019\/07\/kuppelcup2019_1.jpg 1920w\" sizes=\"auto, (max-width: 1080px) 100vw, 1080px\" \/><\/a><\/figure><\/li><li class=\"blocks-gallery-item\"><figure><a href=\"https:\/\/www.ffw-berg.de\/wordpress\/wp-content\/uploads\/2019\/07\/kuppelcup2019_57-1080x608.jpg\"><img loading=\"lazy\" decoding=\"async\" width=\"1080\" height=\"608\" src=\"https:\/\/www.ffw-berg.de\/wordpress\/wp-content\/uploads\/2019\/07\/kuppelcup2019_57-1080x608.jpg\" alt=\"\" data-id=\"215157\" data-link=\"https:\/\/www.ffw-berg.de\/wordpress\/kuppelcup2019_57\/\" class=\"wp-image-215157\" srcset=\"https:\/\/www.ffw-berg.de\/wordpress\/wp-content\/uploads\/2019\/07\/kuppelcup2019_57-1080x608.jpg 1080w, https:\/\/www.ffw-berg.de\/wordpress\/wp-content\/uploads\/2019\/07\/kuppelcup2019_57-120x68.jpg 120w, https:\/\/www.ffw-berg.de\/wordpress\/wp-content\/uploads\/2019\/07\/kuppelcup2019_57-300x169.jpg 300w, https:\/\/www.ffw-berg.de\/wordpress\/wp-content\/uploads\/2019\/07\/kuppelcup2019_57-768x432.jpg 768w, https:\/\/www.ffw-berg.de\/wordpress\/wp-content\/uploads\/2019\/07\/kuppelcup2019_57-678x381.jpg 678w, https:\/\/www.ffw-berg.de\/wordpress\/wp-content\/uploads\/2019\/07\/kuppelcup2019_57.jpg 1920w\" sizes=\"auto, (max-width: 1080px) 100vw, 1080px\" \/><\/a><\/figure><\/li><\/ul>\n\n\n\n<p>Der Wettkampf bestand aus zwei Durchg\u00e4ngen in denen die Mannschaften die M\u00f6glichkeit hatten, eine Saugleitung bestehend aus 4 Saugschl\u00e4uchen und einen Saugkorb so schnell wie m\u00f6glich vor allem fehlerfrei zu kuppeln. <\/p>\n\n\n\n<ul class=\"wp-block-gallery columns-2 is-cropped wp-block-gallery-2 is-layout-flex wp-block-gallery-is-layout-flex\"><li class=\"blocks-gallery-item\"><figure><a href=\"https:\/\/www.ffw-berg.de\/wordpress\/wp-content\/uploads\/2019\/07\/kuppelcup2019_115-1080x608.jpg\"><img loading=\"lazy\" decoding=\"async\" width=\"1080\" height=\"608\" src=\"https:\/\/www.ffw-berg.de\/wordpress\/wp-content\/uploads\/2019\/07\/kuppelcup2019_115-1080x608.jpg\" alt=\"\" data-id=\"215161\" data-link=\"https:\/\/www.ffw-berg.de\/wordpress\/kuppelcup2019_115\/\" class=\"wp-image-215161\" srcset=\"https:\/\/www.ffw-berg.de\/wordpress\/wp-content\/uploads\/2019\/07\/kuppelcup2019_115-1080x608.jpg 1080w, https:\/\/www.ffw-berg.de\/wordpress\/wp-content\/uploads\/2019\/07\/kuppelcup2019_115-120x68.jpg 120w, https:\/\/www.ffw-berg.de\/wordpress\/wp-content\/uploads\/2019\/07\/kuppelcup2019_115-300x169.jpg 300w, https:\/\/www.ffw-berg.de\/wordpress\/wp-content\/uploads\/2019\/07\/kuppelcup2019_115-768x432.jpg 768w, https:\/\/www.ffw-berg.de\/wordpress\/wp-content\/uploads\/2019\/07\/kuppelcup2019_115-678x381.jpg 678w, https:\/\/www.ffw-berg.de\/wordpress\/wp-content\/uploads\/2019\/07\/kuppelcup2019_115.jpg 1920w\" sizes=\"auto, (max-width: 1080px) 100vw, 1080px\" \/><\/a><\/figure><\/li><li class=\"blocks-gallery-item\"><figure><a href=\"https:\/\/www.ffw-berg.de\/wordpress\/wp-content\/uploads\/2019\/07\/kuppelcup2019_97-1080x608.jpg\"><img loading=\"lazy\" decoding=\"async\" width=\"1080\" height=\"608\" src=\"https:\/\/www.ffw-berg.de\/wordpress\/wp-content\/uploads\/2019\/07\/kuppelcup2019_97-1080x608.jpg\" alt=\"\" data-id=\"215160\" data-link=\"https:\/\/www.ffw-berg.de\/wordpress\/kuppelcup2019_97\/\" class=\"wp-image-215160\" srcset=\"https:\/\/www.ffw-berg.de\/wordpress\/wp-content\/uploads\/2019\/07\/kuppelcup2019_97-1080x608.jpg 1080w, https:\/\/www.ffw-berg.de\/wordpress\/wp-content\/uploads\/2019\/07\/kuppelcup2019_97-120x68.jpg 120w, https:\/\/www.ffw-berg.de\/wordpress\/wp-content\/uploads\/2019\/07\/kuppelcup2019_97-300x169.jpg 300w, https:\/\/www.ffw-berg.de\/wordpress\/wp-content\/uploads\/2019\/07\/kuppelcup2019_97-768x432.jpg 768w, https:\/\/www.ffw-berg.de\/wordpress\/wp-content\/uploads\/2019\/07\/kuppelcup2019_97-678x381.jpg 678w, https:\/\/www.ffw-berg.de\/wordpress\/wp-content\/uploads\/2019\/07\/kuppelcup2019_97.jpg 1920w\" sizes=\"auto, (max-width: 1080px) 100vw, 1080px\" \/><\/a><\/figure><\/li><li class=\"blocks-gallery-item\"><figure><a href=\"https:\/\/www.ffw-berg.de\/wordpress\/wp-content\/uploads\/2019\/07\/kuppelcup2019_78-1080x608.jpg\"><img loading=\"lazy\" decoding=\"async\" width=\"1080\" height=\"608\" src=\"https:\/\/www.ffw-berg.de\/wordpress\/wp-content\/uploads\/2019\/07\/kuppelcup2019_78-1080x608.jpg\" alt=\"\" data-id=\"215159\" data-link=\"https:\/\/www.ffw-berg.de\/wordpress\/kuppelcup2019_78\/\" class=\"wp-image-215159\" srcset=\"https:\/\/www.ffw-berg.de\/wordpress\/wp-content\/uploads\/2019\/07\/kuppelcup2019_78-1080x608.jpg 1080w, https:\/\/www.ffw-berg.de\/wordpress\/wp-content\/uploads\/2019\/07\/kuppelcup2019_78-120x68.jpg 120w, https:\/\/www.ffw-berg.de\/wordpress\/wp-content\/uploads\/2019\/07\/kuppelcup2019_78-300x169.jpg 300w, https:\/\/www.ffw-berg.de\/wordpress\/wp-content\/uploads\/2019\/07\/kuppelcup2019_78-768x432.jpg 768w, https:\/\/www.ffw-berg.de\/wordpress\/wp-content\/uploads\/2019\/07\/kuppelcup2019_78-678x381.jpg 678w, https:\/\/www.ffw-berg.de\/wordpress\/wp-content\/uploads\/2019\/07\/kuppelcup2019_78.jpg 1920w\" sizes=\"auto, (max-width: 1080px) 100vw, 1080px\" \/><\/a><figcaption>Unser Damenteam schlug sich hervorragend!<\/figcaption><\/figure><\/li><\/ul>\n\n\n\n<p>Die Grundlage des Wettkampfes bildet die Richtlinie zur Leistungspr\u00fcfung \u201cDie Gruppe im L\u00f6scheinsatz\u201c. F\u00fcr Fehler erhielten die Gruppen vorher festgelegte Strafsekunden, welche auf die Gesamtzeit addiert.<\/p>\n\n\n\n<ul class=\"wp-block-gallery columns-2 is-cropped wp-block-gallery-3 is-layout-flex wp-block-gallery-is-layout-flex\"><li class=\"blocks-gallery-item\"><figure><img loading=\"lazy\" decoding=\"async\" width=\"1080\" height=\"608\" src=\"https:\/\/www.ffw-berg.de\/wordpress\/wp-content\/uploads\/2019\/07\/kuppelcup2019_74-1080x608.jpg\" alt=\"\" data-id=\"215158\" data-link=\"https:\/\/www.ffw-berg.de\/wordpress\/kuppelcup2019_74\/\" class=\"wp-image-215158\" srcset=\"https:\/\/www.ffw-berg.de\/wordpress\/wp-content\/uploads\/2019\/07\/kuppelcup2019_74-1080x608.jpg 1080w, https:\/\/www.ffw-berg.de\/wordpress\/wp-content\/uploads\/2019\/07\/kuppelcup2019_74-120x68.jpg 120w, https:\/\/www.ffw-berg.de\/wordpress\/wp-content\/uploads\/2019\/07\/kuppelcup2019_74-300x169.jpg 300w, https:\/\/www.ffw-berg.de\/wordpress\/wp-content\/uploads\/2019\/07\/kuppelcup2019_74-768x432.jpg 768w, https:\/\/www.ffw-berg.de\/wordpress\/wp-content\/uploads\/2019\/07\/kuppelcup2019_74-678x381.jpg 678w, https:\/\/www.ffw-berg.de\/wordpress\/wp-content\/uploads\/2019\/07\/kuppelcup2019_74.jpg 1920w\" sizes=\"auto, (max-width: 1080px) 100vw, 1080px\" \/><\/figure><\/li><li class=\"blocks-gallery-item\"><figure><img loading=\"lazy\" decoding=\"async\" width=\"512\" height=\"768\" src=\"https:\/\/www.ffw-berg.de\/wordpress\/wp-content\/uploads\/2019\/07\/kuppelcup2019_17-512x768.jpg\" alt=\"\" data-id=\"215155\" data-link=\"https:\/\/www.ffw-berg.de\/wordpress\/kuppelcup2019_17\/\" class=\"wp-image-215155\" srcset=\"https:\/\/www.ffw-berg.de\/wordpress\/wp-content\/uploads\/2019\/07\/kuppelcup2019_17-512x768.jpg 512w, https:\/\/www.ffw-berg.de\/wordpress\/wp-content\/uploads\/2019\/07\/kuppelcup2019_17-80x120.jpg 80w, https:\/\/www.ffw-berg.de\/wordpress\/wp-content\/uploads\/2019\/07\/kuppelcup2019_17-167x250.jpg 167w, https:\/\/www.ffw-berg.de\/wordpress\/wp-content\/uploads\/2019\/07\/kuppelcup2019_17-768x1152.jpg 768w, https:\/\/www.ffw-berg.de\/wordpress\/wp-content\/uploads\/2019\/07\/kuppelcup2019_17.jpg 1365w\" sizes=\"auto, (max-width: 512px) 100vw, 512px\" \/><\/figure><\/li><\/ul>\n\n\n\n<p>Im Anschluss an den zweiten Durchgang lie\u00dfen es sich einige der anwesenden F\u00fchrungsdienstgrade des Landkreises Hof nicht nehmen und zeigten ihr K\u00f6nnen beim Kuppeln der Saugleitung.<\/p>\n\n\n\n<ul class=\"wp-block-gallery columns-2 is-cropped wp-block-gallery-4 is-layout-flex wp-block-gallery-is-layout-flex\"><li class=\"blocks-gallery-item\"><figure><a href=\"https:\/\/www.ffw-berg.de\/wordpress\/wp-content\/uploads\/2019\/07\/kuppelcup2019_119-1080x608.jpg\"><img loading=\"lazy\" decoding=\"async\" width=\"1080\" height=\"608\" src=\"https:\/\/www.ffw-berg.de\/wordpress\/wp-content\/uploads\/2019\/07\/kuppelcup2019_119-1080x608.jpg\" alt=\"\" data-id=\"215162\" data-link=\"https:\/\/www.ffw-berg.de\/wordpress\/kuppelcup2019_119\/\" class=\"wp-image-215162\" srcset=\"https:\/\/www.ffw-berg.de\/wordpress\/wp-content\/uploads\/2019\/07\/kuppelcup2019_119-1080x608.jpg 1080w, https:\/\/www.ffw-berg.de\/wordpress\/wp-content\/uploads\/2019\/07\/kuppelcup2019_119-120x68.jpg 120w, https:\/\/www.ffw-berg.de\/wordpress\/wp-content\/uploads\/2019\/07\/kuppelcup2019_119-300x169.jpg 300w, https:\/\/www.ffw-berg.de\/wordpress\/wp-content\/uploads\/2019\/07\/kuppelcup2019_119-768x432.jpg 768w, https:\/\/www.ffw-berg.de\/wordpress\/wp-content\/uploads\/2019\/07\/kuppelcup2019_119-678x381.jpg 678w, https:\/\/www.ffw-berg.de\/wordpress\/wp-content\/uploads\/2019\/07\/kuppelcup2019_119.jpg 1920w\" sizes=\"auto, (max-width: 1080px) 100vw, 1080px\" \/><\/a><\/figure><\/li><li class=\"blocks-gallery-item\"><figure><a href=\"https:\/\/www.ffw-berg.de\/wordpress\/wp-content\/uploads\/2019\/07\/kuppelcup2019_120-1080x608.jpg\"><img loading=\"lazy\" decoding=\"async\" width=\"1080\" height=\"608\" src=\"https:\/\/www.ffw-berg.de\/wordpress\/wp-content\/uploads\/2019\/07\/kuppelcup2019_120-1080x608.jpg\" alt=\"\" data-id=\"215163\" data-link=\"https:\/\/www.ffw-berg.de\/wordpress\/kuppelcup2019_120\/\" class=\"wp-image-215163\" srcset=\"https:\/\/www.ffw-berg.de\/wordpress\/wp-content\/uploads\/2019\/07\/kuppelcup2019_120-1080x608.jpg 1080w, https:\/\/www.ffw-berg.de\/wordpress\/wp-content\/uploads\/2019\/07\/kuppelcup2019_120-120x68.jpg 120w, https:\/\/www.ffw-berg.de\/wordpress\/wp-content\/uploads\/2019\/07\/kuppelcup2019_120-300x169.jpg 300w, https:\/\/www.ffw-berg.de\/wordpress\/wp-content\/uploads\/2019\/07\/kuppelcup2019_120-768x432.jpg 768w, https:\/\/www.ffw-berg.de\/wordpress\/wp-content\/uploads\/2019\/07\/kuppelcup2019_120-678x381.jpg 678w, https:\/\/www.ffw-berg.de\/wordpress\/wp-content\/uploads\/2019\/07\/kuppelcup2019_120.jpg 1920w\" sizes=\"auto, (max-width: 1080px) 100vw, 1080px\" \/><\/a><\/figure><\/li><li class=\"blocks-gallery-item\"><figure><a href=\"https:\/\/www.ffw-berg.de\/wordpress\/wp-content\/uploads\/2019\/07\/kuppelcup2019_121-1080x608.jpg\"><img loading=\"lazy\" decoding=\"async\" width=\"1080\" height=\"608\" src=\"https:\/\/www.ffw-berg.de\/wordpress\/wp-content\/uploads\/2019\/07\/kuppelcup2019_121-1080x608.jpg\" alt=\"kuppelcup2019_121\" data-id=\"215164\" data-link=\"https:\/\/www.ffw-berg.de\/wordpress\/kuppelcup2019_121\/\" class=\"wp-image-215164\" srcset=\"https:\/\/www.ffw-berg.de\/wordpress\/wp-content\/uploads\/2019\/07\/kuppelcup2019_121-1080x608.jpg 1080w, https:\/\/www.ffw-berg.de\/wordpress\/wp-content\/uploads\/2019\/07\/kuppelcup2019_121-120x68.jpg 120w, https:\/\/www.ffw-berg.de\/wordpress\/wp-content\/uploads\/2019\/07\/kuppelcup2019_121-300x169.jpg 300w, https:\/\/www.ffw-berg.de\/wordpress\/wp-content\/uploads\/2019\/07\/kuppelcup2019_121-768x432.jpg 768w, https:\/\/www.ffw-berg.de\/wordpress\/wp-content\/uploads\/2019\/07\/kuppelcup2019_121-678x381.jpg 678w, https:\/\/www.ffw-berg.de\/wordpress\/wp-content\/uploads\/2019\/07\/kuppelcup2019_121.jpg 1920w\" sizes=\"auto, (max-width: 1080px) 100vw, 1080px\" \/><\/a><\/figure><\/li><\/ul>\n\n\n\n<p>Nach zwei engen Durchg\u00e4ngen konnten sich unsere beiden Gruppen Berg 1 und Berg 2 den 2. und 4. Platz in der Erwachsenenwertung sichern. <\/p>\n\n\n\n<ul class=\"wp-block-gallery columns-1 is-cropped wp-block-gallery-5 is-layout-flex wp-block-gallery-is-layout-flex\"><li class=\"blocks-gallery-item\"><figure><a href=\"https:\/\/www.ffw-berg.de\/wordpress\/wp-content\/uploads\/2019\/07\/kuppelcup2019_124-1080x608.jpg\"><img loading=\"lazy\" decoding=\"async\" width=\"1080\" height=\"608\" src=\"https:\/\/www.ffw-berg.de\/wordpress\/wp-content\/uploads\/2019\/07\/kuppelcup2019_124-1080x608.jpg\" alt=\"kuppelcup2019_124\" data-id=\"215166\" data-link=\"https:\/\/www.ffw-berg.de\/wordpress\/kuppelcup2019_124\/\" class=\"wp-image-215166\" srcset=\"https:\/\/www.ffw-berg.de\/wordpress\/wp-content\/uploads\/2019\/07\/kuppelcup2019_124-1080x608.jpg 1080w, https:\/\/www.ffw-berg.de\/wordpress\/wp-content\/uploads\/2019\/07\/kuppelcup2019_124-120x68.jpg 120w, https:\/\/www.ffw-berg.de\/wordpress\/wp-content\/uploads\/2019\/07\/kuppelcup2019_124-300x169.jpg 300w, https:\/\/www.ffw-berg.de\/wordpress\/wp-content\/uploads\/2019\/07\/kuppelcup2019_124-768x432.jpg 768w, https:\/\/www.ffw-berg.de\/wordpress\/wp-content\/uploads\/2019\/07\/kuppelcup2019_124-678x381.jpg 678w, https:\/\/www.ffw-berg.de\/wordpress\/wp-content\/uploads\/2019\/07\/kuppelcup2019_124.jpg 1920w\" sizes=\"auto, (max-width: 1080px) 100vw, 1080px\" \/><\/a><figcaption>Unsere Teams BERG 1 und 2<\/figcaption><\/figure><\/li><\/ul>\n\n\n\n<figure class=\"wp-block-image\"><a href=\"https:\/\/www.ffw-berg.de\/wordpress\/wp-content\/uploads\/2019\/07\/kuppelcup2019_123.jpg\"><img loading=\"lazy\" decoding=\"async\" width=\"1080\" height=\"608\" src=\"https:\/\/www.ffw-berg.de\/wordpress\/wp-content\/uploads\/2019\/07\/kuppelcup2019_123-1080x608.jpg\" alt=\"kuppelcup2019_123\" class=\"wp-image-215165\" srcset=\"https:\/\/www.ffw-berg.de\/wordpress\/wp-content\/uploads\/2019\/07\/kuppelcup2019_123-1080x608.jpg 1080w, https:\/\/www.ffw-berg.de\/wordpress\/wp-content\/uploads\/2019\/07\/kuppelcup2019_123-120x68.jpg 120w, https:\/\/www.ffw-berg.de\/wordpress\/wp-content\/uploads\/2019\/07\/kuppelcup2019_123-300x169.jpg 300w, https:\/\/www.ffw-berg.de\/wordpress\/wp-content\/uploads\/2019\/07\/kuppelcup2019_123-768x432.jpg 768w, https:\/\/www.ffw-berg.de\/wordpress\/wp-content\/uploads\/2019\/07\/kuppelcup2019_123-678x381.jpg 678w, https:\/\/www.ffw-berg.de\/wordpress\/wp-content\/uploads\/2019\/07\/kuppelcup2019_123.jpg 1920w\" sizes=\"auto, (max-width: 1080px) 100vw, 1080px\" \/><\/a><figcaption>Gruppenbild vom 8. Kuppel-Cup 2019<\/figcaption><\/figure>\n\n\n\n<p style=\"text-align:center\"><strong>Den Gesamtsieg holte sich die Feuerwehr Kautendorf. <\/strong><\/p>\n\n\n\n<p style=\"text-align:center\">Herzlichen Gl\u00fcckwunsch nochmals an dieser Stelle!<\/p>\n\n\n\n<p class=\"has-small-font-size\">Kurzbericht: Maximilian Schaller<\/p>\n\n\n\n<hr class=\"wp-block-separator is-style-wide\"\/>\n\n\n\n<h4 class=\"wp-block-heading\" style=\"text-align:center\">Alle Bilder in unserem Album bei<\/h4>\n\n\n\n<figure class=\"wp-block-embed is-type-rich is-provider-google-photos\"><div class=\"wp-block-embed__wrapper\">\n<blockquote class=\"embedly-card\" data-card-controls=\"0\" data-card-align=\"center\" data-card-theme=\"light\"><h4><a href=\"https:\/\/photos.app.goo.gl\/JJiNerqqeraYnc6p6\">No Title<\/a><\/h4><p>No Description<\/p><\/blockquote><script async src=\"\/\/cdn.embedly.com\/widgets\/platform.js\" charset=\"UTF-8\"><\/script>\n<\/div><\/figure>\n\n\n\n<hr class=\"wp-block-separator is-style-wide\"\/>\n\n\n\n<h4 class=\"wp-block-heading\">Erwachsenenwertung:<\/h4>\n\n\n\n<div class=\"wp-block-columns has-2-columns is-layout-flex wp-container-core-columns-is-layout-9d6595d7 wp-block-columns-is-layout-flex\">\n<div class=\"wp-block-column is-layout-flow wp-block-column-is-layout-flow\">\n<p class=\"has-background has-luminous-vivid-amber-background-color\"><strong>1. Platz<\/strong><\/p>\n\n\n\n<p class=\"has-background has-very-light-gray-background-color\"><strong>2. Platz<\/strong><\/p>\n\n\n\n<p class=\"has-background has-luminous-vivid-orange-background-color\"><strong>3. Platz<\/strong><\/p>\n<\/div>\n\n\n\n<div class=\"wp-block-column is-layout-flow wp-block-column-is-layout-flow\">\n<p class=\"has-background has-luminous-vivid-amber-background-color\">Feuerwehr Kautendorf<\/p>\n\n\n\n<p class=\"has-background has-very-light-gray-background-color\">Feuerwehr Berg 1<\/p>\n\n\n\n<p class=\"has-background has-luminous-vivid-orange-background-color\">Feuerwehr Bruck\/Gottsmannsgr\u00fcn<\/p>\n<\/div>\n<\/div>\n\n\n\n<h4 class=\"wp-block-heading\">Jugendwertung:&nbsp;<\/h4>\n\n\n\n<div class=\"wp-block-columns has-2-columns is-layout-flex wp-container-core-columns-is-layout-9d6595d7 wp-block-columns-is-layout-flex\">\n<div class=\"wp-block-column is-layout-flow wp-block-column-is-layout-flow\">\n<p><strong>1. Platz<\/strong><\/p>\n<\/div>\n\n\n\n<div class=\"wp-block-column is-layout-flow wp-block-column-is-layout-flow\">\n<p>Feuerwehr Zedtwitz<\/p>\n<\/div>\n<\/div>\n\n\n\n<h4 class=\"wp-block-heading\">G\u00e4stewertung:<\/h4>\n\n\n\n<div class=\"wp-block-columns has-2-columns is-layout-flex wp-container-core-columns-is-layout-9d6595d7 wp-block-columns-is-layout-flex\">\n<div class=\"wp-block-column is-layout-flow wp-block-column-is-layout-flow\">\n<p><strong>1. Platz<\/strong><\/p>\n\n\n\n<p><strong>2. Platz<\/strong><\/p>\n<\/div>\n\n\n\n<div class=\"wp-block-column is-layout-flow wp-block-column-is-layout-flow\">\n<p>Feuerwehr H\u00f6fen-Waizendorf<\/p>\n\n\n\n<p>Feuerwehr Ranspach<\/p>\n<\/div>\n<\/div>\n","protected":false},"excerpt":{"rendered":"<div class=\"mh-excerpt\">Ausrichter war in diesem Jahr die Feuerwehr Gottsmannsgr\u00fcn, welche im vergangenen Jahr den Kuppelcup f\u00fcr sich entscheiden konnte. Insgesamt 9 Gruppen nahmen am Wettkampf teil, welche sich in acht Erwachsenen- und eine Jugendgruppe aufteilten. Das einzige Damen-Team stellte die FF Berg.<\/div>\n<p> <a class=\"mh-excerpt-more\" href=\"https:\/\/www.ffw-berg.de\/wordpress\/8-kuppel-cup-2019\/\" title=\"8. Kuppel-Cup 2019\">[  Mehr &gt;&gt; ]<\/a><\/p>\n","protected":false},"author":2,"featured_media":215159,"comment_status":"closed","ping_status":"open","sticky":false,"template":"","format":"standard","meta":{"footnotes":""},"categories":[1016,139],"tags":[115,116,403,939,1017,1018,1024],"class_list":{"0":"post-215140","1":"post","2":"type-post","3":"status-publish","4":"format-standard","5":"has-post-thumbnail","7":"category-kuppel-cup-2019","8":"category-kuppelcup","9":"tag-landkreis-hof","10":"tag-stadt-hof","11":"tag-gottsmannsgruen","12":"tag-kuppelcup","13":"tag-kuppelcup-2019","14":"tag-damenteam","15":"tag-kc2019"},"_links":{"self":[{"href":"https:\/\/www.ffw-berg.de\/wordpress\/wp-json\/wp\/v2\/posts\/215140","targetHints":{"allow":["GET"]}}],"collection":[{"href":"https:\/\/www.ffw-berg.de\/wordpress\/wp-json\/wp\/v2\/posts"}],"about":[{"href":"https:\/\/www.ffw-berg.de\/wordpress\/wp-json\/wp\/v2\/types\/post"}],"author":[{"embeddable":true,"href":"https:\/\/www.ffw-berg.de\/wordpress\/wp-json\/wp\/v2\/users\/2"}],"replies":[{"embeddable":true,"href":"https:\/\/www.ffw-berg.de\/wordpress\/wp-json\/wp\/v2\/comments?post=215140"}],"version-history":[{"count":0,"href":"https:\/\/www.ffw-berg.de\/wordpress\/wp-json\/wp\/v2\/posts\/215140\/revisions"}],"wp:featuredmedia":[{"embeddable":true,"href":"https:\/\/www.ffw-berg.de\/wordpress\/wp-json\/wp\/v2\/media\/215159"}],"wp:attachment":[{"href":"https:\/\/www.ffw-berg.de\/wordpress\/wp-json\/wp\/v2\/media?parent=215140"}],"wp:term":[{"taxonomy":"category","embeddable":true,"href":"https:\/\/www.ffw-berg.de\/wordpress\/wp-json\/wp\/v2\/categories?post=215140"},{"taxonomy":"post_tag","embeddable":true,"href":"https:\/\/www.ffw-berg.de\/wordpress\/wp-json\/wp\/v2\/tags?post=215140"}],"curies":[{"name":"wp","href":"https:\/\/api.w.org\/{rel}","templated":true}]}}