{"id":215172,"date":"2019-08-13T20:12:54","date_gmt":"2019-08-13T18:12:54","guid":{"rendered":"https:\/\/www.ffw-berg.de\/wordpress\/?p=215172"},"modified":"2019-12-31T22:25:52","modified_gmt":"2019-12-31T21:25:52","slug":"einsatz-vom-13-08-19-oelspur-auf-fahrbahn","status":"publish","type":"post","link":"https:\/\/www.ffw-berg.de\/wordpress\/einsatz-vom-13-08-19-oelspur-auf-fahrbahn\/","title":{"rendered":"Einsatz vom 13.08.19 &#8211; \u00d6lspur auf Fahrbahn"},"content":{"rendered":"\n<div class=\"wp-block-columns has-2-columns is-layout-flex wp-container-core-columns-is-layout-9d6595d7 wp-block-columns-is-layout-flex\">\n<div class=\"wp-block-column is-layout-flow wp-block-column-is-layout-flow\">\n<p style=\"color:#800000\" class=\"has-text-color\"><strong>Nr.<\/strong><\/p>\n\n\n\n<p style=\"color:#800000\" class=\"has-text-color\"><strong>Alarmzeit<\/strong><\/p>\n\n\n\n<p style=\"color:#800000\" class=\"has-text-color\"><strong>Einsatzdauer<\/strong><\/p>\n\n\n\n<p style=\"color:#800000\" class=\"has-text-color\"><strong>Einsatzort<\/strong><\/p>\n\n\n\n<p style=\"color:#800000\" class=\"has-text-color\"><strong>Einsatzart&nbsp;<\/strong><\/p>\n\n\n\n<p style=\"color:#800000\" class=\"has-text-color\"><strong>Eingesetzte Fahrzeuge&nbsp;<\/strong><\/p>\n\n\n\n<p style=\"color:#800000\" class=\"has-text-color\"><strong>Einsatzmittel<\/strong><\/p>\n<\/div>\n\n\n\n<div class=\"wp-block-column is-layout-flow wp-block-column-is-layout-flow\">\n<p>47<\/p>\n\n\n\n<p>20.12 Uhr<\/p>\n\n\n\n<p>1,83 Std.<\/p>\n\n\n\n<p>Hofer Stra\u00dfe, Berg<\/p>\n\n\n\n<p>THL 1 | \u00d6l auf Fahrbahn<\/p>\n\n\n\n<p>HLF20, LF 8\/6, MTW, MZF, \u00d6SA<\/p>\n\n\n\n<p>Kommunikationsmittel, Verkehrssicherungsmittel, Beleuchtungsger\u00e4t, Chemische \u00d6lbindemittel<\/p>\n<\/div>\n<\/div>\n\n\n\n<hr class=\"wp-block-separator is-style-wide\"\/>\n\n\n\n<h4 class=\"wp-block-heading\">Einsatzbericht<\/h4>\n\n\n\n<p>Die Feuerwehr Berg wurde auf die ST 2692 in H\u00f6he der Abzweigung zum Autohof auf Grund einer \u00d6lspur alarmiert.<\/p>\n\n\n\n<p>Ein LKW hatte hier wegen eines Motorschadens eine gro\u00dfe Menge Getriebe\u00f6l verloren und die Fahrbahn auf ca. 20 Quadratmeter verschmutzt. Durch die Feuerwehr wurde zun\u00e4chst die Einsatzstelle abgesichert und der Verkehr wechselseitig an der Einsatzstelle vorbei gef\u00fchrt. Des weiteren wurde die Fahrbahn mehrmals mit \u00d6lbindemittel eingestreut und abgekehrt.<br \/>Anschlie\u00dfend wurde die Einsatzstelle an den zust\u00e4ndigen Stra\u00dfenbaulasttr\u00e4ger \u00fcbergeben.<\/p>\n\n\n\n<h4 class=\"wp-block-heading\" style=\"text-align:center\">Einsatzfotos<\/h4>\n\n\n\n<figure class=\"wp-block-image\"><a href=\"https:\/\/www.ffw-berg.de\/wordpress\/wp-content\/uploads\/2019\/08\/2019-08-13_thl.jpg\"><img loading=\"lazy\" decoding=\"async\" width=\"1080\" height=\"608\" src=\"https:\/\/www.ffw-berg.de\/wordpress\/wp-content\/uploads\/2019\/08\/2019-08-13_thl-1080x608.jpg\" alt=\"2019-08-13_thl\" class=\"wp-image-215177\" srcset=\"https:\/\/www.ffw-berg.de\/wordpress\/wp-content\/uploads\/2019\/08\/2019-08-13_thl-1080x608.jpg 1080w, https:\/\/www.ffw-berg.de\/wordpress\/wp-content\/uploads\/2019\/08\/2019-08-13_thl-120x68.jpg 120w, https:\/\/www.ffw-berg.de\/wordpress\/wp-content\/uploads\/2019\/08\/2019-08-13_thl-300x169.jpg 300w, https:\/\/www.ffw-berg.de\/wordpress\/wp-content\/uploads\/2019\/08\/2019-08-13_thl-768x432.jpg 768w, https:\/\/www.ffw-berg.de\/wordpress\/wp-content\/uploads\/2019\/08\/2019-08-13_thl-678x381.jpg 678w, https:\/\/www.ffw-berg.de\/wordpress\/wp-content\/uploads\/2019\/08\/2019-08-13_thl.jpg 1920w\" sizes=\"auto, (max-width: 1080px) 100vw, 1080px\" \/><\/a><\/figure>\n","protected":false},"excerpt":{"rendered":"<div class=\"mh-excerpt\">Nr. 47 | Zeit: 20.12 Uhr | Hofer Stra\u00dfe, Berg | THL<\/p>\n<p>Eingesetzte Fahrzeuge:<br \/>\nHLF20, LF 8\/6, MTW, MZF, \u00d6SA<\/p><\/div>\n<p> <a class=\"mh-excerpt-more\" href=\"https:\/\/www.ffw-berg.de\/wordpress\/einsatz-vom-13-08-19-oelspur-auf-fahrbahn\/\" title=\"Einsatz vom 13.08.19 &#8211; \u00d6lspur auf Fahrbahn\">[  Mehr &gt;&gt; ]<\/a><\/p>\n","protected":false},"author":2,"featured_media":215177,"comment_status":"closed","ping_status":"open","sticky":false,"template":"","format":"standard","meta":{"footnotes":""},"categories":[849],"tags":[78,79,82,363,364,147,365,168,198,894],"class_list":{"0":"post-215172","1":"post","2":"type-post","3":"status-publish","4":"format-standard","5":"has-post-thumbnail","7":"category-einsaetze-2019","8":"tag-thl","9":"tag-oelbindemittel","10":"tag-lf86","11":"tag-mzf","12":"tag-mtw","13":"tag-kommunikationsmittel","14":"tag-oesa","15":"tag-beleuchtungsgeraete","16":"tag-verkehrssicherungsmittel","17":"tag-hlf20"},"_links":{"self":[{"href":"https:\/\/www.ffw-berg.de\/wordpress\/wp-json\/wp\/v2\/posts\/215172","targetHints":{"allow":["GET"]}}],"collection":[{"href":"https:\/\/www.ffw-berg.de\/wordpress\/wp-json\/wp\/v2\/posts"}],"about":[{"href":"https:\/\/www.ffw-berg.de\/wordpress\/wp-json\/wp\/v2\/types\/post"}],"author":[{"embeddable":true,"href":"https:\/\/www.ffw-berg.de\/wordpress\/wp-json\/wp\/v2\/users\/2"}],"replies":[{"embeddable":true,"href":"https:\/\/www.ffw-berg.de\/wordpress\/wp-json\/wp\/v2\/comments?post=215172"}],"version-history":[{"count":0,"href":"https:\/\/www.ffw-berg.de\/wordpress\/wp-json\/wp\/v2\/posts\/215172\/revisions"}],"wp:featuredmedia":[{"embeddable":true,"href":"https:\/\/www.ffw-berg.de\/wordpress\/wp-json\/wp\/v2\/media\/215177"}],"wp:attachment":[{"href":"https:\/\/www.ffw-berg.de\/wordpress\/wp-json\/wp\/v2\/media?parent=215172"}],"wp:term":[{"taxonomy":"category","embeddable":true,"href":"https:\/\/www.ffw-berg.de\/wordpress\/wp-json\/wp\/v2\/categories?post=215172"},{"taxonomy":"post_tag","embeddable":true,"href":"https:\/\/www.ffw-berg.de\/wordpress\/wp-json\/wp\/v2\/tags?post=215172"}],"curies":[{"name":"wp","href":"https:\/\/api.w.org\/{rel}","templated":true}]}}