{"id":215207,"date":"2019-09-10T16:22:39","date_gmt":"2019-09-10T14:22:39","guid":{"rendered":"https:\/\/www.ffw-berg.de\/wordpress\/?p=215207"},"modified":"2019-12-31T22:31:36","modified_gmt":"2019-12-31T21:31:36","slug":"einsatz-vom-10-09-19-vu-mit-lkw","status":"publish","type":"post","link":"https:\/\/www.ffw-berg.de\/wordpress\/einsatz-vom-10-09-19-vu-mit-lkw\/","title":{"rendered":"Einsatz vom 10.09.19 &#8211; VU mit LKW"},"content":{"rendered":"\n<div class=\"wp-block-columns has-2-columns is-layout-flex wp-container-core-columns-is-layout-9d6595d7 wp-block-columns-is-layout-flex\">\n<div class=\"wp-block-column is-layout-flow wp-block-column-is-layout-flow\">\n<p style=\"color:#800000\" class=\"has-text-color\"><strong>Nr.:<\/strong><\/p>\n\n\n\n<p style=\"color:#800000\" class=\"has-text-color\"><strong>Alarmzeit:<\/strong><\/p>\n\n\n\n<p style=\"color:#800000\" class=\"has-text-color\"><strong>Einsatzdauer:<\/strong><\/p>\n\n\n\n<p style=\"color:#800000\" class=\"has-text-color\"><strong>Einsatzort:<\/strong><\/p>\n\n\n\n<p style=\"color:#800000\" class=\"has-text-color\"><strong>Einsatzart:<\/strong><\/p>\n\n\n\n<p style=\"color:#800000\" class=\"has-text-color\"><strong>Eingesetzte Fahrzeuge:<\/strong><\/p>\n\n\n\n<p style=\"color:#800000\" class=\"has-text-color\"><strong>Einsatzmittel:<\/strong><br \/><\/p>\n<\/div>\n\n\n\n<div class=\"wp-block-column is-layout-flow wp-block-column-is-layout-flow\">\n<p>52<\/p>\n\n\n\n<p>16.22 Uhr<\/p>\n\n\n\n<p>3,38 Std.<\/p>\n\n\n\n<p>BAB A9 Fahrtrichtung Norden<\/p>\n\n\n\n<p>THL 4 | VU LKW, Person eingeklemmt<\/p>\n\n\n\n<p>HLF20, LF 8\/6, MTW, MZF, VSA<\/p>\n\n\n\n<p>C-\/D-Rohre, Fahrzeugl\u00f6schwasser 500 ltr., Kommunikationsger\u00e4t, &nbsp;Verkehrslenkungsmittel, Notfallkoffer<br \/><\/p>\n<\/div>\n<\/div>\n\n\n\n<hr class=\"wp-block-separator is-style-wide\"\/>\n\n\n\n<h4 class=\"wp-block-heading\"><strong>Einsatzbericht<\/strong><\/h4>\n\n\n\n<p>Die Feuerwehr Berg wurde zusammen mit den Feuerwehren aus K\u00f6ditz und Selbitz sowie dem THW Naila zu einem schweren Verkehrsunfall mit zwei beteiligten LKW alarmiert.<\/p>\n\n\n\n<p>Bei Eintreffen der ersten Kr\u00e4fte ergab sich folgende Lage. Ein LKW, der auf der BAB 9 in Richtung S\u00fcden unterwegs war, fuhr auf einen 2. LKW auf, schleuderte daraufhin \u00fcber die drei Fahrspuren und kam schlie\u00dflich auf der Mittelleitplanke zum stehen.<\/p>\n\n\n\n<p>Der Verletzte LKW-Fahrer wurde bereits durch Ersthelfer aus seinem Fahrzeug befreit und am Stra\u00dfenrand von diesen betreut. Weitere Erste Hilfe Ma\u00dfnahmen wurden dann vom Sanit\u00e4tspersonal der Feuerwehr \u00fcbernommen bis der Rettungsdienst eingetraf. Die BAB 9 musste aufgrund des gro\u00dfen Tr\u00fcmmerfeldes und der Verunreinigung durch Betriebsstoffe in beide Richtungen \u00fcber mehrere Stunden voll gesperrt werden. Nach der Unfallaufnahme durch die Polizei wurde die Fahrbahn von groben Schmutz gereinigt und die Einsatzstelle an die Polizei und den Stra\u00dfenbaulasttr\u00e4ger \u00fcbergeben.<\/p>\n\n\n\n<h4 class=\"has-text-align-center wp-block-heading\">Einsatzfotos<\/h4>\n\n\n\n<figure class=\"wp-block-gallery columns-2 is-cropped wp-block-gallery-1 is-layout-flex wp-block-gallery-is-layout-flex\"><ul class=\"blocks-gallery-grid\"><li class=\"blocks-gallery-item\"><figure><a href=\"https:\/\/www.ffw-berg.de\/wordpress\/wp-content\/uploads\/2019\/10\/2019_09_10_vu1-1080x608.jpg\"><img loading=\"lazy\" decoding=\"async\" width=\"1080\" height=\"608\" src=\"https:\/\/www.ffw-berg.de\/wordpress\/wp-content\/uploads\/2019\/10\/2019_09_10_vu1-1080x608.jpg\" alt=\"\" data-id=\"215227\" data-link=\"https:\/\/www.ffw-berg.de\/wordpress\/2019_09_10_vu1\/\" class=\"wp-image-215227\" srcset=\"https:\/\/www.ffw-berg.de\/wordpress\/wp-content\/uploads\/2019\/10\/2019_09_10_vu1-1080x608.jpg 1080w, https:\/\/www.ffw-berg.de\/wordpress\/wp-content\/uploads\/2019\/10\/2019_09_10_vu1-120x68.jpg 120w, https:\/\/www.ffw-berg.de\/wordpress\/wp-content\/uploads\/2019\/10\/2019_09_10_vu1-300x169.jpg 300w, https:\/\/www.ffw-berg.de\/wordpress\/wp-content\/uploads\/2019\/10\/2019_09_10_vu1-768x432.jpg 768w, https:\/\/www.ffw-berg.de\/wordpress\/wp-content\/uploads\/2019\/10\/2019_09_10_vu1-678x381.jpg 678w, https:\/\/www.ffw-berg.de\/wordpress\/wp-content\/uploads\/2019\/10\/2019_09_10_vu1.jpg 1920w\" sizes=\"auto, (max-width: 1080px) 100vw, 1080px\" \/><\/a><\/figure><\/li><li class=\"blocks-gallery-item\"><figure><a href=\"https:\/\/www.ffw-berg.de\/wordpress\/wp-content\/uploads\/2019\/10\/2019_09_10_vu0-1080x608.jpg\"><img loading=\"lazy\" decoding=\"async\" width=\"1080\" height=\"608\" src=\"https:\/\/www.ffw-berg.de\/wordpress\/wp-content\/uploads\/2019\/10\/2019_09_10_vu0-1080x608.jpg\" alt=\"\" data-id=\"215226\" data-link=\"https:\/\/www.ffw-berg.de\/wordpress\/2019_09_10_vu0\/\" class=\"wp-image-215226\" srcset=\"https:\/\/www.ffw-berg.de\/wordpress\/wp-content\/uploads\/2019\/10\/2019_09_10_vu0-1080x608.jpg 1080w, https:\/\/www.ffw-berg.de\/wordpress\/wp-content\/uploads\/2019\/10\/2019_09_10_vu0-120x68.jpg 120w, https:\/\/www.ffw-berg.de\/wordpress\/wp-content\/uploads\/2019\/10\/2019_09_10_vu0-300x169.jpg 300w, https:\/\/www.ffw-berg.de\/wordpress\/wp-content\/uploads\/2019\/10\/2019_09_10_vu0-768x432.jpg 768w, https:\/\/www.ffw-berg.de\/wordpress\/wp-content\/uploads\/2019\/10\/2019_09_10_vu0-678x381.jpg 678w, https:\/\/www.ffw-berg.de\/wordpress\/wp-content\/uploads\/2019\/10\/2019_09_10_vu0.jpg 1920w\" sizes=\"auto, (max-width: 1080px) 100vw, 1080px\" \/><\/a><\/figure><\/li><li class=\"blocks-gallery-item\"><figure><a href=\"https:\/\/www.ffw-berg.de\/wordpress\/wp-content\/uploads\/2019\/10\/2019_09_10_vu2-1080x608.jpg\"><img loading=\"lazy\" decoding=\"async\" width=\"1080\" height=\"608\" src=\"https:\/\/www.ffw-berg.de\/wordpress\/wp-content\/uploads\/2019\/10\/2019_09_10_vu2-1080x608.jpg\" alt=\"\" data-id=\"215228\" data-link=\"https:\/\/www.ffw-berg.de\/wordpress\/2019_09_10_vu2\/\" class=\"wp-image-215228\" srcset=\"https:\/\/www.ffw-berg.de\/wordpress\/wp-content\/uploads\/2019\/10\/2019_09_10_vu2-1080x608.jpg 1080w, https:\/\/www.ffw-berg.de\/wordpress\/wp-content\/uploads\/2019\/10\/2019_09_10_vu2-120x68.jpg 120w, https:\/\/www.ffw-berg.de\/wordpress\/wp-content\/uploads\/2019\/10\/2019_09_10_vu2-300x169.jpg 300w, https:\/\/www.ffw-berg.de\/wordpress\/wp-content\/uploads\/2019\/10\/2019_09_10_vu2-768x432.jpg 768w, https:\/\/www.ffw-berg.de\/wordpress\/wp-content\/uploads\/2019\/10\/2019_09_10_vu2-678x381.jpg 678w, https:\/\/www.ffw-berg.de\/wordpress\/wp-content\/uploads\/2019\/10\/2019_09_10_vu2.jpg 1920w\" sizes=\"auto, (max-width: 1080px) 100vw, 1080px\" \/><\/a><\/figure><\/li><li class=\"blocks-gallery-item\"><figure><a href=\"https:\/\/www.ffw-berg.de\/wordpress\/wp-content\/uploads\/2019\/10\/2019_09_10_vu5-1080x608.jpg\"><img loading=\"lazy\" decoding=\"async\" width=\"1080\" height=\"608\" src=\"https:\/\/www.ffw-berg.de\/wordpress\/wp-content\/uploads\/2019\/10\/2019_09_10_vu5-1080x608.jpg\" alt=\"\" data-id=\"215231\" data-link=\"https:\/\/www.ffw-berg.de\/wordpress\/2019_09_10_vu5\/\" class=\"wp-image-215231\" srcset=\"https:\/\/www.ffw-berg.de\/wordpress\/wp-content\/uploads\/2019\/10\/2019_09_10_vu5-1080x608.jpg 1080w, https:\/\/www.ffw-berg.de\/wordpress\/wp-content\/uploads\/2019\/10\/2019_09_10_vu5-120x68.jpg 120w, https:\/\/www.ffw-berg.de\/wordpress\/wp-content\/uploads\/2019\/10\/2019_09_10_vu5-300x169.jpg 300w, https:\/\/www.ffw-berg.de\/wordpress\/wp-content\/uploads\/2019\/10\/2019_09_10_vu5-768x432.jpg 768w, https:\/\/www.ffw-berg.de\/wordpress\/wp-content\/uploads\/2019\/10\/2019_09_10_vu5-678x381.jpg 678w, https:\/\/www.ffw-berg.de\/wordpress\/wp-content\/uploads\/2019\/10\/2019_09_10_vu5.jpg 1920w\" sizes=\"auto, (max-width: 1080px) 100vw, 1080px\" \/><\/a><\/figure><\/li><li class=\"blocks-gallery-item\"><figure><a href=\"https:\/\/www.ffw-berg.de\/wordpress\/wp-content\/uploads\/2019\/10\/2019_09_10_vu3-1080x608.jpg\"><img loading=\"lazy\" decoding=\"async\" width=\"1080\" height=\"608\" src=\"https:\/\/www.ffw-berg.de\/wordpress\/wp-content\/uploads\/2019\/10\/2019_09_10_vu3-1080x608.jpg\" alt=\"\" data-id=\"215229\" data-link=\"https:\/\/www.ffw-berg.de\/wordpress\/2019_09_10_vu3\/\" class=\"wp-image-215229\" srcset=\"https:\/\/www.ffw-berg.de\/wordpress\/wp-content\/uploads\/2019\/10\/2019_09_10_vu3-1080x608.jpg 1080w, https:\/\/www.ffw-berg.de\/wordpress\/wp-content\/uploads\/2019\/10\/2019_09_10_vu3-120x68.jpg 120w, https:\/\/www.ffw-berg.de\/wordpress\/wp-content\/uploads\/2019\/10\/2019_09_10_vu3-300x169.jpg 300w, https:\/\/www.ffw-berg.de\/wordpress\/wp-content\/uploads\/2019\/10\/2019_09_10_vu3-768x432.jpg 768w, https:\/\/www.ffw-berg.de\/wordpress\/wp-content\/uploads\/2019\/10\/2019_09_10_vu3-678x381.jpg 678w, https:\/\/www.ffw-berg.de\/wordpress\/wp-content\/uploads\/2019\/10\/2019_09_10_vu3.jpg 1920w\" sizes=\"auto, (max-width: 1080px) 100vw, 1080px\" \/><\/a><\/figure><\/li><li class=\"blocks-gallery-item\"><figure><a href=\"https:\/\/www.ffw-berg.de\/wordpress\/wp-content\/uploads\/2019\/10\/2019_09_10_vu6-1080x608.jpg\"><img loading=\"lazy\" decoding=\"async\" width=\"1080\" height=\"608\" src=\"https:\/\/www.ffw-berg.de\/wordpress\/wp-content\/uploads\/2019\/10\/2019_09_10_vu6-1080x608.jpg\" alt=\"\" data-id=\"215232\" data-link=\"https:\/\/www.ffw-berg.de\/wordpress\/2019_09_10_vu6\/\" class=\"wp-image-215232\" srcset=\"https:\/\/www.ffw-berg.de\/wordpress\/wp-content\/uploads\/2019\/10\/2019_09_10_vu6-1080x608.jpg 1080w, https:\/\/www.ffw-berg.de\/wordpress\/wp-content\/uploads\/2019\/10\/2019_09_10_vu6-120x68.jpg 120w, https:\/\/www.ffw-berg.de\/wordpress\/wp-content\/uploads\/2019\/10\/2019_09_10_vu6-300x169.jpg 300w, https:\/\/www.ffw-berg.de\/wordpress\/wp-content\/uploads\/2019\/10\/2019_09_10_vu6-768x432.jpg 768w, https:\/\/www.ffw-berg.de\/wordpress\/wp-content\/uploads\/2019\/10\/2019_09_10_vu6-678x381.jpg 678w, https:\/\/www.ffw-berg.de\/wordpress\/wp-content\/uploads\/2019\/10\/2019_09_10_vu6.jpg 1920w\" sizes=\"auto, (max-width: 1080px) 100vw, 1080px\" \/><\/a><\/figure><\/li><li class=\"blocks-gallery-item\"><figure><a href=\"https:\/\/www.ffw-berg.de\/wordpress\/wp-content\/uploads\/2019\/10\/2019_09_10_vu4-1080x608.jpg\"><img loading=\"lazy\" decoding=\"async\" width=\"1080\" height=\"608\" src=\"https:\/\/www.ffw-berg.de\/wordpress\/wp-content\/uploads\/2019\/10\/2019_09_10_vu4-1080x608.jpg\" alt=\"\" data-id=\"215230\" data-link=\"https:\/\/www.ffw-berg.de\/wordpress\/2019_09_10_vu4\/\" class=\"wp-image-215230\" srcset=\"https:\/\/www.ffw-berg.de\/wordpress\/wp-content\/uploads\/2019\/10\/2019_09_10_vu4-1080x608.jpg 1080w, https:\/\/www.ffw-berg.de\/wordpress\/wp-content\/uploads\/2019\/10\/2019_09_10_vu4-120x68.jpg 120w, https:\/\/www.ffw-berg.de\/wordpress\/wp-content\/uploads\/2019\/10\/2019_09_10_vu4-300x169.jpg 300w, https:\/\/www.ffw-berg.de\/wordpress\/wp-content\/uploads\/2019\/10\/2019_09_10_vu4-768x432.jpg 768w, https:\/\/www.ffw-berg.de\/wordpress\/wp-content\/uploads\/2019\/10\/2019_09_10_vu4-678x381.jpg 678w, https:\/\/www.ffw-berg.de\/wordpress\/wp-content\/uploads\/2019\/10\/2019_09_10_vu4.jpg 1920w\" sizes=\"auto, (max-width: 1080px) 100vw, 1080px\" \/><\/a><\/figure><\/li><li class=\"blocks-gallery-item\"><figure><a href=\"https:\/\/www.ffw-berg.de\/wordpress\/wp-content\/uploads\/2019\/10\/2019_09_10_vu8-1080x608.jpg\"><img loading=\"lazy\" decoding=\"async\" width=\"1080\" height=\"608\" src=\"https:\/\/www.ffw-berg.de\/wordpress\/wp-content\/uploads\/2019\/10\/2019_09_10_vu8-1080x608.jpg\" alt=\"\" data-id=\"215234\" data-link=\"https:\/\/www.ffw-berg.de\/wordpress\/2019_09_10_vu8\/\" class=\"wp-image-215234\" srcset=\"https:\/\/www.ffw-berg.de\/wordpress\/wp-content\/uploads\/2019\/10\/2019_09_10_vu8-1080x608.jpg 1080w, https:\/\/www.ffw-berg.de\/wordpress\/wp-content\/uploads\/2019\/10\/2019_09_10_vu8-120x68.jpg 120w, https:\/\/www.ffw-berg.de\/wordpress\/wp-content\/uploads\/2019\/10\/2019_09_10_vu8-300x169.jpg 300w, https:\/\/www.ffw-berg.de\/wordpress\/wp-content\/uploads\/2019\/10\/2019_09_10_vu8-768x432.jpg 768w, https:\/\/www.ffw-berg.de\/wordpress\/wp-content\/uploads\/2019\/10\/2019_09_10_vu8-678x381.jpg 678w, https:\/\/www.ffw-berg.de\/wordpress\/wp-content\/uploads\/2019\/10\/2019_09_10_vu8.jpg 1920w\" sizes=\"auto, (max-width: 1080px) 100vw, 1080px\" \/><\/a><\/figure><\/li><li class=\"blocks-gallery-item\"><figure><a href=\"https:\/\/www.ffw-berg.de\/wordpress\/wp-content\/uploads\/2019\/10\/2019_09_10_vu7-1080x608.jpg\"><img loading=\"lazy\" decoding=\"async\" width=\"1080\" height=\"608\" src=\"https:\/\/www.ffw-berg.de\/wordpress\/wp-content\/uploads\/2019\/10\/2019_09_10_vu7-1080x608.jpg\" alt=\"\" data-id=\"215233\" data-link=\"https:\/\/www.ffw-berg.de\/wordpress\/2019_09_10_vu7\/\" class=\"wp-image-215233\" srcset=\"https:\/\/www.ffw-berg.de\/wordpress\/wp-content\/uploads\/2019\/10\/2019_09_10_vu7-1080x608.jpg 1080w, https:\/\/www.ffw-berg.de\/wordpress\/wp-content\/uploads\/2019\/10\/2019_09_10_vu7-120x68.jpg 120w, https:\/\/www.ffw-berg.de\/wordpress\/wp-content\/uploads\/2019\/10\/2019_09_10_vu7-300x169.jpg 300w, https:\/\/www.ffw-berg.de\/wordpress\/wp-content\/uploads\/2019\/10\/2019_09_10_vu7-768x432.jpg 768w, https:\/\/www.ffw-berg.de\/wordpress\/wp-content\/uploads\/2019\/10\/2019_09_10_vu7-678x381.jpg 678w, https:\/\/www.ffw-berg.de\/wordpress\/wp-content\/uploads\/2019\/10\/2019_09_10_vu7.jpg 1920w\" sizes=\"auto, (max-width: 1080px) 100vw, 1080px\" \/><\/a><\/figure><\/li><\/ul><\/figure>\n","protected":false},"excerpt":{"rendered":"<div class=\"mh-excerpt\">Nr. 52 | Zeit: 16.22 Uhr | BAB A9 Fahrtrichtung Norden | THL<\/p>\n<p>Eingesetzte Fahrzeuge:<br \/>\nHLF20, LF 8\/6, MTW, MZF, VSA<\/p><\/div>\n<p> <a class=\"mh-excerpt-more\" href=\"https:\/\/www.ffw-berg.de\/wordpress\/einsatz-vom-10-09-19-vu-mit-lkw\/\" title=\"Einsatz vom 10.09.19 &#8211; VU mit LKW\">[  Mehr &gt;&gt; ]<\/a><\/p>\n","protected":false},"author":2,"featured_media":215226,"comment_status":"closed","ping_status":"open","sticky":false,"template":"","format":"standard","meta":{"footnotes":""},"categories":[849],"tags":[362,363,364,149,154,567,685,894,943,1027],"class_list":{"0":"post-215207","1":"post","2":"type-post","3":"status-publish","4":"format-standard","5":"has-post-thumbnail","7":"category-einsaetze-2019","8":"tag-vsa","9":"tag-mzf","10":"tag-mtw","11":"tag-lf-86","12":"tag-lkw","13":"tag-c-d-rohre","14":"tag-notfallkoffer","15":"tag-hlf20","16":"tag-lkw-unfall","17":"tag-bab-9"},"_links":{"self":[{"href":"https:\/\/www.ffw-berg.de\/wordpress\/wp-json\/wp\/v2\/posts\/215207","targetHints":{"allow":["GET"]}}],"collection":[{"href":"https:\/\/www.ffw-berg.de\/wordpress\/wp-json\/wp\/v2\/posts"}],"about":[{"href":"https:\/\/www.ffw-berg.de\/wordpress\/wp-json\/wp\/v2\/types\/post"}],"author":[{"embeddable":true,"href":"https:\/\/www.ffw-berg.de\/wordpress\/wp-json\/wp\/v2\/users\/2"}],"replies":[{"embeddable":true,"href":"https:\/\/www.ffw-berg.de\/wordpress\/wp-json\/wp\/v2\/comments?post=215207"}],"version-history":[{"count":0,"href":"https:\/\/www.ffw-berg.de\/wordpress\/wp-json\/wp\/v2\/posts\/215207\/revisions"}],"wp:featuredmedia":[{"embeddable":true,"href":"https:\/\/www.ffw-berg.de\/wordpress\/wp-json\/wp\/v2\/media\/215226"}],"wp:attachment":[{"href":"https:\/\/www.ffw-berg.de\/wordpress\/wp-json\/wp\/v2\/media?parent=215207"}],"wp:term":[{"taxonomy":"category","embeddable":true,"href":"https:\/\/www.ffw-berg.de\/wordpress\/wp-json\/wp\/v2\/categories?post=215207"},{"taxonomy":"post_tag","embeddable":true,"href":"https:\/\/www.ffw-berg.de\/wordpress\/wp-json\/wp\/v2\/tags?post=215207"}],"curies":[{"name":"wp","href":"https:\/\/api.w.org\/{rel}","templated":true}]}}