{"id":215245,"date":"2019-09-28T22:00:59","date_gmt":"2019-09-28T20:00:59","guid":{"rendered":"https:\/\/www.ffw-berg.de\/wordpress\/?p=215245"},"modified":"2026-02-24T12:36:44","modified_gmt":"2026-02-24T11:36:44","slug":"drei-neue-truppfuehrer-fuer-die-feuerwehr-berg","status":"publish","type":"post","link":"https:\/\/www.ffw-berg.de\/wordpress\/drei-neue-truppfuehrer-fuer-die-feuerwehr-berg\/","title":{"rendered":"Drei neue Truppf\u00fchrer f\u00fcr die Feuerwehr Berg"},"content":{"rendered":"\n<p>Am Samstag den 28.09.19 durften wir drei Kameraden zur bestandenen Truppf\u00fchrer-Qualifikation gratulieren.<\/p>\n\n\n\n<figure class=\"wp-block-image\"><a href=\"https:\/\/www.ffw-berg.de\/wordpress\/wp-content\/uploads\/2019\/10\/trupp_fhr_2019.jpg\"><img loading=\"lazy\" decoding=\"async\" width=\"1024\" height=\"768\" src=\"https:\/\/www.ffw-berg.de\/wordpress\/wp-content\/uploads\/2019\/10\/trupp_fhr_2019-1024x768.jpg\" alt=\"\" class=\"wp-image-215225\" srcset=\"https:\/\/www.ffw-berg.de\/wordpress\/wp-content\/uploads\/2019\/10\/trupp_fhr_2019-1024x768.jpg 1024w, https:\/\/www.ffw-berg.de\/wordpress\/wp-content\/uploads\/2019\/10\/trupp_fhr_2019-120x90.jpg 120w, https:\/\/www.ffw-berg.de\/wordpress\/wp-content\/uploads\/2019\/10\/trupp_fhr_2019-300x225.jpg 300w, https:\/\/www.ffw-berg.de\/wordpress\/wp-content\/uploads\/2019\/10\/trupp_fhr_2019-768x576.jpg 768w, https:\/\/www.ffw-berg.de\/wordpress\/wp-content\/uploads\/2019\/10\/trupp_fhr_2019-678x509.jpg 678w, https:\/\/www.ffw-berg.de\/wordpress\/wp-content\/uploads\/2019\/10\/trupp_fhr_2019-326x245.jpg 326w, https:\/\/www.ffw-berg.de\/wordpress\/wp-content\/uploads\/2019\/10\/trupp_fhr_2019-80x60.jpg 80w, https:\/\/www.ffw-berg.de\/wordpress\/wp-content\/uploads\/2019\/10\/trupp_fhr_2019.jpg 1920w\" sizes=\"auto, (max-width: 1024px) 100vw, 1024px\" \/><\/a><figcaption> Von links:Cosima Rubner, Fabian Korn und Emma Eibisch <\/figcaption><\/figure>\n\n\n\n<p>Neben dem bestandenen Basismodul legten die Kameraden in den vergangenen zwei Jahren das Modul Ausbildungs- und \u00dcbungsdienst ab, in dem die erlangten Grundkenntnisse in verschiedenen Ausbildungseinheiten und Einsatz\u00fcbungen vertieft und gefestigt wurden.<\/p>\n\n\n\n<p>Die Modulare Truppausbildung endet mit der sogenannten Truppf\u00fchrer-Qualifikation, bei der die Feuerwehrdienstleistenden das ordnungsgem\u00e4\u00dfe F\u00fchren des Trupps in Einzel-, Trupp- und Gruppenaufgaben unter Beweis stellen m\u00fcssen. Hiermit m\u00f6chten wir unseren Kameraden Emma Eibisch, Fabian Korn und Cosima Rubner zum Abschluss der MTA nochmals recht herzlich gratulieren!<\/p>\n","protected":false},"excerpt":{"rendered":"<div class=\"mh-excerpt\">Die Modulare Truppausbildung endet mit der sogenannten Truppf\u00fchrer-Qualifikation, bei der die Feuerwehrdienstleistenden das ordnungsgem\u00e4\u00dfe F\u00fchren des Trupps in Einzel-, Trupp- und Gruppenaufgaben unter Beweis stellen m\u00fcssen.<\/div>\n<p> <a class=\"mh-excerpt-more\" href=\"https:\/\/www.ffw-berg.de\/wordpress\/drei-neue-truppfuehrer-fuer-die-feuerwehr-berg\/\" title=\"Drei neue Truppf\u00fchrer f\u00fcr die Feuerwehr Berg\">[  Mehr &gt;&gt; ]<\/a><\/p>\n","protected":false},"author":2,"featured_media":215225,"comment_status":"closed","ping_status":"open","sticky":false,"template":"","format":"standard","meta":{"footnotes":""},"categories":[747],"tags":[1033,1034,1035,1036,1037],"class_list":{"0":"post-215245","1":"post","2":"type-post","3":"status-publish","4":"format-standard","5":"has-post-thumbnail","7":"category-wir-ueber-uns-2","8":"tag-modular-truppausbildung","9":"tag-basismodul","10":"tag-ausbildungs-und-uebungsdienst","11":"tag-truppfuehrer","12":"tag-truppfuehrer-qualifikation"},"_links":{"self":[{"href":"https:\/\/www.ffw-berg.de\/wordpress\/wp-json\/wp\/v2\/posts\/215245","targetHints":{"allow":["GET"]}}],"collection":[{"href":"https:\/\/www.ffw-berg.de\/wordpress\/wp-json\/wp\/v2\/posts"}],"about":[{"href":"https:\/\/www.ffw-berg.de\/wordpress\/wp-json\/wp\/v2\/types\/post"}],"author":[{"embeddable":true,"href":"https:\/\/www.ffw-berg.de\/wordpress\/wp-json\/wp\/v2\/users\/2"}],"replies":[{"embeddable":true,"href":"https:\/\/www.ffw-berg.de\/wordpress\/wp-json\/wp\/v2\/comments?post=215245"}],"version-history":[{"count":0,"href":"https:\/\/www.ffw-berg.de\/wordpress\/wp-json\/wp\/v2\/posts\/215245\/revisions"}],"wp:featuredmedia":[{"embeddable":true,"href":"https:\/\/www.ffw-berg.de\/wordpress\/wp-json\/wp\/v2\/media\/215225"}],"wp:attachment":[{"href":"https:\/\/www.ffw-berg.de\/wordpress\/wp-json\/wp\/v2\/media?parent=215245"}],"wp:term":[{"taxonomy":"category","embeddable":true,"href":"https:\/\/www.ffw-berg.de\/wordpress\/wp-json\/wp\/v2\/categories?post=215245"},{"taxonomy":"post_tag","embeddable":true,"href":"https:\/\/www.ffw-berg.de\/wordpress\/wp-json\/wp\/v2\/tags?post=215245"}],"curies":[{"name":"wp","href":"https:\/\/api.w.org\/{rel}","templated":true}]}}