{"id":215260,"date":"2019-10-23T22:00:17","date_gmt":"2019-10-23T20:00:17","guid":{"rendered":"https:\/\/www.ffw-berg.de\/wordpress\/?p=215260"},"modified":"2026-02-24T12:36:52","modified_gmt":"2026-02-24T11:36:52","slug":"realausbildung-in-brandcontainer-2019","status":"publish","type":"post","link":"https:\/\/www.ffw-berg.de\/wordpress\/realausbildung-in-brandcontainer-2019\/","title":{"rendered":"Realausbildung in Brandcontainer 2019"},"content":{"rendered":"\n<p>Im Zeitraum vom 21.10.-27.10. machte der Brand\u00fcbungscontainer des LFV Bayern Station im Landkreis Hof am Bauhof in M\u00fcnchberg-Straas. <\/p>\n\n\n\n<figure class=\"wp-block-image\"><a href=\"https:\/\/www.ffw-berg.de\/wordpress\/wp-content\/uploads\/2019\/10\/b\u00fcbcontainer2019_22.jpg\"><img loading=\"lazy\" decoding=\"async\" width=\"1080\" height=\"608\" src=\"https:\/\/www.ffw-berg.de\/wordpress\/wp-content\/uploads\/2019\/10\/b\u00fcbcontainer2019_22-1080x608.jpg\" alt=\"\" class=\"wp-image-215276\" srcset=\"https:\/\/www.ffw-berg.de\/wordpress\/wp-content\/uploads\/2019\/10\/b\u00fcbcontainer2019_22-1080x608.jpg 1080w, https:\/\/www.ffw-berg.de\/wordpress\/wp-content\/uploads\/2019\/10\/b\u00fcbcontainer2019_22-120x68.jpg 120w, https:\/\/www.ffw-berg.de\/wordpress\/wp-content\/uploads\/2019\/10\/b\u00fcbcontainer2019_22-300x169.jpg 300w, https:\/\/www.ffw-berg.de\/wordpress\/wp-content\/uploads\/2019\/10\/b\u00fcbcontainer2019_22-768x432.jpg 768w, https:\/\/www.ffw-berg.de\/wordpress\/wp-content\/uploads\/2019\/10\/b\u00fcbcontainer2019_22-678x381.jpg 678w, https:\/\/www.ffw-berg.de\/wordpress\/wp-content\/uploads\/2019\/10\/b\u00fcbcontainer2019_22.jpg 1512w\" sizes=\"auto, (max-width: 1080px) 100vw, 1080px\" \/><\/a><figcaption>Vorsichtiges \u00d6ffnen geh\u00f6rt bereits zum Training<\/figcaption><\/figure>\n\n\n\n<p>In den letzten Tagen hatten insgesamt sechs Atemschutzger\u00e4tetr\u00e4ger aus dem Berger Winkel die M\u00f6glichkeit unter realit\u00e4tsnahen Bedingungen die Brandbek\u00e4mpfung unter umluftunabh\u00e4ngigen Atemschutz zu trainieren. <\/p>\n\n\n\n<ul class=\"wp-block-gallery columns-3 is-cropped wp-block-gallery-1 is-layout-flex wp-block-gallery-is-layout-flex\"><li class=\"blocks-gallery-item\"><figure><a href=\"https:\/\/www.ffw-berg.de\/wordpress\/wp-content\/uploads\/2019\/10\/b\u00fcbcontainer2019_10-432x768.jpg\"><img loading=\"lazy\" decoding=\"async\" width=\"432\" height=\"768\" src=\"https:\/\/www.ffw-berg.de\/wordpress\/wp-content\/uploads\/2019\/10\/b\u00fcbcontainer2019_10-432x768.jpg\" alt=\"\" data-id=\"215272\" data-link=\"https:\/\/www.ffw-berg.de\/wordpress\/buebcontainer2019_10\/\" class=\"wp-image-215272\" srcset=\"https:\/\/www.ffw-berg.de\/wordpress\/wp-content\/uploads\/2019\/10\/b\u00fcbcontainer2019_10-432x768.jpg 432w, https:\/\/www.ffw-berg.de\/wordpress\/wp-content\/uploads\/2019\/10\/b\u00fcbcontainer2019_10-68x120.jpg 68w, https:\/\/www.ffw-berg.de\/wordpress\/wp-content\/uploads\/2019\/10\/b\u00fcbcontainer2019_10-141x250.jpg 141w, https:\/\/www.ffw-berg.de\/wordpress\/wp-content\/uploads\/2019\/10\/b\u00fcbcontainer2019_10-768x1365.jpg 768w, https:\/\/www.ffw-berg.de\/wordpress\/wp-content\/uploads\/2019\/10\/b\u00fcbcontainer2019_10.jpg 1512w\" sizes=\"auto, (max-width: 432px) 100vw, 432px\" \/><\/a><\/figure><\/li><li class=\"blocks-gallery-item\"><figure><a href=\"https:\/\/www.ffw-berg.de\/wordpress\/wp-content\/uploads\/2019\/10\/b\u00fcbcontainer2019_4-432x768.jpg\"><img loading=\"lazy\" decoding=\"async\" width=\"432\" height=\"768\" src=\"https:\/\/www.ffw-berg.de\/wordpress\/wp-content\/uploads\/2019\/10\/b\u00fcbcontainer2019_4-432x768.jpg\" alt=\"\" data-id=\"215270\" data-link=\"https:\/\/www.ffw-berg.de\/wordpress\/buebcontainer2019_4\/\" class=\"wp-image-215270\" srcset=\"https:\/\/www.ffw-berg.de\/wordpress\/wp-content\/uploads\/2019\/10\/b\u00fcbcontainer2019_4-432x768.jpg 432w, https:\/\/www.ffw-berg.de\/wordpress\/wp-content\/uploads\/2019\/10\/b\u00fcbcontainer2019_4-67x120.jpg 67w, https:\/\/www.ffw-berg.de\/wordpress\/wp-content\/uploads\/2019\/10\/b\u00fcbcontainer2019_4-141x250.jpg 141w, https:\/\/www.ffw-berg.de\/wordpress\/wp-content\/uploads\/2019\/10\/b\u00fcbcontainer2019_4-768x1365.jpg 768w, https:\/\/www.ffw-berg.de\/wordpress\/wp-content\/uploads\/2019\/10\/b\u00fcbcontainer2019_4.jpg 1085w\" sizes=\"auto, (max-width: 432px) 100vw, 432px\" \/><\/a><\/figure><\/li><li class=\"blocks-gallery-item\"><figure><a href=\"https:\/\/www.ffw-berg.de\/wordpress\/wp-content\/uploads\/2019\/10\/b\u00fcbcontainer2019_17-432x768.jpg\"><img loading=\"lazy\" decoding=\"async\" width=\"432\" height=\"768\" src=\"https:\/\/www.ffw-berg.de\/wordpress\/wp-content\/uploads\/2019\/10\/b\u00fcbcontainer2019_17-432x768.jpg\" alt=\"\" data-id=\"215274\" data-link=\"https:\/\/www.ffw-berg.de\/wordpress\/buebcontainer2019_17\/\" class=\"wp-image-215274\" srcset=\"https:\/\/www.ffw-berg.de\/wordpress\/wp-content\/uploads\/2019\/10\/b\u00fcbcontainer2019_17-432x768.jpg 432w, https:\/\/www.ffw-berg.de\/wordpress\/wp-content\/uploads\/2019\/10\/b\u00fcbcontainer2019_17-68x120.jpg 68w, https:\/\/www.ffw-berg.de\/wordpress\/wp-content\/uploads\/2019\/10\/b\u00fcbcontainer2019_17-141x250.jpg 141w, https:\/\/www.ffw-berg.de\/wordpress\/wp-content\/uploads\/2019\/10\/b\u00fcbcontainer2019_17-768x1365.jpg 768w, https:\/\/www.ffw-berg.de\/wordpress\/wp-content\/uploads\/2019\/10\/b\u00fcbcontainer2019_17.jpg 1512w\" sizes=\"auto, (max-width: 432px) 100vw, 432px\" \/><\/a><\/figure><\/li><li class=\"blocks-gallery-item\"><figure><a href=\"https:\/\/www.ffw-berg.de\/wordpress\/wp-content\/uploads\/2019\/10\/b\u00fcbcontainer2019_3-432x768.jpg\"><img loading=\"lazy\" decoding=\"async\" width=\"432\" height=\"768\" src=\"https:\/\/www.ffw-berg.de\/wordpress\/wp-content\/uploads\/2019\/10\/b\u00fcbcontainer2019_3-432x768.jpg\" alt=\"\" data-id=\"215269\" data-link=\"https:\/\/www.ffw-berg.de\/wordpress\/buebcontainer2019_3\/\" class=\"wp-image-215269\" srcset=\"https:\/\/www.ffw-berg.de\/wordpress\/wp-content\/uploads\/2019\/10\/b\u00fcbcontainer2019_3-432x768.jpg 432w, https:\/\/www.ffw-berg.de\/wordpress\/wp-content\/uploads\/2019\/10\/b\u00fcbcontainer2019_3-68x120.jpg 68w, https:\/\/www.ffw-berg.de\/wordpress\/wp-content\/uploads\/2019\/10\/b\u00fcbcontainer2019_3-141x250.jpg 141w, https:\/\/www.ffw-berg.de\/wordpress\/wp-content\/uploads\/2019\/10\/b\u00fcbcontainer2019_3.jpg 697w\" sizes=\"auto, (max-width: 432px) 100vw, 432px\" \/><\/a><\/figure><\/li><li class=\"blocks-gallery-item\"><figure><a href=\"https:\/\/www.ffw-berg.de\/wordpress\/wp-content\/uploads\/2019\/10\/b\u00fcbcontainer2019_13-432x768.jpg\"><img loading=\"lazy\" decoding=\"async\" width=\"432\" height=\"768\" src=\"https:\/\/www.ffw-berg.de\/wordpress\/wp-content\/uploads\/2019\/10\/b\u00fcbcontainer2019_13-432x768.jpg\" alt=\"\" data-id=\"215273\" data-link=\"https:\/\/www.ffw-berg.de\/wordpress\/buebcontainer2019_13\/\" class=\"wp-image-215273\" srcset=\"https:\/\/www.ffw-berg.de\/wordpress\/wp-content\/uploads\/2019\/10\/b\u00fcbcontainer2019_13-432x768.jpg 432w, https:\/\/www.ffw-berg.de\/wordpress\/wp-content\/uploads\/2019\/10\/b\u00fcbcontainer2019_13-68x120.jpg 68w, https:\/\/www.ffw-berg.de\/wordpress\/wp-content\/uploads\/2019\/10\/b\u00fcbcontainer2019_13-141x250.jpg 141w, https:\/\/www.ffw-berg.de\/wordpress\/wp-content\/uploads\/2019\/10\/b\u00fcbcontainer2019_13-768x1365.jpg 768w, https:\/\/www.ffw-berg.de\/wordpress\/wp-content\/uploads\/2019\/10\/b\u00fcbcontainer2019_13.jpg 863w\" sizes=\"auto, (max-width: 432px) 100vw, 432px\" \/><\/a><\/figure><\/li><li class=\"blocks-gallery-item\"><figure><a href=\"https:\/\/www.ffw-berg.de\/wordpress\/wp-content\/uploads\/2019\/10\/b\u00fcbcontainer2019_6-432x768.jpg\"><img loading=\"lazy\" decoding=\"async\" width=\"432\" height=\"768\" src=\"https:\/\/www.ffw-berg.de\/wordpress\/wp-content\/uploads\/2019\/10\/b\u00fcbcontainer2019_6-432x768.jpg\" alt=\"\" data-id=\"215271\" data-link=\"https:\/\/www.ffw-berg.de\/wordpress\/buebcontainer2019_6\/\" class=\"wp-image-215271\" srcset=\"https:\/\/www.ffw-berg.de\/wordpress\/wp-content\/uploads\/2019\/10\/b\u00fcbcontainer2019_6-432x768.jpg 432w, https:\/\/www.ffw-berg.de\/wordpress\/wp-content\/uploads\/2019\/10\/b\u00fcbcontainer2019_6-68x120.jpg 68w, https:\/\/www.ffw-berg.de\/wordpress\/wp-content\/uploads\/2019\/10\/b\u00fcbcontainer2019_6-141x250.jpg 141w, https:\/\/www.ffw-berg.de\/wordpress\/wp-content\/uploads\/2019\/10\/b\u00fcbcontainer2019_6.jpg 697w\" sizes=\"auto, (max-width: 432px) 100vw, 432px\" \/><\/a><\/figure><\/li><\/ul>\n\n\n\n<p>In verschiedenen theoretischen und praktischen Einheiten wurde den Teilnehmern vermittelt wie verschiedene Brandverl\u00e4ufe erkannt und die damit verbundenen Gefahrensituation richtig eingesch\u00e4tzt werden m\u00fcssen.<\/p>\n\n\n\n<ul class=\"wp-block-gallery columns-2 is-cropped wp-block-gallery-2 is-layout-flex wp-block-gallery-is-layout-flex\"><li class=\"blocks-gallery-item\"><figure><a href=\"https:\/\/www.ffw-berg.de\/wordpress\/wp-content\/uploads\/2019\/10\/b\u00fcbcontainer2019_27-1080x608.jpg\"><img loading=\"lazy\" decoding=\"async\" width=\"1080\" height=\"608\" src=\"https:\/\/www.ffw-berg.de\/wordpress\/wp-content\/uploads\/2019\/10\/b\u00fcbcontainer2019_27-1080x608.jpg\" alt=\"\" data-id=\"215277\" data-link=\"https:\/\/www.ffw-berg.de\/wordpress\/buebcontainer2019_27\/\" class=\"wp-image-215277\" srcset=\"https:\/\/www.ffw-berg.de\/wordpress\/wp-content\/uploads\/2019\/10\/b\u00fcbcontainer2019_27-1080x608.jpg 1080w, https:\/\/www.ffw-berg.de\/wordpress\/wp-content\/uploads\/2019\/10\/b\u00fcbcontainer2019_27-120x68.jpg 120w, https:\/\/www.ffw-berg.de\/wordpress\/wp-content\/uploads\/2019\/10\/b\u00fcbcontainer2019_27-300x169.jpg 300w, https:\/\/www.ffw-berg.de\/wordpress\/wp-content\/uploads\/2019\/10\/b\u00fcbcontainer2019_27-768x432.jpg 768w, https:\/\/www.ffw-berg.de\/wordpress\/wp-content\/uploads\/2019\/10\/b\u00fcbcontainer2019_27-678x381.jpg 678w\" sizes=\"auto, (max-width: 1080px) 100vw, 1080px\" \/><\/a><\/figure><\/li><li class=\"blocks-gallery-item\"><figure><a href=\"https:\/\/www.ffw-berg.de\/wordpress\/wp-content\/uploads\/2019\/10\/b\u00fcbcontainer2019_28-1080x608.jpg\"><img loading=\"lazy\" decoding=\"async\" width=\"1080\" height=\"608\" src=\"https:\/\/www.ffw-berg.de\/wordpress\/wp-content\/uploads\/2019\/10\/b\u00fcbcontainer2019_28-1080x608.jpg\" alt=\"\" data-id=\"215278\" data-link=\"https:\/\/www.ffw-berg.de\/wordpress\/buebcontainer2019_28\/\" class=\"wp-image-215278\" srcset=\"https:\/\/www.ffw-berg.de\/wordpress\/wp-content\/uploads\/2019\/10\/b\u00fcbcontainer2019_28-1080x608.jpg 1080w, https:\/\/www.ffw-berg.de\/wordpress\/wp-content\/uploads\/2019\/10\/b\u00fcbcontainer2019_28-120x68.jpg 120w, https:\/\/www.ffw-berg.de\/wordpress\/wp-content\/uploads\/2019\/10\/b\u00fcbcontainer2019_28-300x169.jpg 300w, https:\/\/www.ffw-berg.de\/wordpress\/wp-content\/uploads\/2019\/10\/b\u00fcbcontainer2019_28-768x432.jpg 768w, https:\/\/www.ffw-berg.de\/wordpress\/wp-content\/uploads\/2019\/10\/b\u00fcbcontainer2019_28-678x381.jpg 678w\" sizes=\"auto, (max-width: 1080px) 100vw, 1080px\" \/><\/a><\/figure><\/li><\/ul>\n\n\n\n<h5 class=\"wp-block-heading\">Weitere Informationen zum Brandcontainer:<\/h5>\n\n\n\n<ul class=\"wp-block-list\"><li>Informationen zum \u00dcbungscontainer vom LFV-Bayern <strong><a rel=\"noreferrer noopener\" aria-label=\"hier &gt; (\u00f6ffnet in neuem Tab)\" href=\"https:\/\/www.lfv-bayern.de\/angebote\/trainingsangebote\/\" target=\"_blank\">hier ><\/a><\/strong><\/li><li>Informationen zum Brand\u00fcbungscontainer der Fa. Dr\u00e4ger Safety AG <strong><a rel=\"noreferrer noopener\" href=\"https:\/\/www.draeger.com\/de_de\/Fire-Services\/branduebungscontainer-lfv-bayern\" target=\"_blank\">hier ><\/a><\/strong><\/li><\/ul>\n\n\n\n<div style=\"height:30px\" aria-hidden=\"true\" class=\"wp-block-spacer\"><\/div>\n\n\n\n<h4 class=\"wp-block-heading\" style=\"text-align:center\">Alle Bilder in unserem Album bei<\/h4>\n\n\n\n<figure class=\"wp-block-embed is-type-rich is-provider-google-photos\"><div class=\"wp-block-embed__wrapper\">\n<blockquote class=\"embedly-card\" data-card-controls=\"0\" data-card-align=\"center\" data-card-theme=\"light\"><h4><a href=\"https:\/\/photos.app.goo.gl\/go9qKa4keeYrC3Yc9\">No Title<\/a><\/h4><p>No Description<\/p><\/blockquote><script async src=\"\/\/cdn.embedly.com\/widgets\/platform.js\" charset=\"UTF-8\"><\/script>\n<\/div><\/figure>\n","protected":false},"excerpt":{"rendered":"<div class=\"mh-excerpt\">Im Zeitraum vom 21.10.-27.10. machte der Brand\u00fcbungscontainer des LFV Bayern Station im Landkreis Hof am Bauhof in M\u00fcnchberg-Straas. In den letzten Tagen hatten insgesamt sechs Atemschutzger\u00e4tetr\u00e4ger aus dem Berger Winkel <a class=\"mh-excerpt-more\" href=\"https:\/\/www.ffw-berg.de\/wordpress\/realausbildung-in-brandcontainer-2019\/\" title=\"Realausbildung in Brandcontainer 2019\">[  Mehr &gt;&gt; ]<\/a><\/div>\n","protected":false},"author":2,"featured_media":215279,"comment_status":"closed","ping_status":"open","sticky":false,"template":"","format":"standard","meta":{"footnotes":""},"categories":[747],"tags":[50,889,1044,1045,1046,1047,1049,1056],"class_list":{"0":"post-215260","1":"post","2":"type-post","3":"status-publish","4":"format-standard","5":"has-post-thumbnail","7":"category-wir-ueber-uns-2","8":"tag-lfv-bayern","9":"tag-brandbekaempfung","10":"tag-atemschutzuebung","11":"tag-realausbildung","12":"tag-branduebungscontainer","13":"tag-brandcontainer","14":"tag-draeger-safety-ag","15":"tag-buebc2019"},"_links":{"self":[{"href":"https:\/\/www.ffw-berg.de\/wordpress\/wp-json\/wp\/v2\/posts\/215260","targetHints":{"allow":["GET"]}}],"collection":[{"href":"https:\/\/www.ffw-berg.de\/wordpress\/wp-json\/wp\/v2\/posts"}],"about":[{"href":"https:\/\/www.ffw-berg.de\/wordpress\/wp-json\/wp\/v2\/types\/post"}],"author":[{"embeddable":true,"href":"https:\/\/www.ffw-berg.de\/wordpress\/wp-json\/wp\/v2\/users\/2"}],"replies":[{"embeddable":true,"href":"https:\/\/www.ffw-berg.de\/wordpress\/wp-json\/wp\/v2\/comments?post=215260"}],"version-history":[{"count":0,"href":"https:\/\/www.ffw-berg.de\/wordpress\/wp-json\/wp\/v2\/posts\/215260\/revisions"}],"wp:featuredmedia":[{"embeddable":true,"href":"https:\/\/www.ffw-berg.de\/wordpress\/wp-json\/wp\/v2\/media\/215279"}],"wp:attachment":[{"href":"https:\/\/www.ffw-berg.de\/wordpress\/wp-json\/wp\/v2\/media?parent=215260"}],"wp:term":[{"taxonomy":"category","embeddable":true,"href":"https:\/\/www.ffw-berg.de\/wordpress\/wp-json\/wp\/v2\/categories?post=215260"},{"taxonomy":"post_tag","embeddable":true,"href":"https:\/\/www.ffw-berg.de\/wordpress\/wp-json\/wp\/v2\/tags?post=215260"}],"curies":[{"name":"wp","href":"https:\/\/api.w.org\/{rel}","templated":true}]}}