{"id":215333,"date":"2019-11-19T07:55:00","date_gmt":"2019-11-19T06:55:00","guid":{"rendered":"https:\/\/www.ffw-berg.de\/wordpress\/?p=215333"},"modified":"2019-12-31T22:29:50","modified_gmt":"2019-12-31T21:29:50","slug":"einsatz-vom-19-11-19-wohnungsbrand","status":"publish","type":"post","link":"https:\/\/www.ffw-berg.de\/wordpress\/einsatz-vom-19-11-19-wohnungsbrand\/","title":{"rendered":"Einsatz vom 19.11.19 &#8211; Wohnungsbrand"},"content":{"rendered":"\n<p><span style=\"font-family: arial, helvetica, sans-serif;\"><\/span><\/p>\n\n\n\n<div class=\"wp-block-columns has-2-columns is-layout-flex wp-container-core-columns-is-layout-9d6595d7 wp-block-columns-is-layout-flex\">\n<div class=\"wp-block-column is-layout-flow wp-block-column-is-layout-flow\">\n<p style=\"color:#800000\" class=\"has-text-color\"><strong>Nr.:<\/strong><\/p>\n\n\n\n<p style=\"color:#800000\" class=\"has-text-color\"><strong>Alarmzeit:<\/strong><\/p>\n\n\n\n<p style=\"color:#800000\" class=\"has-text-color\"><strong>Einsatzdauer:<\/strong><\/p>\n\n\n\n<p style=\"color:#800000\" class=\"has-text-color\"><strong>Einsatzort:<\/strong><\/p>\n\n\n\n<p style=\"color:#800000\" class=\"has-text-color\"><strong>Einsatzart:<\/strong><\/p>\n\n\n\n<p style=\"color:#800000\" class=\"has-text-color\"><strong>Eingesetzte Fahrzeuge:<\/strong><\/p>\n\n\n\n<p style=\"color:#800000\" class=\"has-text-color\"><strong>Einsatzmittel:<\/strong><br \/><\/p>\n<\/div>\n\n\n\n<div class=\"wp-block-column is-layout-flow wp-block-column-is-layout-flow\">\n<p>61<\/p>\n\n\n\n<p>07.55 Uhr<\/p>\n\n\n\n<p>0,58 Std.<\/p>\n\n\n\n<p>Gemeindebereich Berg<\/p>\n\n\n\n<p>B3 | Brand in Wohnung<\/p>\n\n\n\n<p>HLF20, Lf 8\/6, MTW, TSA<\/p>\n\n\n\n<p>PA, WBK, Schutzbekleidung<\/p>\n<\/div>\n<\/div>\n\n\n\n<hr class=\"wp-block-separator is-style-wide\"\/>\n\n\n\n<h4 class=\"wp-block-heading\"><strong>Einsatzbericht<\/strong><\/h4>\n\n\n\n<p>Die Feuerwehr Berg wurde zu einem gemeldeten Wohnungsbrand alarmiert.<\/p>\n\n\n\n<p>Nach der Erkundung stellte sich heraus, dass eine Abdeckplatte \/ Schneidbrett auf einer noch hei\u00dfen Herdplatte geschmolzen war, es dadurch zu einer Rauchentwicklung kam und schlie\u00dflich ein Rauchwarnmelder ausgel\u00f6st hatte. Durch die Feuerwehr wurde die Wohnung gel\u00fcftet, und die Herdplatte wurde kontrolliert bis diese abgek\u00fchlt war.<\/p>\n","protected":false},"excerpt":{"rendered":"<div class=\"mh-excerpt\">Nr. 61 | Zeit: 07.55 Uhr | Gemeinde Berg | B<\/p>\n<p>Eingesetzte Fahrzeuge:<br \/>\nHLF20, LF 8\/6, MTW, TSA<\/p><\/div>\n<p> <a class=\"mh-excerpt-more\" href=\"https:\/\/www.ffw-berg.de\/wordpress\/einsatz-vom-19-11-19-wohnungsbrand\/\" title=\"Einsatz vom 19.11.19 &#8211; Wohnungsbrand\">[  Mehr &gt;&gt; ]<\/a><\/p>\n","protected":false},"author":2,"featured_media":212207,"comment_status":"closed","ping_status":"open","sticky":false,"template":"","format":"standard","meta":{"footnotes":""},"categories":[849],"tags":[71,95,364,147,149,541,666,894,1065],"class_list":{"0":"post-215333","1":"post","2":"type-post","3":"status-publish","4":"format-standard","5":"has-post-thumbnail","7":"category-einsaetze-2019","8":"tag-wbk","9":"tag-pa","10":"tag-mtw","11":"tag-kommunikationsmittel","12":"tag-lf-86","13":"tag-schutzbekleidung","14":"tag-erkundung","15":"tag-hlf20","16":"tag-tsa"},"_links":{"self":[{"href":"https:\/\/www.ffw-berg.de\/wordpress\/wp-json\/wp\/v2\/posts\/215333","targetHints":{"allow":["GET"]}}],"collection":[{"href":"https:\/\/www.ffw-berg.de\/wordpress\/wp-json\/wp\/v2\/posts"}],"about":[{"href":"https:\/\/www.ffw-berg.de\/wordpress\/wp-json\/wp\/v2\/types\/post"}],"author":[{"embeddable":true,"href":"https:\/\/www.ffw-berg.de\/wordpress\/wp-json\/wp\/v2\/users\/2"}],"replies":[{"embeddable":true,"href":"https:\/\/www.ffw-berg.de\/wordpress\/wp-json\/wp\/v2\/comments?post=215333"}],"version-history":[{"count":0,"href":"https:\/\/www.ffw-berg.de\/wordpress\/wp-json\/wp\/v2\/posts\/215333\/revisions"}],"wp:featuredmedia":[{"embeddable":true,"href":"https:\/\/www.ffw-berg.de\/wordpress\/wp-json\/wp\/v2\/media\/212207"}],"wp:attachment":[{"href":"https:\/\/www.ffw-berg.de\/wordpress\/wp-json\/wp\/v2\/media?parent=215333"}],"wp:term":[{"taxonomy":"category","embeddable":true,"href":"https:\/\/www.ffw-berg.de\/wordpress\/wp-json\/wp\/v2\/categories?post=215333"},{"taxonomy":"post_tag","embeddable":true,"href":"https:\/\/www.ffw-berg.de\/wordpress\/wp-json\/wp\/v2\/tags?post=215333"}],"curies":[{"name":"wp","href":"https:\/\/api.w.org\/{rel}","templated":true}]}}