{"id":215372,"date":"2019-12-01T10:00:00","date_gmt":"2019-12-01T09:00:00","guid":{"rendered":"https:\/\/www.ffw-berg.de\/wordpress\/?p=215372"},"modified":"2020-02-15T16:17:27","modified_gmt":"2020-02-15T15:17:27","slug":"jf-helferessen-neuer-jugendraum","status":"publish","type":"post","link":"https:\/\/www.ffw-berg.de\/wordpress\/jf-helferessen-neuer-jugendraum\/","title":{"rendered":"JF-Helferessen &#8211; Neuer Jugendraum"},"content":{"rendered":"\n<h2 class=\"wp-block-heading\">Z\u00fcnftiges Wei\u00dfwurstfr\u00fchst\u00fcck zur Einweihung des neuen Jugendraumes<\/h2>\n\n\n\n<figure class=\"wp-block-gallery columns-2 is-cropped wp-block-gallery-1 is-layout-flex wp-block-gallery-is-layout-flex\"><ul class=\"blocks-gallery-grid\"><li class=\"blocks-gallery-item\"><figure><a href=\"https:\/\/www.ffw-berg.de\/wordpress\/wp-content\/uploads\/2019\/12\/jf_helferessen_1.jpg\"><img loading=\"lazy\" decoding=\"async\" width=\"1080\" height=\"608\" src=\"https:\/\/www.ffw-berg.de\/wordpress\/wp-content\/uploads\/2019\/12\/jf_helferessen_1-1080x608.jpg\" alt=\"\" data-id=\"215352\" data-full-url=\"https:\/\/www.ffw-berg.de\/wordpress\/wp-content\/uploads\/2019\/12\/jf_helferessen_1.jpg\" data-link=\"https:\/\/www.ffw-berg.de\/wordpress\/jf_helferessen_1\/\" class=\"wp-image-215352\" srcset=\"https:\/\/www.ffw-berg.de\/wordpress\/wp-content\/uploads\/2019\/12\/jf_helferessen_1-1080x608.jpg 1080w, https:\/\/www.ffw-berg.de\/wordpress\/wp-content\/uploads\/2019\/12\/jf_helferessen_1-300x169.jpg 300w, https:\/\/www.ffw-berg.de\/wordpress\/wp-content\/uploads\/2019\/12\/jf_helferessen_1-120x68.jpg 120w, https:\/\/www.ffw-berg.de\/wordpress\/wp-content\/uploads\/2019\/12\/jf_helferessen_1-768x432.jpg 768w, https:\/\/www.ffw-berg.de\/wordpress\/wp-content\/uploads\/2019\/12\/jf_helferessen_1-1536x864.jpg 1536w, https:\/\/www.ffw-berg.de\/wordpress\/wp-content\/uploads\/2019\/12\/jf_helferessen_1-678x381.jpg 678w, https:\/\/www.ffw-berg.de\/wordpress\/wp-content\/uploads\/2019\/12\/jf_helferessen_1.jpg 1920w\" sizes=\"auto, (max-width: 1080px) 100vw, 1080px\" \/><\/a><\/figure><\/li><li class=\"blocks-gallery-item\"><figure><a href=\"https:\/\/www.ffw-berg.de\/wordpress\/wp-content\/uploads\/2019\/12\/jf_helferessen_0.jpg\"><img loading=\"lazy\" decoding=\"async\" width=\"1080\" height=\"608\" src=\"https:\/\/www.ffw-berg.de\/wordpress\/wp-content\/uploads\/2019\/12\/jf_helferessen_0-1080x608.jpg\" alt=\"\" data-id=\"215351\" data-full-url=\"https:\/\/www.ffw-berg.de\/wordpress\/wp-content\/uploads\/2019\/12\/jf_helferessen_0.jpg\" data-link=\"https:\/\/www.ffw-berg.de\/wordpress\/jf_helferessen_0\/\" class=\"wp-image-215351\" srcset=\"https:\/\/www.ffw-berg.de\/wordpress\/wp-content\/uploads\/2019\/12\/jf_helferessen_0-1080x608.jpg 1080w, https:\/\/www.ffw-berg.de\/wordpress\/wp-content\/uploads\/2019\/12\/jf_helferessen_0-300x169.jpg 300w, https:\/\/www.ffw-berg.de\/wordpress\/wp-content\/uploads\/2019\/12\/jf_helferessen_0-120x68.jpg 120w, https:\/\/www.ffw-berg.de\/wordpress\/wp-content\/uploads\/2019\/12\/jf_helferessen_0-768x432.jpg 768w, https:\/\/www.ffw-berg.de\/wordpress\/wp-content\/uploads\/2019\/12\/jf_helferessen_0-1536x864.jpg 1536w, https:\/\/www.ffw-berg.de\/wordpress\/wp-content\/uploads\/2019\/12\/jf_helferessen_0-678x381.jpg 678w, https:\/\/www.ffw-berg.de\/wordpress\/wp-content\/uploads\/2019\/12\/jf_helferessen_0.jpg 1920w\" sizes=\"auto, (max-width: 1080px) 100vw, 1080px\" \/><\/a><\/figure><\/li><\/ul><\/figure>\n\n\n\n<p>Am 01.12.19 fand anl\u00e4sslich der Fertigstellung des neuen Jugendraumes unserer Jugendgruppe, ein Helferessen statt.<\/p>\n\n\n\n<p>Ein z\u00fcnftiges Wei\u00dfwurstfr\u00fchst\u00fcck bildete den Rahmen, allen Helfern, Firmen aus dem Berger Winkel und nat\u00fcrlich unseren engagierten Jugendlichen Danke zu sagen f\u00fcr die geleistete Arbeit. <\/p>\n\n\n\n<figure class=\"wp-block-image size-large\"><img loading=\"lazy\" decoding=\"async\" width=\"1080\" height=\"608\" src=\"https:\/\/www.ffw-berg.de\/wordpress\/wp-content\/uploads\/2019\/12\/jf_helferessen_11-1080x608.jpg\" alt=\"\" class=\"wp-image-215356\" srcset=\"https:\/\/www.ffw-berg.de\/wordpress\/wp-content\/uploads\/2019\/12\/jf_helferessen_11-1080x608.jpg 1080w, https:\/\/www.ffw-berg.de\/wordpress\/wp-content\/uploads\/2019\/12\/jf_helferessen_11-300x169.jpg 300w, https:\/\/www.ffw-berg.de\/wordpress\/wp-content\/uploads\/2019\/12\/jf_helferessen_11-120x68.jpg 120w, https:\/\/www.ffw-berg.de\/wordpress\/wp-content\/uploads\/2019\/12\/jf_helferessen_11-768x432.jpg 768w, https:\/\/www.ffw-berg.de\/wordpress\/wp-content\/uploads\/2019\/12\/jf_helferessen_11-1536x864.jpg 1536w, https:\/\/www.ffw-berg.de\/wordpress\/wp-content\/uploads\/2019\/12\/jf_helferessen_11-678x381.jpg 678w, https:\/\/www.ffw-berg.de\/wordpress\/wp-content\/uploads\/2019\/12\/jf_helferessen_11.jpg 1920w\" sizes=\"auto, (max-width: 1080px) 100vw, 1080px\" \/><figcaption>Gruppenbild aller helfenden H\u00e4nde<\/figcaption><\/figure>\n\n\n\n<p>Neben dem Jugendraum wurde auch beim Dachgaubenausbau ein neuer Raum f\u00fcr das Magazin geschaffen und eine kleine, gem\u00fctliche K\u00fcche eingerichtet. Au\u00dferdem wurden die Toiletten komplett saniert.<\/p>\n\n\n\n<figure class=\"wp-block-gallery columns-2 is-cropped wp-block-gallery-2 is-layout-flex wp-block-gallery-is-layout-flex\"><ul class=\"blocks-gallery-grid\"><li class=\"blocks-gallery-item\"><figure><a href=\"https:\/\/www.ffw-berg.de\/wordpress\/wp-content\/uploads\/2019\/12\/jf_helferessen_9.jpg\"><img loading=\"lazy\" decoding=\"async\" width=\"1080\" height=\"608\" src=\"https:\/\/www.ffw-berg.de\/wordpress\/wp-content\/uploads\/2019\/12\/jf_helferessen_9-1080x608.jpg\" alt=\"\" data-id=\"215355\" data-full-url=\"https:\/\/www.ffw-berg.de\/wordpress\/wp-content\/uploads\/2019\/12\/jf_helferessen_9.jpg\" data-link=\"https:\/\/www.ffw-berg.de\/wordpress\/jf_helferessen_9\/\" class=\"wp-image-215355\" srcset=\"https:\/\/www.ffw-berg.de\/wordpress\/wp-content\/uploads\/2019\/12\/jf_helferessen_9-1080x608.jpg 1080w, https:\/\/www.ffw-berg.de\/wordpress\/wp-content\/uploads\/2019\/12\/jf_helferessen_9-300x169.jpg 300w, https:\/\/www.ffw-berg.de\/wordpress\/wp-content\/uploads\/2019\/12\/jf_helferessen_9-120x68.jpg 120w, https:\/\/www.ffw-berg.de\/wordpress\/wp-content\/uploads\/2019\/12\/jf_helferessen_9-768x432.jpg 768w, https:\/\/www.ffw-berg.de\/wordpress\/wp-content\/uploads\/2019\/12\/jf_helferessen_9-1536x864.jpg 1536w, https:\/\/www.ffw-berg.de\/wordpress\/wp-content\/uploads\/2019\/12\/jf_helferessen_9-678x381.jpg 678w, https:\/\/www.ffw-berg.de\/wordpress\/wp-content\/uploads\/2019\/12\/jf_helferessen_9.jpg 1920w\" sizes=\"auto, (max-width: 1080px) 100vw, 1080px\" \/><\/a><\/figure><\/li><li class=\"blocks-gallery-item\"><figure><a href=\"https:\/\/www.ffw-berg.de\/wordpress\/wp-content\/uploads\/2019\/12\/jf_helferessen_8.jpg\"><img loading=\"lazy\" decoding=\"async\" width=\"1080\" height=\"608\" src=\"https:\/\/www.ffw-berg.de\/wordpress\/wp-content\/uploads\/2019\/12\/jf_helferessen_8-1080x608.jpg\" alt=\"\" data-id=\"215354\" data-full-url=\"https:\/\/www.ffw-berg.de\/wordpress\/wp-content\/uploads\/2019\/12\/jf_helferessen_8.jpg\" data-link=\"https:\/\/www.ffw-berg.de\/wordpress\/jf_helferessen_8\/\" class=\"wp-image-215354\" srcset=\"https:\/\/www.ffw-berg.de\/wordpress\/wp-content\/uploads\/2019\/12\/jf_helferessen_8-1080x608.jpg 1080w, https:\/\/www.ffw-berg.de\/wordpress\/wp-content\/uploads\/2019\/12\/jf_helferessen_8-300x169.jpg 300w, https:\/\/www.ffw-berg.de\/wordpress\/wp-content\/uploads\/2019\/12\/jf_helferessen_8-120x68.jpg 120w, https:\/\/www.ffw-berg.de\/wordpress\/wp-content\/uploads\/2019\/12\/jf_helferessen_8-768x432.jpg 768w, https:\/\/www.ffw-berg.de\/wordpress\/wp-content\/uploads\/2019\/12\/jf_helferessen_8-1536x864.jpg 1536w, https:\/\/www.ffw-berg.de\/wordpress\/wp-content\/uploads\/2019\/12\/jf_helferessen_8-678x381.jpg 678w, https:\/\/www.ffw-berg.de\/wordpress\/wp-content\/uploads\/2019\/12\/jf_helferessen_8.jpg 1920w\" sizes=\"auto, (max-width: 1080px) 100vw, 1080px\" \/><\/a><\/figure><\/li><\/ul><\/figure>\n\n\n\n<p>Kommandant Martin Wurzbacher und Vorstand Gerhard Br\u00fchschwein bedankten sich f\u00fcr die ehrenamtliche sowie alle freiwilligen und unentgeltlichen Arbeiten und Leistungen aller Beteiligten.<\/p>\n\n\n\n<figure class=\"wp-block-image size-large\"><img loading=\"lazy\" decoding=\"async\" width=\"1080\" height=\"608\" src=\"https:\/\/www.ffw-berg.de\/wordpress\/wp-content\/uploads\/2019\/12\/jf_helferessen_13-1080x608.jpg\" alt=\"\" class=\"wp-image-215357\" srcset=\"https:\/\/www.ffw-berg.de\/wordpress\/wp-content\/uploads\/2019\/12\/jf_helferessen_13-1080x608.jpg 1080w, https:\/\/www.ffw-berg.de\/wordpress\/wp-content\/uploads\/2019\/12\/jf_helferessen_13-300x169.jpg 300w, https:\/\/www.ffw-berg.de\/wordpress\/wp-content\/uploads\/2019\/12\/jf_helferessen_13-120x68.jpg 120w, https:\/\/www.ffw-berg.de\/wordpress\/wp-content\/uploads\/2019\/12\/jf_helferessen_13-768x432.jpg 768w, https:\/\/www.ffw-berg.de\/wordpress\/wp-content\/uploads\/2019\/12\/jf_helferessen_13-1536x864.jpg 1536w, https:\/\/www.ffw-berg.de\/wordpress\/wp-content\/uploads\/2019\/12\/jf_helferessen_13-678x381.jpg 678w, https:\/\/www.ffw-berg.de\/wordpress\/wp-content\/uploads\/2019\/12\/jf_helferessen_13.jpg 1920w\" sizes=\"auto, (max-width: 1080px) 100vw, 1080px\" \/><figcaption>Alle Beteiligten auf einen Blick!<\/figcaption><\/figure>\n\n\n\n<hr class=\"wp-block-separator is-style-wide\"\/>\n\n\n\n<p>Mehr Informationen zum Dachgaubenausbau finden Sie <a href=\"https:\/\/www.ffw-berg.de\/wordpress\/dachgaubenausbau-am-geraetehaus-berg\/\"><strong>hier &gt;<\/strong><\/a><\/p>\n\n\n\n<h4 class=\"has-text-align-center wp-block-heading\">Alle Fotos in unserem Album bei<\/h4>\n\n\n\n<figure class=\"wp-block-embed is-type-rich is-provider-google-photos\"><div class=\"wp-block-embed__wrapper\">\n<blockquote class=\"embedly-card\" data-card-controls=\"0\" data-card-align=\"center\" data-card-theme=\"light\"><h4><a href=\"https:\/\/photos.app.goo.gl\/PVPz7oVFThLc89BeA\">No Title<\/a><\/h4><p>No Description<\/p><\/blockquote><script async src=\"\/\/cdn.embedly.com\/widgets\/platform.js\" charset=\"UTF-8\"><\/script>\n<\/div><\/figure>\n","protected":false},"excerpt":{"rendered":"<div class=\"mh-excerpt\">Ein z\u00fcnftiges Wei\u00dfwurstfr\u00fchst\u00fcck bildete den Rahmen, allen Helfern, Firmen aus dem Berger Winkel und nat\u00fcrlich unseren engagierten Jugendlichen Danke zu sagen. <\/div>\n<p> <a class=\"mh-excerpt-more\" href=\"https:\/\/www.ffw-berg.de\/wordpress\/jf-helferessen-neuer-jugendraum\/\" title=\"JF-Helferessen &#8211; Neuer Jugendraum\">[  Mehr &gt;&gt; ]<\/a><\/p>\n","protected":false},"author":2,"featured_media":215356,"comment_status":"closed","ping_status":"open","sticky":false,"template":"","format":"standard","meta":{"footnotes":""},"categories":[29],"tags":[342,656,870,1066,1067,1068,1069],"class_list":{"0":"post-215372","1":"post","2":"type-post","3":"status-publish","4":"format-standard","5":"has-post-thumbnail","7":"category-jf-activities","8":"tag-jugendfeuerwehr","9":"tag-bergofr","10":"tag-jugendraum","11":"tag-helferessen","12":"tag-helfer","13":"tag-dachgaubenausbau","14":"tag-kueche"},"_links":{"self":[{"href":"https:\/\/www.ffw-berg.de\/wordpress\/wp-json\/wp\/v2\/posts\/215372","targetHints":{"allow":["GET"]}}],"collection":[{"href":"https:\/\/www.ffw-berg.de\/wordpress\/wp-json\/wp\/v2\/posts"}],"about":[{"href":"https:\/\/www.ffw-berg.de\/wordpress\/wp-json\/wp\/v2\/types\/post"}],"author":[{"embeddable":true,"href":"https:\/\/www.ffw-berg.de\/wordpress\/wp-json\/wp\/v2\/users\/2"}],"replies":[{"embeddable":true,"href":"https:\/\/www.ffw-berg.de\/wordpress\/wp-json\/wp\/v2\/comments?post=215372"}],"version-history":[{"count":0,"href":"https:\/\/www.ffw-berg.de\/wordpress\/wp-json\/wp\/v2\/posts\/215372\/revisions"}],"wp:featuredmedia":[{"embeddable":true,"href":"https:\/\/www.ffw-berg.de\/wordpress\/wp-json\/wp\/v2\/media\/215356"}],"wp:attachment":[{"href":"https:\/\/www.ffw-berg.de\/wordpress\/wp-json\/wp\/v2\/media?parent=215372"}],"wp:term":[{"taxonomy":"category","embeddable":true,"href":"https:\/\/www.ffw-berg.de\/wordpress\/wp-json\/wp\/v2\/categories?post=215372"},{"taxonomy":"post_tag","embeddable":true,"href":"https:\/\/www.ffw-berg.de\/wordpress\/wp-json\/wp\/v2\/tags?post=215372"}],"curies":[{"name":"wp","href":"https:\/\/api.w.org\/{rel}","templated":true}]}}