{"id":215448,"date":"2019-12-30T00:10:00","date_gmt":"2019-12-29T23:10:00","guid":{"rendered":"https:\/\/www.ffw-berg.de\/wordpress\/?p=215448"},"modified":"2020-01-01T20:28:47","modified_gmt":"2020-01-01T19:28:47","slug":"einsatz-vom-30-12-19-vu-mit-lkw","status":"publish","type":"post","link":"https:\/\/www.ffw-berg.de\/wordpress\/einsatz-vom-30-12-19-vu-mit-lkw\/","title":{"rendered":"Einsatz vom 30.12.19 &#8211; VU mit LKW"},"content":{"rendered":"\n<div class=\"wp-block-columns has-2-columns is-layout-flex wp-container-core-columns-is-layout-9d6595d7 wp-block-columns-is-layout-flex\">\n<div class=\"wp-block-column is-layout-flow wp-block-column-is-layout-flow\">\n<p style=\"color:#800000\" class=\"has-text-color\"><strong>Nr.:<\/strong><\/p>\n\n\n\n<p style=\"color:#800000\" class=\"has-text-color\"><strong>Alarmzeit:<\/strong><\/p>\n\n\n\n<p style=\"color:#800000\" class=\"has-text-color\"><strong>Einsatzdauer:<\/strong><\/p>\n\n\n\n<p style=\"color:#800000\" class=\"has-text-color\"><strong>Einsatzort:<\/strong><\/p>\n\n\n\n<p style=\"color:#800000\" class=\"has-text-color\"><strong>Einsatzart:<\/strong><\/p>\n\n\n\n<p style=\"color:#800000\" class=\"has-text-color\"><strong>Eingesetzte Fahrzeuge:<\/strong><\/p>\n\n\n\n<p style=\"color:#800000\" class=\"has-text-color\"><strong>Einsatzmittel:<\/strong><br \/><\/p>\n<\/div>\n\n\n\n<div class=\"wp-block-column is-layout-flow wp-block-column-is-layout-flow\">\n<p>68<\/p>\n\n\n\n<p>00.10 Uhr<\/p>\n\n\n\n<p>2,67 Std.<\/p>\n\n\n\n<p>BAB A9 Fahrtrichtung Norden, Km 248<\/p>\n\n\n\n<p>THL 2 | VU LKW<\/p>\n\n\n\n<p>HLF20, LF 8\/6, MTW, MZF, VSA, \u00d6SA<\/p>\n\n\n\n<p>C-\/D-Rohre, Beleuchtungsger\u00e4t, Stromerzeuger, Feuerl\u00f6scher, Feuerl\u00f6schkreiselpumpe,  Spezialkleidung f\u00fcr gef\u00e4hrliche Stoffe,  Kommunikationsger\u00e4t, \u00a0Verkehrslenkungsmittel, Chemische \u00d6lbindemittel<br \/><\/p>\n<\/div>\n<\/div>\n\n\n\n<hr class=\"wp-block-separator is-style-wide\"\/>\n\n\n\n<h4 class=\"wp-block-heading\"><strong>Einsatzbericht<\/strong><\/h4>\n\n\n\n<p>Die Feuerwehr Berg wurde zu einem VU mit LKW alarmiert.<\/p>\n\n\n\n<p> Ein kam LKW ins Schleudern und st\u00fcrzte dabei auf die Seite und blieb auf der mittleren und linken Fahrbahn liegen. Dabei wurde der Dieseltank stark besch\u00e4digt, sodass die auslaufenden Betriebsstoffe von der Feuerwehr aufgefangen und gebunden werden mussten. <\/p>\n\n\n\n<p>Des Weiteren wurde zun\u00e4chst die Unfallstelle abgesichert und ausgeleuchtet. Der Brandschutz wurde sichergestellt, die Fahrzeugbatterie wurde abgeklemmt und ein Gully wurde abgedichtet, um zu verhindern das weitere Betriebsmittel in die Kanalisation laufen.<\/p>\n\n\n\n<h4 class=\"has-text-align-center wp-block-heading\">Einsatzfotos<\/h4>\n\n\n\n<figure class=\"wp-block-gallery columns-2 is-cropped wp-block-gallery-1 is-layout-flex wp-block-gallery-is-layout-flex\"><ul class=\"blocks-gallery-grid\"><li class=\"blocks-gallery-item\"><figure><a href=\"https:\/\/www.ffw-berg.de\/wordpress\/wp-content\/uploads\/2019\/12\/2019_12_30_vu0.jpg\"><img loading=\"lazy\" decoding=\"async\" width=\"1080\" height=\"608\" src=\"https:\/\/www.ffw-berg.de\/wordpress\/wp-content\/uploads\/2019\/12\/2019_12_30_vu0-1080x608.jpg\" alt=\"\" data-id=\"215445\" data-full-url=\"https:\/\/www.ffw-berg.de\/wordpress\/wp-content\/uploads\/2019\/12\/2019_12_30_vu0.jpg\" data-link=\"https:\/\/www.ffw-berg.de\/wordpress\/2019_12_30_vu0\/\" class=\"wp-image-215445\" srcset=\"https:\/\/www.ffw-berg.de\/wordpress\/wp-content\/uploads\/2019\/12\/2019_12_30_vu0-1080x608.jpg 1080w, https:\/\/www.ffw-berg.de\/wordpress\/wp-content\/uploads\/2019\/12\/2019_12_30_vu0-300x169.jpg 300w, https:\/\/www.ffw-berg.de\/wordpress\/wp-content\/uploads\/2019\/12\/2019_12_30_vu0-120x68.jpg 120w, https:\/\/www.ffw-berg.de\/wordpress\/wp-content\/uploads\/2019\/12\/2019_12_30_vu0-768x432.jpg 768w, https:\/\/www.ffw-berg.de\/wordpress\/wp-content\/uploads\/2019\/12\/2019_12_30_vu0-1536x864.jpg 1536w, https:\/\/www.ffw-berg.de\/wordpress\/wp-content\/uploads\/2019\/12\/2019_12_30_vu0-678x381.jpg 678w, https:\/\/www.ffw-berg.de\/wordpress\/wp-content\/uploads\/2019\/12\/2019_12_30_vu0.jpg 1920w\" sizes=\"auto, (max-width: 1080px) 100vw, 1080px\" \/><\/a><\/figure><\/li><li class=\"blocks-gallery-item\"><figure><a href=\"https:\/\/www.ffw-berg.de\/wordpress\/wp-content\/uploads\/2019\/12\/2019_12_30_vu1.jpg\"><img loading=\"lazy\" decoding=\"async\" width=\"1080\" height=\"608\" src=\"https:\/\/www.ffw-berg.de\/wordpress\/wp-content\/uploads\/2019\/12\/2019_12_30_vu1-1080x608.jpg\" alt=\"\" data-id=\"215446\" data-full-url=\"https:\/\/www.ffw-berg.de\/wordpress\/wp-content\/uploads\/2019\/12\/2019_12_30_vu1.jpg\" data-link=\"https:\/\/www.ffw-berg.de\/wordpress\/2019_12_30_vu1\/\" class=\"wp-image-215446\" srcset=\"https:\/\/www.ffw-berg.de\/wordpress\/wp-content\/uploads\/2019\/12\/2019_12_30_vu1-1080x608.jpg 1080w, https:\/\/www.ffw-berg.de\/wordpress\/wp-content\/uploads\/2019\/12\/2019_12_30_vu1-300x169.jpg 300w, https:\/\/www.ffw-berg.de\/wordpress\/wp-content\/uploads\/2019\/12\/2019_12_30_vu1-120x68.jpg 120w, https:\/\/www.ffw-berg.de\/wordpress\/wp-content\/uploads\/2019\/12\/2019_12_30_vu1-768x432.jpg 768w, https:\/\/www.ffw-berg.de\/wordpress\/wp-content\/uploads\/2019\/12\/2019_12_30_vu1-1536x864.jpg 1536w, https:\/\/www.ffw-berg.de\/wordpress\/wp-content\/uploads\/2019\/12\/2019_12_30_vu1-678x381.jpg 678w, https:\/\/www.ffw-berg.de\/wordpress\/wp-content\/uploads\/2019\/12\/2019_12_30_vu1.jpg 1920w\" sizes=\"auto, (max-width: 1080px) 100vw, 1080px\" \/><\/a><\/figure><\/li><li class=\"blocks-gallery-item\"><figure><a href=\"https:\/\/www.ffw-berg.de\/wordpress\/wp-content\/uploads\/2019\/12\/2019_12_30_vu2.jpg\"><img loading=\"lazy\" decoding=\"async\" width=\"1080\" height=\"608\" src=\"https:\/\/www.ffw-berg.de\/wordpress\/wp-content\/uploads\/2019\/12\/2019_12_30_vu2-1080x608.jpg\" alt=\"\" data-id=\"215447\" data-full-url=\"https:\/\/www.ffw-berg.de\/wordpress\/wp-content\/uploads\/2019\/12\/2019_12_30_vu2.jpg\" data-link=\"https:\/\/www.ffw-berg.de\/wordpress\/2019_12_30_vu2\/\" class=\"wp-image-215447\" srcset=\"https:\/\/www.ffw-berg.de\/wordpress\/wp-content\/uploads\/2019\/12\/2019_12_30_vu2-1080x608.jpg 1080w, https:\/\/www.ffw-berg.de\/wordpress\/wp-content\/uploads\/2019\/12\/2019_12_30_vu2-300x169.jpg 300w, https:\/\/www.ffw-berg.de\/wordpress\/wp-content\/uploads\/2019\/12\/2019_12_30_vu2-120x68.jpg 120w, https:\/\/www.ffw-berg.de\/wordpress\/wp-content\/uploads\/2019\/12\/2019_12_30_vu2-768x432.jpg 768w, https:\/\/www.ffw-berg.de\/wordpress\/wp-content\/uploads\/2019\/12\/2019_12_30_vu2-1536x864.jpg 1536w, https:\/\/www.ffw-berg.de\/wordpress\/wp-content\/uploads\/2019\/12\/2019_12_30_vu2-678x381.jpg 678w, https:\/\/www.ffw-berg.de\/wordpress\/wp-content\/uploads\/2019\/12\/2019_12_30_vu2.jpg 1920w\" sizes=\"auto, (max-width: 1080px) 100vw, 1080px\" \/><\/a><\/figure><\/li><\/ul><\/figure>\n\n\n\n<h4 class=\"wp-block-heading\">Weitere Informationen:<\/h4>\n\n\n\n<ul class=\"wp-block-list\"><li>Bericht der Frankenpost vom <a rel=\"noreferrer noopener\" aria-label=\"31.12.19 hier &gt; (\u00f6ffnet in neuem Tab)\" href=\"https:\/\/www.frankenpost.de\/region\/hof\/Mit-Joghurt-beladen-Sattelzug-kippt-auf-A-9-bei-Berg-um;art83415,7066647\" target=\"_blank\"><strong>30.12.19 hier ><\/strong><\/a><\/li><li>Bericht TV-Oberfranken vom <strong><a rel=\"noreferrer noopener\" href=\"https:\/\/www.tvo.de\/a9-berg-joghurt-lkw-kippt-auf-autobahn-um-410484\/\" target=\"_blank\">30.12.19 hier ><\/a><\/strong><\/li><\/ul>\n","protected":false},"excerpt":{"rendered":"<div class=\"mh-excerpt\">Nr. 68 | Zeit: 00.10 Uhr | BAB A9 Fahrtrichtung Norden | THL<\/p>\n<p>Eingesetzte Fahrzeuge:<br \/>\nHLF20, LF 8\/6, MTW, MZF, VSA, \u00d6SA<\/p><\/div>\n<p> <a class=\"mh-excerpt-more\" href=\"https:\/\/www.ffw-berg.de\/wordpress\/einsatz-vom-30-12-19-vu-mit-lkw\/\" title=\"Einsatz vom 30.12.19 &#8211; VU mit LKW\">[  Mehr &gt;&gt; ]<\/a><\/p>\n","protected":false},"author":2,"featured_media":215446,"comment_status":"closed","ping_status":"open","sticky":false,"template":"","format":"standard","meta":{"footnotes":""},"categories":[849],"tags":[1027,362,363,364,149,154,365,167,198,203,206,314,537,894,943],"class_list":{"0":"post-215448","1":"post","2":"type-post","3":"status-publish","4":"format-standard","5":"has-post-thumbnail","7":"category-einsaetze-2019","8":"tag-bab-9","9":"tag-vsa","10":"tag-mzf","11":"tag-mtw","12":"tag-lf-86","13":"tag-lkw","14":"tag-oesa","15":"tag-stromerzeuger","16":"tag-verkehrssicherungsmittel","17":"tag-chemische-oelbindemittel","18":"tag-feuerloesch-kreiselpumpe","19":"tag-c-d-rohr","20":"tag-beleuchtungsgeraet","21":"tag-hlf20","22":"tag-lkw-unfall"},"_links":{"self":[{"href":"https:\/\/www.ffw-berg.de\/wordpress\/wp-json\/wp\/v2\/posts\/215448","targetHints":{"allow":["GET"]}}],"collection":[{"href":"https:\/\/www.ffw-berg.de\/wordpress\/wp-json\/wp\/v2\/posts"}],"about":[{"href":"https:\/\/www.ffw-berg.de\/wordpress\/wp-json\/wp\/v2\/types\/post"}],"author":[{"embeddable":true,"href":"https:\/\/www.ffw-berg.de\/wordpress\/wp-json\/wp\/v2\/users\/2"}],"replies":[{"embeddable":true,"href":"https:\/\/www.ffw-berg.de\/wordpress\/wp-json\/wp\/v2\/comments?post=215448"}],"version-history":[{"count":0,"href":"https:\/\/www.ffw-berg.de\/wordpress\/wp-json\/wp\/v2\/posts\/215448\/revisions"}],"wp:featuredmedia":[{"embeddable":true,"href":"https:\/\/www.ffw-berg.de\/wordpress\/wp-json\/wp\/v2\/media\/215446"}],"wp:attachment":[{"href":"https:\/\/www.ffw-berg.de\/wordpress\/wp-json\/wp\/v2\/media?parent=215448"}],"wp:term":[{"taxonomy":"category","embeddable":true,"href":"https:\/\/www.ffw-berg.de\/wordpress\/wp-json\/wp\/v2\/categories?post=215448"},{"taxonomy":"post_tag","embeddable":true,"href":"https:\/\/www.ffw-berg.de\/wordpress\/wp-json\/wp\/v2\/tags?post=215448"}],"curies":[{"name":"wp","href":"https:\/\/api.w.org\/{rel}","templated":true}]}}