{"id":215538,"date":"2019-12-01T13:00:00","date_gmt":"2019-12-01T12:00:00","guid":{"rendered":"https:\/\/www.ffw-berg.de\/wordpress\/?p=215538"},"modified":"2020-02-15T16:12:58","modified_gmt":"2020-02-15T15:12:58","slug":"vorzeitiges-weihnachtsgeschenk-fuer-die-feuerwehr-berg","status":"publish","type":"post","link":"https:\/\/www.ffw-berg.de\/wordpress\/vorzeitiges-weihnachtsgeschenk-fuer-die-feuerwehr-berg\/","title":{"rendered":"Vorzeitiges Weihnachtsgeschenk f\u00fcr die Feuerwehr Berg"},"content":{"rendered":"\n<p>Anl\u00e4sslich des Helferessens zur Fertigstellung unseres Jugendraumes \u00fcberraschten uns Jutta und Michael Kuhne von der Firma Kuhne electronic in Berg mit einer weiteren gro\u00dfz\u00fcgigen Spende. <\/p>\n\n\n\n<p>Nachdem die Fa. Kuhne bereits den Ausbau der Dachgaube mit 300\u20ac unterst\u00fctzt hat, \u00fcberreichten die beiden weitere 500\u20ac an den Feuerwehrverein.<\/p>\n\n\n\n<p class=\"has-text-align-center\">Im Namen aller Mitglieder m\u00f6chten wir uns hierf\u00fcr nochmals recht herzlich bedanken!<\/p>\n\n\n\n<figure class=\"wp-block-image size-large\"><img loading=\"lazy\" decoding=\"async\" width=\"1080\" height=\"608\" src=\"https:\/\/www.ffw-berg.de\/wordpress\/wp-content\/uploads\/2019\/12\/jf_helferessen_15-1080x608.jpg\" alt=\"\" class=\"wp-image-215358\" srcset=\"https:\/\/www.ffw-berg.de\/wordpress\/wp-content\/uploads\/2019\/12\/jf_helferessen_15-1080x608.jpg 1080w, https:\/\/www.ffw-berg.de\/wordpress\/wp-content\/uploads\/2019\/12\/jf_helferessen_15-300x169.jpg 300w, https:\/\/www.ffw-berg.de\/wordpress\/wp-content\/uploads\/2019\/12\/jf_helferessen_15-120x68.jpg 120w, https:\/\/www.ffw-berg.de\/wordpress\/wp-content\/uploads\/2019\/12\/jf_helferessen_15-768x432.jpg 768w, https:\/\/www.ffw-berg.de\/wordpress\/wp-content\/uploads\/2019\/12\/jf_helferessen_15-1536x864.jpg 1536w, https:\/\/www.ffw-berg.de\/wordpress\/wp-content\/uploads\/2019\/12\/jf_helferessen_15-678x381.jpg 678w, https:\/\/www.ffw-berg.de\/wordpress\/wp-content\/uploads\/2019\/12\/jf_helferessen_15.jpg 1920w\" sizes=\"auto, (max-width: 1080px) 100vw, 1080px\" \/><figcaption><em>V<\/em>on links: Kommandant Martin Wurzbacher, Michael Kuhne, Jutta Kuhne, Vorstand Gerhard Br\u00fchschwein<\/figcaption><\/figure>\n","protected":false},"excerpt":{"rendered":"<div class=\"mh-excerpt\">Anl\u00e4sslich des Helferessens zur Fertigstellung unseres Jugendraumes \u00fcberraschten uns Jutta und Michael Kuhne von der Firma Kuhne electronic in Berg mit einer weiteren gro\u00dfz\u00fcgigen Spende. <\/div>\n<p> <a class=\"mh-excerpt-more\" href=\"https:\/\/www.ffw-berg.de\/wordpress\/vorzeitiges-weihnachtsgeschenk-fuer-die-feuerwehr-berg\/\" title=\"Vorzeitiges Weihnachtsgeschenk f\u00fcr die Feuerwehr Berg\">[  Mehr &gt;&gt; ]<\/a><\/p>\n","protected":false},"author":2,"featured_media":215358,"comment_status":"closed","ping_status":"open","sticky":false,"template":"","format":"standard","meta":{"footnotes":""},"categories":[747],"tags":[265,394,395,656,1084,1085],"class_list":{"0":"post-215538","1":"post","2":"type-post","3":"status-publish","4":"format-standard","5":"has-post-thumbnail","7":"category-wir-ueber-uns-2","8":"tag-feuerwehrverein","9":"tag-spende","10":"tag-spendenuebergabe","11":"tag-bergofr","12":"tag-fa-kuhne-electronic","13":"tag-spende19ke"},"_links":{"self":[{"href":"https:\/\/www.ffw-berg.de\/wordpress\/wp-json\/wp\/v2\/posts\/215538","targetHints":{"allow":["GET"]}}],"collection":[{"href":"https:\/\/www.ffw-berg.de\/wordpress\/wp-json\/wp\/v2\/posts"}],"about":[{"href":"https:\/\/www.ffw-berg.de\/wordpress\/wp-json\/wp\/v2\/types\/post"}],"author":[{"embeddable":true,"href":"https:\/\/www.ffw-berg.de\/wordpress\/wp-json\/wp\/v2\/users\/2"}],"replies":[{"embeddable":true,"href":"https:\/\/www.ffw-berg.de\/wordpress\/wp-json\/wp\/v2\/comments?post=215538"}],"version-history":[{"count":0,"href":"https:\/\/www.ffw-berg.de\/wordpress\/wp-json\/wp\/v2\/posts\/215538\/revisions"}],"wp:featuredmedia":[{"embeddable":true,"href":"https:\/\/www.ffw-berg.de\/wordpress\/wp-json\/wp\/v2\/media\/215358"}],"wp:attachment":[{"href":"https:\/\/www.ffw-berg.de\/wordpress\/wp-json\/wp\/v2\/media?parent=215538"}],"wp:term":[{"taxonomy":"category","embeddable":true,"href":"https:\/\/www.ffw-berg.de\/wordpress\/wp-json\/wp\/v2\/categories?post=215538"},{"taxonomy":"post_tag","embeddable":true,"href":"https:\/\/www.ffw-berg.de\/wordpress\/wp-json\/wp\/v2\/tags?post=215538"}],"curies":[{"name":"wp","href":"https:\/\/api.w.org\/{rel}","templated":true}]}}