{"id":215546,"date":"2020-01-11T23:00:00","date_gmt":"2020-01-11T22:00:00","guid":{"rendered":"https:\/\/www.ffw-berg.de\/wordpress\/?p=215546"},"modified":"2026-02-24T12:37:23","modified_gmt":"2026-02-24T11:37:23","slug":"30-jahre-partnerschaft-ff-hirschberg-saale-ff-berg-ofr","status":"publish","type":"post","link":"https:\/\/www.ffw-berg.de\/wordpress\/30-jahre-partnerschaft-ff-hirschberg-saale-ff-berg-ofr\/","title":{"rendered":"30 Jahre Partnerschaft FF  Hirschberg (Saale) &#8211; FF Berg\/Ofr."},"content":{"rendered":"\n<h2 class=\"wp-block-heading\">Gemeinsame Wanderung der beiden Wehren von Berg nach Hirschberg<\/h2>\n\n\n\n<p>Nachdem sich am 30.12.1989 Abordnungen beider Wehren erstmal auf der damals provisorisch gebauten Fu\u00dfg\u00e4ngerbr\u00fccke in Untertiefengr\u00fcn trafen, fand im Februar 1990 ein erstes Treffen im Feuerwehrger\u00e4tehaus Berg statt. Knapp 30 Jahre sp\u00e4ter trafen sich die Mitglieder beider Wehren erneut, um das Jubil\u00e4um der Partnerschaft zu feiern.&nbsp;<\/p>\n\n\n\n<figure class=\"wp-block-gallery columns-2 is-cropped wp-block-gallery-1 is-layout-flex wp-block-gallery-is-layout-flex\"><ul class=\"blocks-gallery-grid\"><li class=\"blocks-gallery-item\"><figure><a href=\"https:\/\/www.ffw-berg.de\/wordpress\/wp-content\/uploads\/2020\/01\/30jahre_B_H_3.jpeg\"><img loading=\"lazy\" decoding=\"async\" width=\"1080\" height=\"608\" src=\"https:\/\/www.ffw-berg.de\/wordpress\/wp-content\/uploads\/2020\/01\/30jahre_B_H_3-1080x608.jpeg\" alt=\"\" data-id=\"215549\" data-full-url=\"https:\/\/www.ffw-berg.de\/wordpress\/wp-content\/uploads\/2020\/01\/30jahre_B_H_3.jpeg\" data-link=\"https:\/\/www.ffw-berg.de\/wordpress\/30jahre_b_h_3\/\" class=\"wp-image-215549\" srcset=\"https:\/\/www.ffw-berg.de\/wordpress\/wp-content\/uploads\/2020\/01\/30jahre_B_H_3-1080x608.jpeg 1080w, https:\/\/www.ffw-berg.de\/wordpress\/wp-content\/uploads\/2020\/01\/30jahre_B_H_3-300x169.jpeg 300w, https:\/\/www.ffw-berg.de\/wordpress\/wp-content\/uploads\/2020\/01\/30jahre_B_H_3-120x68.jpeg 120w, https:\/\/www.ffw-berg.de\/wordpress\/wp-content\/uploads\/2020\/01\/30jahre_B_H_3-768x432.jpeg 768w, https:\/\/www.ffw-berg.de\/wordpress\/wp-content\/uploads\/2020\/01\/30jahre_B_H_3-1536x864.jpeg 1536w, https:\/\/www.ffw-berg.de\/wordpress\/wp-content\/uploads\/2020\/01\/30jahre_B_H_3-678x381.jpeg 678w, https:\/\/www.ffw-berg.de\/wordpress\/wp-content\/uploads\/2020\/01\/30jahre_B_H_3.jpeg 1920w\" sizes=\"auto, (max-width: 1080px) 100vw, 1080px\" \/><\/a><\/figure><\/li><li class=\"blocks-gallery-item\"><figure><a href=\"https:\/\/www.ffw-berg.de\/wordpress\/wp-content\/uploads\/2020\/01\/30jahre_B_H_5.jpeg\"><img loading=\"lazy\" decoding=\"async\" width=\"1080\" height=\"608\" src=\"https:\/\/www.ffw-berg.de\/wordpress\/wp-content\/uploads\/2020\/01\/30jahre_B_H_5-1080x608.jpeg\" alt=\"\" data-id=\"215550\" data-full-url=\"https:\/\/www.ffw-berg.de\/wordpress\/wp-content\/uploads\/2020\/01\/30jahre_B_H_5.jpeg\" data-link=\"https:\/\/www.ffw-berg.de\/wordpress\/30jahre_b_h_5\/\" class=\"wp-image-215550\" srcset=\"https:\/\/www.ffw-berg.de\/wordpress\/wp-content\/uploads\/2020\/01\/30jahre_B_H_5-1080x608.jpeg 1080w, https:\/\/www.ffw-berg.de\/wordpress\/wp-content\/uploads\/2020\/01\/30jahre_B_H_5-300x169.jpeg 300w, https:\/\/www.ffw-berg.de\/wordpress\/wp-content\/uploads\/2020\/01\/30jahre_B_H_5-120x68.jpeg 120w, https:\/\/www.ffw-berg.de\/wordpress\/wp-content\/uploads\/2020\/01\/30jahre_B_H_5-768x432.jpeg 768w, https:\/\/www.ffw-berg.de\/wordpress\/wp-content\/uploads\/2020\/01\/30jahre_B_H_5-1536x864.jpeg 1536w, https:\/\/www.ffw-berg.de\/wordpress\/wp-content\/uploads\/2020\/01\/30jahre_B_H_5-678x381.jpeg 678w, https:\/\/www.ffw-berg.de\/wordpress\/wp-content\/uploads\/2020\/01\/30jahre_B_H_5.jpeg 1920w\" sizes=\"auto, (max-width: 1080px) 100vw, 1080px\" \/><\/a><\/figure><\/li><li class=\"blocks-gallery-item\"><figure><a href=\"https:\/\/www.ffw-berg.de\/wordpress\/wp-content\/uploads\/2020\/01\/30jahre_B_H_37.jpg\"><img loading=\"lazy\" decoding=\"async\" width=\"1080\" height=\"608\" src=\"https:\/\/www.ffw-berg.de\/wordpress\/wp-content\/uploads\/2020\/01\/30jahre_B_H_37-1080x608.jpg\" alt=\"\" data-id=\"215559\" data-full-url=\"https:\/\/www.ffw-berg.de\/wordpress\/wp-content\/uploads\/2020\/01\/30jahre_B_H_37.jpg\" data-link=\"https:\/\/www.ffw-berg.de\/wordpress\/30jahre_b_h_37\/\" class=\"wp-image-215559\" srcset=\"https:\/\/www.ffw-berg.de\/wordpress\/wp-content\/uploads\/2020\/01\/30jahre_B_H_37-1080x608.jpg 1080w, https:\/\/www.ffw-berg.de\/wordpress\/wp-content\/uploads\/2020\/01\/30jahre_B_H_37-300x169.jpg 300w, https:\/\/www.ffw-berg.de\/wordpress\/wp-content\/uploads\/2020\/01\/30jahre_B_H_37-120x68.jpg 120w, https:\/\/www.ffw-berg.de\/wordpress\/wp-content\/uploads\/2020\/01\/30jahre_B_H_37-768x432.jpg 768w, https:\/\/www.ffw-berg.de\/wordpress\/wp-content\/uploads\/2020\/01\/30jahre_B_H_37-1536x864.jpg 1536w, https:\/\/www.ffw-berg.de\/wordpress\/wp-content\/uploads\/2020\/01\/30jahre_B_H_37-678x381.jpg 678w, https:\/\/www.ffw-berg.de\/wordpress\/wp-content\/uploads\/2020\/01\/30jahre_B_H_37.jpg 1920w\" sizes=\"auto, (max-width: 1080px) 100vw, 1080px\" \/><\/a><\/figure><\/li><li class=\"blocks-gallery-item\"><figure><a href=\"https:\/\/www.ffw-berg.de\/wordpress\/wp-content\/uploads\/2020\/01\/30jahre_B_H_19.jpeg\"><img loading=\"lazy\" decoding=\"async\" width=\"1080\" height=\"608\" src=\"https:\/\/www.ffw-berg.de\/wordpress\/wp-content\/uploads\/2020\/01\/30jahre_B_H_19-1080x608.jpeg\" alt=\"\" data-id=\"215553\" data-full-url=\"https:\/\/www.ffw-berg.de\/wordpress\/wp-content\/uploads\/2020\/01\/30jahre_B_H_19.jpeg\" data-link=\"https:\/\/www.ffw-berg.de\/wordpress\/30jahre_b_h_19\/\" class=\"wp-image-215553\" srcset=\"https:\/\/www.ffw-berg.de\/wordpress\/wp-content\/uploads\/2020\/01\/30jahre_B_H_19-1080x608.jpeg 1080w, https:\/\/www.ffw-berg.de\/wordpress\/wp-content\/uploads\/2020\/01\/30jahre_B_H_19-300x169.jpeg 300w, https:\/\/www.ffw-berg.de\/wordpress\/wp-content\/uploads\/2020\/01\/30jahre_B_H_19-120x68.jpeg 120w, https:\/\/www.ffw-berg.de\/wordpress\/wp-content\/uploads\/2020\/01\/30jahre_B_H_19-768x432.jpeg 768w, https:\/\/www.ffw-berg.de\/wordpress\/wp-content\/uploads\/2020\/01\/30jahre_B_H_19-1536x864.jpeg 1536w, https:\/\/www.ffw-berg.de\/wordpress\/wp-content\/uploads\/2020\/01\/30jahre_B_H_19-678x381.jpeg 678w, https:\/\/www.ffw-berg.de\/wordpress\/wp-content\/uploads\/2020\/01\/30jahre_B_H_19.jpeg 1920w\" sizes=\"auto, (max-width: 1080px) 100vw, 1080px\" \/><\/a><\/figure><\/li><li class=\"blocks-gallery-item\"><figure><a href=\"https:\/\/www.ffw-berg.de\/wordpress\/wp-content\/uploads\/2020\/01\/30jahre_B_H_14.jpeg\"><img loading=\"lazy\" decoding=\"async\" width=\"1080\" height=\"608\" src=\"https:\/\/www.ffw-berg.de\/wordpress\/wp-content\/uploads\/2020\/01\/30jahre_B_H_14-1080x608.jpeg\" alt=\"\" data-id=\"215551\" data-full-url=\"https:\/\/www.ffw-berg.de\/wordpress\/wp-content\/uploads\/2020\/01\/30jahre_B_H_14.jpeg\" data-link=\"https:\/\/www.ffw-berg.de\/wordpress\/30jahre_b_h_14\/\" class=\"wp-image-215551\" srcset=\"https:\/\/www.ffw-berg.de\/wordpress\/wp-content\/uploads\/2020\/01\/30jahre_B_H_14-1080x608.jpeg 1080w, https:\/\/www.ffw-berg.de\/wordpress\/wp-content\/uploads\/2020\/01\/30jahre_B_H_14-300x169.jpeg 300w, https:\/\/www.ffw-berg.de\/wordpress\/wp-content\/uploads\/2020\/01\/30jahre_B_H_14-120x68.jpeg 120w, https:\/\/www.ffw-berg.de\/wordpress\/wp-content\/uploads\/2020\/01\/30jahre_B_H_14-768x432.jpeg 768w, https:\/\/www.ffw-berg.de\/wordpress\/wp-content\/uploads\/2020\/01\/30jahre_B_H_14-1536x864.jpeg 1536w, https:\/\/www.ffw-berg.de\/wordpress\/wp-content\/uploads\/2020\/01\/30jahre_B_H_14-678x381.jpeg 678w, https:\/\/www.ffw-berg.de\/wordpress\/wp-content\/uploads\/2020\/01\/30jahre_B_H_14.jpeg 1920w\" sizes=\"auto, (max-width: 1080px) 100vw, 1080px\" \/><\/a><\/figure><\/li><\/ul><\/figure>\n\n\n\n<p>Nach einer gemeinsamen Wanderung von Berg \u00fcber Gottsmannsgr\u00fcn und die \u201cBr\u00fccke der Freiheit\u201d (Gruppenfoto siehe Bild) in Untertiefengr\u00fcn, fanden sich die Mitglieder der beiden Feuerwehrvereine im Feuerwehrger\u00e4tehaus Hirschberg zu einem gemeinsamen Abendessen ein. <\/p>\n\n\n\n<figure class=\"wp-block-gallery columns-1 is-cropped wp-block-gallery-2 is-layout-flex wp-block-gallery-is-layout-flex\"><ul class=\"blocks-gallery-grid\"><li class=\"blocks-gallery-item\"><figure><a href=\"https:\/\/www.ffw-berg.de\/wordpress\/wp-content\/uploads\/2020\/01\/30jahre_B_H_17.jpeg\"><img loading=\"lazy\" decoding=\"async\" width=\"1080\" height=\"608\" src=\"https:\/\/www.ffw-berg.de\/wordpress\/wp-content\/uploads\/2020\/01\/30jahre_B_H_17-1080x608.jpeg\" alt=\"\" data-id=\"215552\" data-full-url=\"https:\/\/www.ffw-berg.de\/wordpress\/wp-content\/uploads\/2020\/01\/30jahre_B_H_17.jpeg\" data-link=\"https:\/\/www.ffw-berg.de\/wordpress\/30jahre_b_h_17\/\" class=\"wp-image-215552\" srcset=\"https:\/\/www.ffw-berg.de\/wordpress\/wp-content\/uploads\/2020\/01\/30jahre_B_H_17-1080x608.jpeg 1080w, https:\/\/www.ffw-berg.de\/wordpress\/wp-content\/uploads\/2020\/01\/30jahre_B_H_17-300x169.jpeg 300w, https:\/\/www.ffw-berg.de\/wordpress\/wp-content\/uploads\/2020\/01\/30jahre_B_H_17-120x68.jpeg 120w, https:\/\/www.ffw-berg.de\/wordpress\/wp-content\/uploads\/2020\/01\/30jahre_B_H_17-768x432.jpeg 768w, https:\/\/www.ffw-berg.de\/wordpress\/wp-content\/uploads\/2020\/01\/30jahre_B_H_17-1536x864.jpeg 1536w, https:\/\/www.ffw-berg.de\/wordpress\/wp-content\/uploads\/2020\/01\/30jahre_B_H_17-678x381.jpeg 678w, https:\/\/www.ffw-berg.de\/wordpress\/wp-content\/uploads\/2020\/01\/30jahre_B_H_17.jpeg 1920w\" sizes=\"auto, (max-width: 1080px) 100vw, 1080px\" \/><\/a><\/figure><\/li><\/ul><\/figure>\n\n\n\n<p>Zu Beginn der Abendveranstaltungen blickten die beiden Vereinsvorst\u00e4nde Lutz Gablenz und Gerhard Br\u00fchschwein auf die letzten drei Jahrzehnte zur\u00fcck, in denen beide Vereine immer enger zusammenwuchsen.&nbsp;&nbsp;&nbsp;<\/p>\n\n\n\n<figure class=\"wp-block-gallery columns-1 is-cropped wp-block-gallery-3 is-layout-flex wp-block-gallery-is-layout-flex\"><ul class=\"blocks-gallery-grid\"><li class=\"blocks-gallery-item\"><figure><a href=\"https:\/\/www.ffw-berg.de\/wordpress\/wp-content\/uploads\/2020\/01\/30jahre_B_H_32.jpg\"><img loading=\"lazy\" decoding=\"async\" width=\"1080\" height=\"608\" src=\"https:\/\/www.ffw-berg.de\/wordpress\/wp-content\/uploads\/2020\/01\/30jahre_B_H_32-1080x608.jpg\" alt=\"\" data-id=\"215558\" data-full-url=\"https:\/\/www.ffw-berg.de\/wordpress\/wp-content\/uploads\/2020\/01\/30jahre_B_H_32.jpg\" data-link=\"https:\/\/www.ffw-berg.de\/wordpress\/30jahre_b_h_32\/\" class=\"wp-image-215558\" srcset=\"https:\/\/www.ffw-berg.de\/wordpress\/wp-content\/uploads\/2020\/01\/30jahre_B_H_32-1080x608.jpg 1080w, https:\/\/www.ffw-berg.de\/wordpress\/wp-content\/uploads\/2020\/01\/30jahre_B_H_32-300x169.jpg 300w, https:\/\/www.ffw-berg.de\/wordpress\/wp-content\/uploads\/2020\/01\/30jahre_B_H_32-120x68.jpg 120w, https:\/\/www.ffw-berg.de\/wordpress\/wp-content\/uploads\/2020\/01\/30jahre_B_H_32-768x432.jpg 768w, https:\/\/www.ffw-berg.de\/wordpress\/wp-content\/uploads\/2020\/01\/30jahre_B_H_32-1536x864.jpg 1536w, https:\/\/www.ffw-berg.de\/wordpress\/wp-content\/uploads\/2020\/01\/30jahre_B_H_32-678x381.jpg 678w, https:\/\/www.ffw-berg.de\/wordpress\/wp-content\/uploads\/2020\/01\/30jahre_B_H_32.jpg 1920w\" sizes=\"auto, (max-width: 1080px) 100vw, 1080px\" \/><\/a><\/figure><\/li><\/ul><\/figure>\n\n\n\n<p>Beide Feuerwehren verbindet eine enge Freundschaft die vom ersten Kontakt direkt nach dem Fall des Eisernen Vorhangs bis in die Gegenwart reicht. Neben vielen gemeinsamen Veranstaltungen und \u00dcbungen unterst\u00fctzen sich die beiden Wehren auch gegenseitig bei Eins\u00e4tzen, wie beispielsweise beim Hochwasser 2007 in Hirschberg oder erst k\u00fcrzlich bei einem Waldbrand am Steilhang der Saale nahe Untertiefengr\u00fcn. Leider muss hierzu erw\u00e4hnt w\u00e4ren, dass auch nach 30 Jahren noch immer keine reibungslose Alarmierung zwischen Bayern und Th\u00fcringen ohne zeitliche Verz\u00f6gerung m\u00f6glich ist.&nbsp;<\/p>\n\n\n\n<p>Die B\u00fcrgermeister beider Kommunen, Patricia Rubner und R\u00fcdiger Wohl, die sich ebenfalls unter den G\u00e4sten befanden, begl\u00fcckw\u00fcnschten beide Feuerwehren f\u00fcr ihre vorbildliche freundschaftliche Zusammenarbeit und das Miteinander in den letzten 30 Jahren.&nbsp;<\/p>\n\n\n\n<figure class=\"wp-block-gallery columns-2 is-cropped wp-block-gallery-4 is-layout-flex wp-block-gallery-is-layout-flex\"><ul class=\"blocks-gallery-grid\"><li class=\"blocks-gallery-item\"><figure><img loading=\"lazy\" decoding=\"async\" width=\"1080\" height=\"608\" src=\"https:\/\/www.ffw-berg.de\/wordpress\/wp-content\/uploads\/2020\/01\/30jahre_B_H_30-1080x608.jpg\" alt=\"\" data-id=\"215557\" data-full-url=\"https:\/\/www.ffw-berg.de\/wordpress\/wp-content\/uploads\/2020\/01\/30jahre_B_H_30.jpg\" data-link=\"https:\/\/www.ffw-berg.de\/wordpress\/30jahre_b_h_30\/\" class=\"wp-image-215557\" srcset=\"https:\/\/www.ffw-berg.de\/wordpress\/wp-content\/uploads\/2020\/01\/30jahre_B_H_30-1080x608.jpg 1080w, https:\/\/www.ffw-berg.de\/wordpress\/wp-content\/uploads\/2020\/01\/30jahre_B_H_30-300x169.jpg 300w, https:\/\/www.ffw-berg.de\/wordpress\/wp-content\/uploads\/2020\/01\/30jahre_B_H_30-120x68.jpg 120w, https:\/\/www.ffw-berg.de\/wordpress\/wp-content\/uploads\/2020\/01\/30jahre_B_H_30-768x432.jpg 768w, https:\/\/www.ffw-berg.de\/wordpress\/wp-content\/uploads\/2020\/01\/30jahre_B_H_30-1536x864.jpg 1536w, https:\/\/www.ffw-berg.de\/wordpress\/wp-content\/uploads\/2020\/01\/30jahre_B_H_30-678x381.jpg 678w, https:\/\/www.ffw-berg.de\/wordpress\/wp-content\/uploads\/2020\/01\/30jahre_B_H_30.jpg 1920w\" sizes=\"auto, (max-width: 1080px) 100vw, 1080px\" \/><\/figure><\/li><li class=\"blocks-gallery-item\"><figure><img loading=\"lazy\" decoding=\"async\" width=\"1080\" height=\"608\" src=\"https:\/\/www.ffw-berg.de\/wordpress\/wp-content\/uploads\/2020\/01\/30jahre_B_H_26-1080x608.jpeg\" alt=\"\" data-id=\"215556\" data-full-url=\"https:\/\/www.ffw-berg.de\/wordpress\/wp-content\/uploads\/2020\/01\/30jahre_B_H_26.jpeg\" data-link=\"https:\/\/www.ffw-berg.de\/wordpress\/30jahre_b_h_26\/\" class=\"wp-image-215556\" srcset=\"https:\/\/www.ffw-berg.de\/wordpress\/wp-content\/uploads\/2020\/01\/30jahre_B_H_26-1080x608.jpeg 1080w, https:\/\/www.ffw-berg.de\/wordpress\/wp-content\/uploads\/2020\/01\/30jahre_B_H_26-300x169.jpeg 300w, https:\/\/www.ffw-berg.de\/wordpress\/wp-content\/uploads\/2020\/01\/30jahre_B_H_26-120x68.jpeg 120w, https:\/\/www.ffw-berg.de\/wordpress\/wp-content\/uploads\/2020\/01\/30jahre_B_H_26-768x432.jpeg 768w, https:\/\/www.ffw-berg.de\/wordpress\/wp-content\/uploads\/2020\/01\/30jahre_B_H_26-1536x864.jpeg 1536w, https:\/\/www.ffw-berg.de\/wordpress\/wp-content\/uploads\/2020\/01\/30jahre_B_H_26-678x381.jpeg 678w, https:\/\/www.ffw-berg.de\/wordpress\/wp-content\/uploads\/2020\/01\/30jahre_B_H_26.jpeg 1920w\" sizes=\"auto, (max-width: 1080px) 100vw, 1080px\" \/><\/figure><\/li><li class=\"blocks-gallery-item\"><figure><img loading=\"lazy\" decoding=\"async\" width=\"1080\" height=\"608\" src=\"https:\/\/www.ffw-berg.de\/wordpress\/wp-content\/uploads\/2020\/01\/30jahre_B_H_24-1080x608.jpeg\" alt=\"\" data-id=\"215555\" data-full-url=\"https:\/\/www.ffw-berg.de\/wordpress\/wp-content\/uploads\/2020\/01\/30jahre_B_H_24.jpeg\" data-link=\"https:\/\/www.ffw-berg.de\/wordpress\/30jahre_b_h_24\/\" class=\"wp-image-215555\" srcset=\"https:\/\/www.ffw-berg.de\/wordpress\/wp-content\/uploads\/2020\/01\/30jahre_B_H_24-1080x608.jpeg 1080w, https:\/\/www.ffw-berg.de\/wordpress\/wp-content\/uploads\/2020\/01\/30jahre_B_H_24-300x169.jpeg 300w, https:\/\/www.ffw-berg.de\/wordpress\/wp-content\/uploads\/2020\/01\/30jahre_B_H_24-120x68.jpeg 120w, https:\/\/www.ffw-berg.de\/wordpress\/wp-content\/uploads\/2020\/01\/30jahre_B_H_24-768x432.jpeg 768w, https:\/\/www.ffw-berg.de\/wordpress\/wp-content\/uploads\/2020\/01\/30jahre_B_H_24-1536x864.jpeg 1536w, https:\/\/www.ffw-berg.de\/wordpress\/wp-content\/uploads\/2020\/01\/30jahre_B_H_24-678x381.jpeg 678w, https:\/\/www.ffw-berg.de\/wordpress\/wp-content\/uploads\/2020\/01\/30jahre_B_H_24.jpeg 1920w\" sizes=\"auto, (max-width: 1080px) 100vw, 1080px\" \/><\/figure><\/li><\/ul><\/figure>\n\n\n\n<p>Im Anschluss an das Essen lie\u00dfen die Mitglieder den Abend in gem\u00fctlicher Runde mit vielen Erinnerungen an die Vergangenheit ausklingen.&nbsp;<\/p>\n\n\n\n<div class=\"wp-block-image\"><figure class=\"aligncenter size-large\"><img loading=\"lazy\" decoding=\"async\" width=\"432\" height=\"768\" src=\"https:\/\/www.ffw-berg.de\/wordpress\/wp-content\/uploads\/2020\/01\/30jahre_B_H_20-432x768.jpeg\" alt=\"\" class=\"wp-image-215554\" srcset=\"https:\/\/www.ffw-berg.de\/wordpress\/wp-content\/uploads\/2020\/01\/30jahre_B_H_20-432x768.jpeg 432w, https:\/\/www.ffw-berg.de\/wordpress\/wp-content\/uploads\/2020\/01\/30jahre_B_H_20-141x250.jpeg 141w, https:\/\/www.ffw-berg.de\/wordpress\/wp-content\/uploads\/2020\/01\/30jahre_B_H_20-68x120.jpeg 68w, https:\/\/www.ffw-berg.de\/wordpress\/wp-content\/uploads\/2020\/01\/30jahre_B_H_20-768x1365.jpeg 768w, https:\/\/www.ffw-berg.de\/wordpress\/wp-content\/uploads\/2020\/01\/30jahre_B_H_20-864x1536.jpeg 864w, https:\/\/www.ffw-berg.de\/wordpress\/wp-content\/uploads\/2020\/01\/30jahre_B_H_20.jpeg 1030w\" sizes=\"auto, (max-width: 432px) 100vw, 432px\" \/><figcaption>Unsere Wanderstrecke von Berg nach Hirschberg\/S.<\/figcaption><\/figure><\/div>\n\n\n\n<h4 class=\"wp-block-heading\">Mehr Informationen:<\/h4>\n\n\n\n<p>Informationen zum Geschichtlichen Hintergrund <strong><a href=\"https:\/\/www.ffw-berg.de\/wordpress\/25-jahre-feuerwehrpartnerschaft-ff-berg-ff-hirschbergsaale\/#history\">finden Sie hier &gt;<\/a><\/strong><\/p>\n\n\n\n<p><\/p>\n","protected":false},"excerpt":{"rendered":"<div class=\"mh-excerpt\">Nachdem sich am 30.12.1989 Abordnungen beider Wehren erstmal auf der damals provisorisch gebauten Fu\u00dfg\u00e4ngerbr\u00fccke in Untertiefengr\u00fcn trafen, wiederholten dies nun knapp 30 Jahre sp\u00e4ter wieder die Mitglieder beider Wehren, um das Jubil\u00e4um der Partnerschaft zu feiern.<\/div>\n<p> <a class=\"mh-excerpt-more\" href=\"https:\/\/www.ffw-berg.de\/wordpress\/30-jahre-partnerschaft-ff-hirschberg-saale-ff-berg-ofr\/\" title=\"30 Jahre Partnerschaft FF  Hirschberg (Saale) &#8211; FF Berg\/Ofr.\">[  Mehr &gt;&gt; ]<\/a><\/p>\n","protected":false},"author":2,"featured_media":215552,"comment_status":"closed","ping_status":"open","sticky":false,"template":"","format":"standard","meta":{"footnotes":""},"categories":[896,294],"tags":[178,297,510,518,1087,1088,1089,1090,1091,1092],"class_list":{"0":"post-215546","1":"post","2":"type-post","3":"status-publish","4":"format-standard","5":"has-post-thumbnail","7":"category-pressearchiv","8":"category-sonstige-veranstaltungen","9":"tag-berg","10":"tag-ff-bergofr","11":"tag-ff-hirschbergsaale","12":"tag-nachbarschaftshilfe","13":"tag-30-jahre-feuerwehrfreundschaft","14":"tag-wanderung","15":"tag-hirschberg-saale","16":"tag-abendessen","17":"tag-alarmierungsprobleme","18":"tag-30j"},"_links":{"self":[{"href":"https:\/\/www.ffw-berg.de\/wordpress\/wp-json\/wp\/v2\/posts\/215546","targetHints":{"allow":["GET"]}}],"collection":[{"href":"https:\/\/www.ffw-berg.de\/wordpress\/wp-json\/wp\/v2\/posts"}],"about":[{"href":"https:\/\/www.ffw-berg.de\/wordpress\/wp-json\/wp\/v2\/types\/post"}],"author":[{"embeddable":true,"href":"https:\/\/www.ffw-berg.de\/wordpress\/wp-json\/wp\/v2\/users\/2"}],"replies":[{"embeddable":true,"href":"https:\/\/www.ffw-berg.de\/wordpress\/wp-json\/wp\/v2\/comments?post=215546"}],"version-history":[{"count":0,"href":"https:\/\/www.ffw-berg.de\/wordpress\/wp-json\/wp\/v2\/posts\/215546\/revisions"}],"wp:featuredmedia":[{"embeddable":true,"href":"https:\/\/www.ffw-berg.de\/wordpress\/wp-json\/wp\/v2\/media\/215552"}],"wp:attachment":[{"href":"https:\/\/www.ffw-berg.de\/wordpress\/wp-json\/wp\/v2\/media?parent=215546"}],"wp:term":[{"taxonomy":"category","embeddable":true,"href":"https:\/\/www.ffw-berg.de\/wordpress\/wp-json\/wp\/v2\/categories?post=215546"},{"taxonomy":"post_tag","embeddable":true,"href":"https:\/\/www.ffw-berg.de\/wordpress\/wp-json\/wp\/v2\/tags?post=215546"}],"curies":[{"name":"wp","href":"https:\/\/api.w.org\/{rel}","templated":true}]}}