{"id":215635,"date":"2020-02-28T23:00:00","date_gmt":"2020-02-28T22:00:00","guid":{"rendered":"https:\/\/www.ffw-berg.de\/wordpress\/?p=215635"},"modified":"2020-05-12T10:11:07","modified_gmt":"2020-05-12T08:11:07","slug":"jhv-2020-generationenwechsel-vollzogen","status":"publish","type":"post","link":"https:\/\/www.ffw-berg.de\/wordpress\/jhv-2020-generationenwechsel-vollzogen\/","title":{"rendered":"JHV 2020 &#8211; Generationenwechsel vollzogen"},"content":{"rendered":"\n<h2 class=\"wp-block-heading\">87 Eins\u00e4tze mit 1807 Einsatzstunden geleistet<\/h2>\n\n\n\n<p>Am Freitag, 28.02.20, fand im Gasthof zur Traube die allj\u00e4hrliche Jahreshauptversammlung der Freiwilligen Feuerwehr Berg statt.&nbsp;<\/p>\n\n\n\n<p>Im Jahr 2019 wurde die Feuerwehr Berg zu insgesamt 87 Eins\u00e4tzen alarmiert, diese gliedern sich auf in 41 Brandeins\u00e4tze, 41 THL-Eins\u00e4tze und 4 Sicherheitswachen und 1 Gefahrguteinsatz. Insgesamt wurden 1807 Einsatzstunden geleistet.<\/p>\n\n\n\n<p>Vergangenes Jahr konnten 7 Neueintritte in die Wehr verzeichnet werden. Elisa Linke, Isabell M\u00fcller, Jonah Procksch, Franziska Reintsch, Bianca Schmack wurden per Handschlag in die Wehr aufgenommen, zus\u00e4tzlich unterst\u00fctzen Andreas Braun und Maik Rank die Wehr tags\u00fcber bei Eins\u00e4tzen. Somit leisten derzeit 60 Aktive in der Wehr aktiven Feuerwehrdienst, darunter 12 Jugendliche und 11 Kameraden mit Doppelmitgliedschaften.<\/p>\n\n\n\n<figure class=\"wp-block-gallery columns-2 is-cropped wp-block-gallery-1 is-layout-flex wp-block-gallery-is-layout-flex\"><ul class=\"blocks-gallery-grid\"><li class=\"blocks-gallery-item\"><figure><a href=\"https:\/\/www.ffw-berg.de\/wordpress\/wp-content\/uploads\/2020\/04\/ffberg_jhv2020_8.jpeg\"><img loading=\"lazy\" decoding=\"async\" width=\"1080\" height=\"607\" src=\"https:\/\/www.ffw-berg.de\/wordpress\/wp-content\/uploads\/2020\/04\/ffberg_jhv2020_8-1080x607.jpeg\" alt=\"\" data-id=\"215711\" data-full-url=\"https:\/\/www.ffw-berg.de\/wordpress\/wp-content\/uploads\/2020\/04\/ffberg_jhv2020_8.jpeg\" data-link=\"https:\/\/www.ffw-berg.de\/wordpress\/ffberg_jhv2020_8\/\" class=\"wp-image-215711\" srcset=\"https:\/\/www.ffw-berg.de\/wordpress\/wp-content\/uploads\/2020\/04\/ffberg_jhv2020_8-1080x607.jpeg 1080w, https:\/\/www.ffw-berg.de\/wordpress\/wp-content\/uploads\/2020\/04\/ffberg_jhv2020_8-300x169.jpeg 300w, https:\/\/www.ffw-berg.de\/wordpress\/wp-content\/uploads\/2020\/04\/ffberg_jhv2020_8-120x67.jpeg 120w, https:\/\/www.ffw-berg.de\/wordpress\/wp-content\/uploads\/2020\/04\/ffberg_jhv2020_8-768x432.jpeg 768w, https:\/\/www.ffw-berg.de\/wordpress\/wp-content\/uploads\/2020\/04\/ffberg_jhv2020_8-1536x863.jpeg 1536w, https:\/\/www.ffw-berg.de\/wordpress\/wp-content\/uploads\/2020\/04\/ffberg_jhv2020_8-678x381.jpeg 678w, https:\/\/www.ffw-berg.de\/wordpress\/wp-content\/uploads\/2020\/04\/ffberg_jhv2020_8.jpeg 1920w\" sizes=\"auto, (max-width: 1080px) 100vw, 1080px\" \/><\/a><\/figure><\/li><li class=\"blocks-gallery-item\"><figure><a href=\"https:\/\/www.ffw-berg.de\/wordpress\/wp-content\/uploads\/2020\/03\/ffberg_jhv2020_2.jpg\"><img loading=\"lazy\" decoding=\"async\" width=\"1080\" height=\"608\" src=\"https:\/\/www.ffw-berg.de\/wordpress\/wp-content\/uploads\/2020\/03\/ffberg_jhv2020_2-1080x608.jpg\" alt=\"\" data-id=\"215627\" data-full-url=\"https:\/\/www.ffw-berg.de\/wordpress\/wp-content\/uploads\/2020\/03\/ffberg_jhv2020_2.jpg\" data-link=\"https:\/\/www.ffw-berg.de\/wordpress\/ffberg_jhv2020_2\/\" class=\"wp-image-215627\" srcset=\"https:\/\/www.ffw-berg.de\/wordpress\/wp-content\/uploads\/2020\/03\/ffberg_jhv2020_2-1080x608.jpg 1080w, https:\/\/www.ffw-berg.de\/wordpress\/wp-content\/uploads\/2020\/03\/ffberg_jhv2020_2-300x169.jpg 300w, https:\/\/www.ffw-berg.de\/wordpress\/wp-content\/uploads\/2020\/03\/ffberg_jhv2020_2-120x68.jpg 120w, https:\/\/www.ffw-berg.de\/wordpress\/wp-content\/uploads\/2020\/03\/ffberg_jhv2020_2-768x432.jpg 768w, https:\/\/www.ffw-berg.de\/wordpress\/wp-content\/uploads\/2020\/03\/ffberg_jhv2020_2-1536x864.jpg 1536w, https:\/\/www.ffw-berg.de\/wordpress\/wp-content\/uploads\/2020\/03\/ffberg_jhv2020_2-678x381.jpg 678w, https:\/\/www.ffw-berg.de\/wordpress\/wp-content\/uploads\/2020\/03\/ffberg_jhv2020_2.jpg 1920w\" sizes=\"auto, (max-width: 1080px) 100vw, 1080px\" \/><\/a><\/figure><\/li><li class=\"blocks-gallery-item\"><figure><a href=\"https:\/\/www.ffw-berg.de\/wordpress\/wp-content\/uploads\/2020\/03\/ffberg_jhv2020_7.jpg\"><img loading=\"lazy\" decoding=\"async\" width=\"1080\" height=\"608\" src=\"https:\/\/www.ffw-berg.de\/wordpress\/wp-content\/uploads\/2020\/03\/ffberg_jhv2020_7-1080x608.jpg\" alt=\"\" data-id=\"215632\" data-full-url=\"https:\/\/www.ffw-berg.de\/wordpress\/wp-content\/uploads\/2020\/03\/ffberg_jhv2020_7.jpg\" data-link=\"https:\/\/www.ffw-berg.de\/wordpress\/ffberg_jhv2020_7\/\" class=\"wp-image-215632\" srcset=\"https:\/\/www.ffw-berg.de\/wordpress\/wp-content\/uploads\/2020\/03\/ffberg_jhv2020_7-1080x608.jpg 1080w, https:\/\/www.ffw-berg.de\/wordpress\/wp-content\/uploads\/2020\/03\/ffberg_jhv2020_7-300x169.jpg 300w, https:\/\/www.ffw-berg.de\/wordpress\/wp-content\/uploads\/2020\/03\/ffberg_jhv2020_7-120x68.jpg 120w, https:\/\/www.ffw-berg.de\/wordpress\/wp-content\/uploads\/2020\/03\/ffberg_jhv2020_7-768x432.jpg 768w, https:\/\/www.ffw-berg.de\/wordpress\/wp-content\/uploads\/2020\/03\/ffberg_jhv2020_7-1536x864.jpg 1536w, https:\/\/www.ffw-berg.de\/wordpress\/wp-content\/uploads\/2020\/03\/ffberg_jhv2020_7-678x381.jpg 678w, https:\/\/www.ffw-berg.de\/wordpress\/wp-content\/uploads\/2020\/03\/ffberg_jhv2020_7.jpg 1920w\" sizes=\"auto, (max-width: 1080px) 100vw, 1080px\" \/><\/a><\/figure><\/li><\/ul><\/figure>\n\n\n\n<p>Auf passiver Seite konnte ebenfalls wieder ein Zuwachs an Mitglieder verzeichnet werden, aktuell hat der Feuerwehrverein 71 passive Mitglieder und 3 Ehrenmitglieder.<\/p>\n\n\n\n<p>Nachdem der bisherige Vereinsvorsitzende Gerhard Br\u00fchschwein f\u00fcr eine weitere Amtsperiode nicht mehr zur Verf\u00fcgung stand, setzte sich Fabian Korn bei der Wahl zum neuen Vorstand des Feuerwehrvereins durch.&nbsp;<\/p>\n\n\n\n<p>An der Jahreshauptversammlung wurden folgende Bef\u00f6rderungen und Ehrungen vorgenommen: Emma Eibisch, Nicolas Fichna und Cosima Rubner wurden zum <strong>Feuerwehrmann\/-frau<\/strong> bef\u00f6rdert.<\/p>\n\n\n\n<p>Anna Haas, Fabian Korn, Felix Korn und Marcel Resch wurden zum <strong>Oberfeuerwehrmann\/-frau<\/strong> bef\u00f6rdert.<\/p>\n\n\n\n<p>Zum <strong>Hauptfeuerwehrmann<\/strong> wurde Thomas Reichstein bef\u00f6rdert.<\/p>\n\n\n\n<p>KBI Rolf Hornfischer ehrte au\u00dferdem Udo Kirrbach und Gunther Schaller f\u00fcr <strong>40 Jahre aktiven Dienst<\/strong>, neben dem Ehrenzeichen und Urkunde erhielt er als besonderes Dankesch\u00f6n eine Woche Gratisaufenthalt im Feuerwehrerholungsheim Sankt Florian in Bayerisch Gmain.<\/p>\n\n\n\n<p>F\u00fcr langj\u00e4hrige Vereinszugeh\u00f6rigkeit wurden Sabine Kniebaum (<strong>20 Jahre<\/strong>) und Manfred Resch (<strong>30 Jahre<\/strong>) geehrt. <\/p>\n\n\n\n<p>Als Dankesch\u00f6n f\u00fcr die fotografische Begleitung \u00fcber das ganze Jahr erhielt Fotograf Bernd Schlegel einen Pr\u00e4sentkorb. <\/p>\n\n\n\n<p>Edelgard Peetz wurde zudem <strong>zum Ehrenmitglied<\/strong> ernannt.<\/p>\n\n\n\n<p class=\"has-small-font-size\">Bericht: Maximilian Schaller<\/p>\n","protected":false},"excerpt":{"rendered":"<div class=\"mh-excerpt\">87 Eins\u00e4tze mit 1807 Einsatzstunden geleistet Am Freitag, 28.02.20, fand im Gasthof zur Traube die allj\u00e4hrliche Jahreshauptversammlung der Freiwilligen Feuerwehr Berg statt.&nbsp; Im Jahr 2019 wurde die Feuerwehr Berg zu <a class=\"mh-excerpt-more\" href=\"https:\/\/www.ffw-berg.de\/wordpress\/jhv-2020-generationenwechsel-vollzogen\/\" title=\"JHV 2020 &#8211; Generationenwechsel vollzogen\">[  Mehr &gt;&gt; ]<\/a><\/div>\n","protected":false},"author":2,"featured_media":215630,"comment_status":"closed","ping_status":"open","sticky":false,"template":"","format":"standard","meta":{"footnotes":""},"categories":[271,896,421,47,46],"tags":[1108],"class_list":{"0":"post-215635","1":"post","2":"type-post","3":"status-publish","4":"format-standard","5":"has-post-thumbnail","7":"category-jahreshauptversammlung","8":"category-pressearchiv","9":"category-neuwahlen","10":"category-ehrungen","11":"category-wir-ueber-uns","12":"tag-jhv2020"},"_links":{"self":[{"href":"https:\/\/www.ffw-berg.de\/wordpress\/wp-json\/wp\/v2\/posts\/215635","targetHints":{"allow":["GET"]}}],"collection":[{"href":"https:\/\/www.ffw-berg.de\/wordpress\/wp-json\/wp\/v2\/posts"}],"about":[{"href":"https:\/\/www.ffw-berg.de\/wordpress\/wp-json\/wp\/v2\/types\/post"}],"author":[{"embeddable":true,"href":"https:\/\/www.ffw-berg.de\/wordpress\/wp-json\/wp\/v2\/users\/2"}],"replies":[{"embeddable":true,"href":"https:\/\/www.ffw-berg.de\/wordpress\/wp-json\/wp\/v2\/comments?post=215635"}],"version-history":[{"count":0,"href":"https:\/\/www.ffw-berg.de\/wordpress\/wp-json\/wp\/v2\/posts\/215635\/revisions"}],"wp:featuredmedia":[{"embeddable":true,"href":"https:\/\/www.ffw-berg.de\/wordpress\/wp-json\/wp\/v2\/media\/215630"}],"wp:attachment":[{"href":"https:\/\/www.ffw-berg.de\/wordpress\/wp-json\/wp\/v2\/media?parent=215635"}],"wp:term":[{"taxonomy":"category","embeddable":true,"href":"https:\/\/www.ffw-berg.de\/wordpress\/wp-json\/wp\/v2\/categories?post=215635"},{"taxonomy":"post_tag","embeddable":true,"href":"https:\/\/www.ffw-berg.de\/wordpress\/wp-json\/wp\/v2\/tags?post=215635"}],"curies":[{"name":"wp","href":"https:\/\/api.w.org\/{rel}","templated":true}]}}