{"id":215646,"date":"2020-02-28T23:00:00","date_gmt":"2020-02-28T22:00:00","guid":{"rendered":"https:\/\/www.ffw-berg.de\/wordpress\/?p=215646"},"modified":"2026-02-24T12:31:39","modified_gmt":"2026-02-24T11:31:39","slug":"jhv-2020-neuwahl-1-vorsitzender-fabian-korn","status":"publish","type":"post","link":"https:\/\/www.ffw-berg.de\/wordpress\/jhv-2020-neuwahl-1-vorsitzender-fabian-korn\/","title":{"rendered":"JHV 2020 &#8211; Neuwahl 1. Vorsitzender Fabian Korn"},"content":{"rendered":"\n<figure class=\"wp-block-image size-large is-style-default\"><img loading=\"lazy\" decoding=\"async\" width=\"1080\" height=\"608\" src=\"https:\/\/www.ffw-berg.de\/wordpress\/wp-content\/uploads\/2020\/03\/ffberg_jhv2020_5-1080x608.jpg\" alt=\"\" class=\"wp-image-215630\" srcset=\"https:\/\/www.ffw-berg.de\/wordpress\/wp-content\/uploads\/2020\/03\/ffberg_jhv2020_5-1080x608.jpg 1080w, https:\/\/www.ffw-berg.de\/wordpress\/wp-content\/uploads\/2020\/03\/ffberg_jhv2020_5-300x169.jpg 300w, https:\/\/www.ffw-berg.de\/wordpress\/wp-content\/uploads\/2020\/03\/ffberg_jhv2020_5-120x68.jpg 120w, https:\/\/www.ffw-berg.de\/wordpress\/wp-content\/uploads\/2020\/03\/ffberg_jhv2020_5-768x432.jpg 768w, https:\/\/www.ffw-berg.de\/wordpress\/wp-content\/uploads\/2020\/03\/ffberg_jhv2020_5-1536x864.jpg 1536w, https:\/\/www.ffw-berg.de\/wordpress\/wp-content\/uploads\/2020\/03\/ffberg_jhv2020_5-678x381.jpg 678w, https:\/\/www.ffw-berg.de\/wordpress\/wp-content\/uploads\/2020\/03\/ffberg_jhv2020_5.jpg 1920w\" sizes=\"auto, (max-width: 1080px) 100vw, 1080px\" \/><figcaption>Der scheidende Vorstand Gerhard Br\u00fchschwein begl\u00fcckw\u00fcnscht seinen Nachfolger Fabian Korn.<\/figcaption><\/figure>\n\n\n\n<p>Bei der Wahl zum 1. Vorsitzenden der Feuerwehr Berg erhielt in geheimer Wahl Fabian Korn von 65 Wahlberechtigten 44 Stimmen und Andreas Ries 16 Stimmen bei 5 Enthaltungen.<\/p>\n\n\n\n<p class=\"has-text-align-center\"><strong>Wir gratulieren recht herzlich und w\u00fcnschen f\u00fcr die Amtszeit allseits gutes Gelingen!<\/strong><\/p>\n","protected":false},"excerpt":{"rendered":"<div class=\"mh-excerpt\">Bei der Wahl zum neuen 1. Vorsitzenden der Feuerwehr Berg erhielt in geheimer Wahl Fabian Korn die Mehrheit der Stimmen.<\/div>\n<p> <a class=\"mh-excerpt-more\" href=\"https:\/\/www.ffw-berg.de\/wordpress\/jhv-2020-neuwahl-1-vorsitzender-fabian-korn\/\" title=\"JHV 2020 &#8211; Neuwahl 1. Vorsitzender Fabian Korn\">[  Mehr &gt;&gt; ]<\/a><\/p>\n","protected":false},"author":2,"featured_media":215630,"comment_status":"closed","ping_status":"open","sticky":false,"template":"","format":"standard","meta":{"footnotes":""},"categories":[271,421,46],"tags":[1107],"class_list":{"0":"post-215646","1":"post","2":"type-post","3":"status-publish","4":"format-standard","5":"has-post-thumbnail","7":"category-jahreshauptversammlung","8":"category-neuwahlen","9":"category-wir-ueber-uns","10":"tag-vorstand_2020"},"_links":{"self":[{"href":"https:\/\/www.ffw-berg.de\/wordpress\/wp-json\/wp\/v2\/posts\/215646","targetHints":{"allow":["GET"]}}],"collection":[{"href":"https:\/\/www.ffw-berg.de\/wordpress\/wp-json\/wp\/v2\/posts"}],"about":[{"href":"https:\/\/www.ffw-berg.de\/wordpress\/wp-json\/wp\/v2\/types\/post"}],"author":[{"embeddable":true,"href":"https:\/\/www.ffw-berg.de\/wordpress\/wp-json\/wp\/v2\/users\/2"}],"replies":[{"embeddable":true,"href":"https:\/\/www.ffw-berg.de\/wordpress\/wp-json\/wp\/v2\/comments?post=215646"}],"version-history":[{"count":0,"href":"https:\/\/www.ffw-berg.de\/wordpress\/wp-json\/wp\/v2\/posts\/215646\/revisions"}],"wp:featuredmedia":[{"embeddable":true,"href":"https:\/\/www.ffw-berg.de\/wordpress\/wp-json\/wp\/v2\/media\/215630"}],"wp:attachment":[{"href":"https:\/\/www.ffw-berg.de\/wordpress\/wp-json\/wp\/v2\/media?parent=215646"}],"wp:term":[{"taxonomy":"category","embeddable":true,"href":"https:\/\/www.ffw-berg.de\/wordpress\/wp-json\/wp\/v2\/categories?post=215646"},{"taxonomy":"post_tag","embeddable":true,"href":"https:\/\/www.ffw-berg.de\/wordpress\/wp-json\/wp\/v2\/tags?post=215646"}],"curies":[{"name":"wp","href":"https:\/\/api.w.org\/{rel}","templated":true}]}}