{"id":215822,"date":"2020-07-20T15:31:00","date_gmt":"2020-07-20T13:31:00","guid":{"rendered":"https:\/\/www.ffw-berg.de\/wordpress\/?p=215822"},"modified":"2021-01-03T13:59:26","modified_gmt":"2021-01-03T12:59:26","slug":"einsatz-vom-20-07-20-vu-mit-pkw","status":"publish","type":"post","link":"https:\/\/www.ffw-berg.de\/wordpress\/einsatz-vom-20-07-20-vu-mit-pkw\/","title":{"rendered":"Einsatz vom 20.07.20 &#8211; VU mit PKW"},"content":{"rendered":"\n<div class=\"wp-block-columns has-2-columns is-layout-flex wp-container-core-columns-is-layout-9d6595d7 wp-block-columns-is-layout-flex\">\n<div class=\"wp-block-column is-layout-flow wp-block-column-is-layout-flow\">\n<p style=\"color:#800000\" class=\"has-text-color\"><strong>Nr.:<\/strong><\/p>\n\n\n\n<p style=\"color:#800000\" class=\"has-text-color\"><strong>Alarmzeit:<\/strong><\/p>\n\n\n\n<p style=\"color:#800000\" class=\"has-text-color\"><strong>Einsatzdauer:<\/strong><\/p>\n\n\n\n<p style=\"color:#800000\" class=\"has-text-color\"><strong>Einsatzort:<\/strong><\/p>\n\n\n\n<p style=\"color:#800000\" class=\"has-text-color\"><strong>Einsatzart:<\/strong><\/p>\n\n\n\n<p style=\"color:#800000\" class=\"has-text-color\"><strong>Eingesetzte Fahrzeuge:<\/strong><\/p>\n\n\n\n<p style=\"color:#800000\" class=\"has-text-color\"><strong>Einsatzmittel:<\/strong><br \/><\/p>\n<\/div>\n\n\n\n<div class=\"wp-block-column is-layout-flow wp-block-column-is-layout-flow\">\n<p>17<\/p>\n\n\n\n<p>15.31 Uhr<\/p>\n\n\n\n<p>0,67 Std.<\/p>\n\n\n\n<p>Hirschberger Str., Berg<\/p>\n\n\n\n<p>THL 1 | VU PKW<\/p>\n\n\n\n<p>HLF20, MTW, MZF, VSA<\/p>\n\n\n\n<p>Spreizer,  Kommunikationsger\u00e4t, sonstiges Material<\/p>\n<\/div>\n<\/div>\n\n\n\n<hr class=\"wp-block-separator is-style-wide\"\/>\n\n\n\n<h4 class=\"wp-block-heading\"><strong>Einsatzbericht<\/strong><\/h4>\n\n\n\n<p>Die Feuerwehr wurde zu einem VU auf die BAB 9 alarmiert.<br \/>Ein BMW kam bei regennasser Fahrbahn ins Schleudern, fuhr die B\u00f6schung hinauf und kam abseits der BAB zum Stehen. Nach R\u00fcckmeldung der Polizei wurde die Einsatzstelle auf einen Feldweg abseits der BAB korrigiert. Die beiden Insassen wurden von der Feuerwehr erstversorgt und betreut. Zur Erleichterung der Zug\u00e4nglichkeit f\u00fcr den Rettungsdienst wurde die Fahrert\u00fcr entfernt.<\/p>\n\n\n\n<h4 class=\"has-text-align-center wp-block-heading\">Einsatzfotos<\/h4>\n\n\n\n<figure class=\"wp-block-gallery columns-3 is-cropped wp-block-gallery-1 is-layout-flex wp-block-gallery-is-layout-flex\"><ul class=\"blocks-gallery-grid\"><li class=\"blocks-gallery-item\"><figure><a href=\"https:\/\/www.ffw-berg.de\/wordpress\/wp-content\/uploads\/2020\/07\/2020_07_20vu2.jpg\"><img loading=\"lazy\" decoding=\"async\" width=\"1056\" height=\"594\" src=\"https:\/\/www.ffw-berg.de\/wordpress\/wp-content\/uploads\/2020\/07\/2020_07_20vu2.jpg\" alt=\"\" data-id=\"215821\" data-full-url=\"https:\/\/www.ffw-berg.de\/wordpress\/wp-content\/uploads\/2020\/07\/2020_07_20vu2.jpg\" data-link=\"https:\/\/www.ffw-berg.de\/wordpress\/2020_07_20vu2\/\" class=\"wp-image-215821\" srcset=\"https:\/\/www.ffw-berg.de\/wordpress\/wp-content\/uploads\/2020\/07\/2020_07_20vu2.jpg 1056w, https:\/\/www.ffw-berg.de\/wordpress\/wp-content\/uploads\/2020\/07\/2020_07_20vu2-300x169.jpg 300w, https:\/\/www.ffw-berg.de\/wordpress\/wp-content\/uploads\/2020\/07\/2020_07_20vu2-120x68.jpg 120w, https:\/\/www.ffw-berg.de\/wordpress\/wp-content\/uploads\/2020\/07\/2020_07_20vu2-768x432.jpg 768w, https:\/\/www.ffw-berg.de\/wordpress\/wp-content\/uploads\/2020\/07\/2020_07_20vu2-678x381.jpg 678w\" sizes=\"auto, (max-width: 1056px) 100vw, 1056px\" \/><\/a><\/figure><\/li><li class=\"blocks-gallery-item\"><figure><a href=\"https:\/\/www.ffw-berg.de\/wordpress\/wp-content\/uploads\/2020\/07\/2020_07_20vu0.jpg\"><img loading=\"lazy\" decoding=\"async\" width=\"614\" height=\"768\" src=\"https:\/\/www.ffw-berg.de\/wordpress\/wp-content\/uploads\/2020\/07\/2020_07_20vu0-614x768.jpg\" alt=\"\" data-id=\"215819\" data-full-url=\"https:\/\/www.ffw-berg.de\/wordpress\/wp-content\/uploads\/2020\/07\/2020_07_20vu0.jpg\" data-link=\"https:\/\/www.ffw-berg.de\/wordpress\/2020_07_20vu0\/\" class=\"wp-image-215819\" srcset=\"https:\/\/www.ffw-berg.de\/wordpress\/wp-content\/uploads\/2020\/07\/2020_07_20vu0-614x768.jpg 614w, https:\/\/www.ffw-berg.de\/wordpress\/wp-content\/uploads\/2020\/07\/2020_07_20vu0-200x250.jpg 200w, https:\/\/www.ffw-berg.de\/wordpress\/wp-content\/uploads\/2020\/07\/2020_07_20vu0-96x120.jpg 96w, https:\/\/www.ffw-berg.de\/wordpress\/wp-content\/uploads\/2020\/07\/2020_07_20vu0-768x960.jpg 768w, https:\/\/www.ffw-berg.de\/wordpress\/wp-content\/uploads\/2020\/07\/2020_07_20vu0.jpg 983w\" sizes=\"auto, (max-width: 614px) 100vw, 614px\" \/><\/a><\/figure><\/li><li class=\"blocks-gallery-item\"><figure><a href=\"https:\/\/www.ffw-berg.de\/wordpress\/wp-content\/uploads\/2020\/07\/2020_07_20vu1.jpg\"><img loading=\"lazy\" decoding=\"async\" width=\"432\" height=\"768\" src=\"https:\/\/www.ffw-berg.de\/wordpress\/wp-content\/uploads\/2020\/07\/2020_07_20vu1-432x768.jpg\" alt=\"\" data-id=\"215820\" data-full-url=\"https:\/\/www.ffw-berg.de\/wordpress\/wp-content\/uploads\/2020\/07\/2020_07_20vu1.jpg\" data-link=\"https:\/\/www.ffw-berg.de\/wordpress\/2020_07_20vu1\/\" class=\"wp-image-215820\" srcset=\"https:\/\/www.ffw-berg.de\/wordpress\/wp-content\/uploads\/2020\/07\/2020_07_20vu1-432x768.jpg 432w, https:\/\/www.ffw-berg.de\/wordpress\/wp-content\/uploads\/2020\/07\/2020_07_20vu1-141x250.jpg 141w, https:\/\/www.ffw-berg.de\/wordpress\/wp-content\/uploads\/2020\/07\/2020_07_20vu1-67x120.jpg 67w, https:\/\/www.ffw-berg.de\/wordpress\/wp-content\/uploads\/2020\/07\/2020_07_20vu1.jpg 691w\" sizes=\"auto, (max-width: 432px) 100vw, 432px\" \/><\/a><\/figure><\/li><\/ul><figcaption class=\"blocks-gallery-caption\">Zur Vergr\u00f6\u00dferung anklicken!<\/figcaption><\/figure>\n\n\n\n<h4 class=\"wp-block-heading\">Weitere Informationen:<\/h4>\n\n\n\n<figure class=\"wp-block-embed is-type-rich is-provider-frankenpost\"><div class=\"wp-block-embed__wrapper\">\n<blockquote class=\"embedly-card\" data-card-controls=\"0\" data-card-align=\"center\" data-card-theme=\"light\"><h4><a href=\"https:\/\/www.frankenpost.de\/region\/hof\/Zwei-Schwerverletzte-BMW-fliegt-ueber-Laermschutz-von-der-A9;art83415,7322287\">Berg: Zwei Schwerverletzte: BMW fliegt \u00fcber L\u00e4rmschutz von der A9 &#8211; Frankenpost<\/a><\/h4><p>Schwerer Unfall im str\u00f6menden Regen auf der A9 im Landkreis Hof: Ein Autofahrer verlor die Kontrolle \u00fcber seinen Wagen, dieser hob ab und flog \u00fcber den f\u00fcnf Meter hohen L\u00e4rmschutzwall.<\/p><\/blockquote><script async src=\"\/\/cdn.embedly.com\/widgets\/platform.js\" charset=\"UTF-8\"><\/script>\n<\/div><\/figure>\n","protected":false},"excerpt":{"rendered":"<div class=\"mh-excerpt\">Nr. 17 | Zeit: 15.31 Uhr | Hirschberger Str., Berg | THL<\/p>\n<p>Eingesetzte Fahrzeuge:<br \/>\nHLF20, MTW, MZF, VSA<\/p><\/div>\n<p> <a class=\"mh-excerpt-more\" href=\"https:\/\/www.ffw-berg.de\/wordpress\/einsatz-vom-20-07-20-vu-mit-pkw\/\" title=\"Einsatz vom 20.07.20 &#8211; VU mit PKW\">[  Mehr &gt;&gt; ]<\/a><\/p>\n","protected":false},"author":2,"featured_media":215821,"comment_status":"closed","ping_status":"open","sticky":false,"template":"","format":"standard","meta":{"footnotes":""},"categories":[915],"tags":[78,362,363,364,147,163,318,656,894],"class_list":{"0":"post-215822","1":"post","2":"type-post","3":"status-publish","4":"format-standard","5":"has-post-thumbnail","7":"category-einsaetze-2020","8":"tag-thl","9":"tag-vsa","10":"tag-mzf","11":"tag-mtw","12":"tag-kommunikationsmittel","13":"tag-vu-mit-pkw","14":"tag-spreizer","15":"tag-bergofr","16":"tag-hlf20"},"_links":{"self":[{"href":"https:\/\/www.ffw-berg.de\/wordpress\/wp-json\/wp\/v2\/posts\/215822","targetHints":{"allow":["GET"]}}],"collection":[{"href":"https:\/\/www.ffw-berg.de\/wordpress\/wp-json\/wp\/v2\/posts"}],"about":[{"href":"https:\/\/www.ffw-berg.de\/wordpress\/wp-json\/wp\/v2\/types\/post"}],"author":[{"embeddable":true,"href":"https:\/\/www.ffw-berg.de\/wordpress\/wp-json\/wp\/v2\/users\/2"}],"replies":[{"embeddable":true,"href":"https:\/\/www.ffw-berg.de\/wordpress\/wp-json\/wp\/v2\/comments?post=215822"}],"version-history":[{"count":0,"href":"https:\/\/www.ffw-berg.de\/wordpress\/wp-json\/wp\/v2\/posts\/215822\/revisions"}],"wp:featuredmedia":[{"embeddable":true,"href":"https:\/\/www.ffw-berg.de\/wordpress\/wp-json\/wp\/v2\/media\/215821"}],"wp:attachment":[{"href":"https:\/\/www.ffw-berg.de\/wordpress\/wp-json\/wp\/v2\/media?parent=215822"}],"wp:term":[{"taxonomy":"category","embeddable":true,"href":"https:\/\/www.ffw-berg.de\/wordpress\/wp-json\/wp\/v2\/categories?post=215822"},{"taxonomy":"post_tag","embeddable":true,"href":"https:\/\/www.ffw-berg.de\/wordpress\/wp-json\/wp\/v2\/tags?post=215822"}],"curies":[{"name":"wp","href":"https:\/\/api.w.org\/{rel}","templated":true}]}}