{"id":215828,"date":"2020-07-13T17:57:00","date_gmt":"2020-07-13T15:57:00","guid":{"rendered":"https:\/\/www.ffw-berg.de\/wordpress\/?p=215828"},"modified":"2021-01-03T13:59:33","modified_gmt":"2021-01-03T12:59:33","slug":"einsatz-vom-13-07-20-vu-mit-pkw","status":"publish","type":"post","link":"https:\/\/www.ffw-berg.de\/wordpress\/einsatz-vom-13-07-20-vu-mit-pkw\/","title":{"rendered":"Einsatz vom 13.07.20 &#8211; VU mit PKW"},"content":{"rendered":"\n<div class=\"wp-block-columns has-2-columns is-layout-flex wp-container-core-columns-is-layout-9d6595d7 wp-block-columns-is-layout-flex\">\n<div class=\"wp-block-column is-layout-flow wp-block-column-is-layout-flow\">\n<p style=\"color:#800000\" class=\"has-text-color\"><strong>Nr.:<\/strong><\/p>\n\n\n\n<p style=\"color:#800000\" class=\"has-text-color\"><strong>Alarmzeit:<\/strong><\/p>\n\n\n\n<p style=\"color:#800000\" class=\"has-text-color\"><strong>Einsatzdauer:<\/strong><\/p>\n\n\n\n<p style=\"color:#800000\" class=\"has-text-color\"><strong>Einsatzort:<\/strong><\/p>\n\n\n\n<p style=\"color:#800000\" class=\"has-text-color\"><strong>Einsatzart:<\/strong><\/p>\n\n\n\n<p style=\"color:#800000\" class=\"has-text-color\"><strong>Eingesetzte Fahrzeuge:<\/strong><\/p>\n\n\n\n<p style=\"color:#800000\" class=\"has-text-color\"><strong>Einsatzmittel:<\/strong><br \/><\/p>\n<\/div>\n\n\n\n<div class=\"wp-block-column is-layout-flow wp-block-column-is-layout-flow\">\n<p>16<\/p>\n\n\n\n<p>17.57 Uhr<\/p>\n\n\n\n<p>1,50 Std.<\/p>\n\n\n\n<p>Staatsstra\u00dfe. ST2198, Berg > Issigau<\/p>\n\n\n\n<p>THL 1 | VU PKW<\/p>\n\n\n\n<p>HLF20, LF 8\/6, MTW, MZF<\/p>\n\n\n\n<p>Motors\u00e4ge, Verkehrssicherungsmittel, Chemische \u00d6lbindemittel,  Kommunikationsger\u00e4t<\/p>\n<\/div>\n<\/div>\n\n\n\n<hr class=\"wp-block-separator is-style-wide\"\/>\n\n\n\n<h4 class=\"wp-block-heading\"><strong>Einsatzbericht<\/strong><\/h4>\n\n\n\n<p>Die Feuerwehr Berg wurde zu einem Verkehrsunfall auf der ST2198 alarmiert. <\/p>\n\n\n\n<p>Ein PKW kam ohne Fremdverschulden von der Fahrbahn ab und im Stra\u00dfengraben zum Stehen. Bei Eintreffen der Feuerwehr war der Fahrer bereits au\u00dferhalb des Fahrzeuges und wurde von Ersthelfern betreut. Durch die Feuerwehr wurde eine Verkehrsregelung erstellt. Das Fahrzeug wurde mittels einer Motors\u00e4ge aus dem Geb\u00fcsch freigeschnitten. Die Unfallstelle wurde gereinigt, auslaufende Betriebsfl\u00fcssigkeiten wurden abgebunden.<\/p>\n","protected":false},"excerpt":{"rendered":"<div class=\"mh-excerpt\">Nr. 16 | Zeit: 17.57 Uhr | Staatsstr. ST2198, Berg-Issigau | THL<\/p>\n<p>Eingesetzte Fahrzeuge:<br \/>\nHLF20, LF 8\/6, MTW, MZF<\/p><\/div>\n<p> <a class=\"mh-excerpt-more\" href=\"https:\/\/www.ffw-berg.de\/wordpress\/einsatz-vom-13-07-20-vu-mit-pkw\/\" title=\"Einsatz vom 13.07.20 &#8211; VU mit PKW\">[  Mehr &gt;&gt; ]<\/a><\/p>\n","protected":false},"author":2,"featured_media":212207,"comment_status":"closed","ping_status":"open","sticky":false,"template":"","format":"standard","meta":{"footnotes":""},"categories":[915],"tags":[78,363,364,147,163,198,203,611,656,894,1135],"class_list":{"0":"post-215828","1":"post","2":"type-post","3":"status-publish","4":"format-standard","5":"has-post-thumbnail","7":"category-einsaetze-2020","8":"tag-thl","9":"tag-mzf","10":"tag-mtw","11":"tag-kommunikationsmittel","12":"tag-vu-mit-pkw","13":"tag-verkehrssicherungsmittel","14":"tag-chemische-oelbindemittel","15":"tag-st2198","16":"tag-bergofr","17":"tag-hlf20","18":"tag-vu-pkw"},"_links":{"self":[{"href":"https:\/\/www.ffw-berg.de\/wordpress\/wp-json\/wp\/v2\/posts\/215828","targetHints":{"allow":["GET"]}}],"collection":[{"href":"https:\/\/www.ffw-berg.de\/wordpress\/wp-json\/wp\/v2\/posts"}],"about":[{"href":"https:\/\/www.ffw-berg.de\/wordpress\/wp-json\/wp\/v2\/types\/post"}],"author":[{"embeddable":true,"href":"https:\/\/www.ffw-berg.de\/wordpress\/wp-json\/wp\/v2\/users\/2"}],"replies":[{"embeddable":true,"href":"https:\/\/www.ffw-berg.de\/wordpress\/wp-json\/wp\/v2\/comments?post=215828"}],"version-history":[{"count":0,"href":"https:\/\/www.ffw-berg.de\/wordpress\/wp-json\/wp\/v2\/posts\/215828\/revisions"}],"wp:featuredmedia":[{"embeddable":true,"href":"https:\/\/www.ffw-berg.de\/wordpress\/wp-json\/wp\/v2\/media\/212207"}],"wp:attachment":[{"href":"https:\/\/www.ffw-berg.de\/wordpress\/wp-json\/wp\/v2\/media?parent=215828"}],"wp:term":[{"taxonomy":"category","embeddable":true,"href":"https:\/\/www.ffw-berg.de\/wordpress\/wp-json\/wp\/v2\/categories?post=215828"},{"taxonomy":"post_tag","embeddable":true,"href":"https:\/\/www.ffw-berg.de\/wordpress\/wp-json\/wp\/v2\/tags?post=215828"}],"curies":[{"name":"wp","href":"https:\/\/api.w.org\/{rel}","templated":true}]}}