{"id":215844,"date":"2020-08-11T20:17:40","date_gmt":"2020-08-11T18:17:40","guid":{"rendered":"https:\/\/www.ffw-berg.de\/wordpress\/?p=215844"},"modified":"2021-01-03T13:58:33","modified_gmt":"2021-01-03T12:58:33","slug":"einsatz-vom-11-08-20-kleinbrand","status":"publish","type":"post","link":"https:\/\/www.ffw-berg.de\/wordpress\/einsatz-vom-11-08-20-kleinbrand\/","title":{"rendered":"Einsatz vom 11.08.20 &#8211; Kleinbrand Fl\u00e4che"},"content":{"rendered":"\n<div class=\"wp-block-columns has-2-columns is-layout-flex wp-container-core-columns-is-layout-9d6595d7 wp-block-columns-is-layout-flex\">\n<div class=\"wp-block-column is-layout-flow wp-block-column-is-layout-flow\">\n<p class=\"has-text-color\" style=\"color:#800000\"><strong>Nr.<\/strong><\/p>\n\n\n\n<p class=\"has-text-color\" style=\"color:#800000\"><strong>Alarmzeit<\/strong><\/p>\n\n\n\n<p class=\"has-text-color\" style=\"color:#800000\"><strong>Einsatzdauer<\/strong><\/p>\n\n\n\n<p class=\"has-text-color\" style=\"color:#800000\"><strong>Einsatzort<\/strong><\/p>\n\n\n\n<p class=\"has-text-color\" style=\"color:#800000\"><strong>Einsatzart&nbsp;<\/strong><\/p>\n\n\n\n<p class=\"has-text-color\" style=\"color:#800000\"><strong>Eingesetzte Fahrzeuge&nbsp;<\/strong><\/p>\n\n\n\n<p class=\"has-text-color\" style=\"color:#800000\"><strong>Einsatzmittel<\/strong><\/p>\n<\/div>\n\n\n\n<div class=\"wp-block-column is-layout-flow wp-block-column-is-layout-flow\">\n<p>21<\/p>\n\n\n\n<p>20.17 Uhr<\/p>\n\n\n\n<p>1,20 Std.<\/p>\n\n\n\n<p>BAB A9 Fahrtrichtung S\u00fcden<\/p>\n\n\n\n<p>B3 | Kleinbrand im Freien<\/p>\n\n\n\n<p>HLF 20, LF 8\/6, MTW<\/p>\n\n\n\n<p>C-\/D-Rohre, Feuerl\u00f6schkreiselpumpe, WBK, Fahrzeugl\u00f6schwasserbeh\u00e4lter 2600 ltr., Kommunikationsmittel<\/p>\n<\/div>\n<\/div>\n\n\n\n<hr class=\"wp-block-separator is-style-wide\"\/>\n\n\n\n<h4 class=\"wp-block-heading\">Einsatzbericht<\/h4>\n\n\n\n<p>Unterst\u00fctzung der Feuerwehr K\u00f6ditz bei einem Fl\u00e4chenbrand auf der \u00dcberleitung der BAB 72 zur BAB 9 in Fahrtrichtung S\u00fcden. B\u00f6schung<br \/>mittels Schnellangriff abgel\u00f6scht und gew\u00e4ssert. Mit WBK kontrolliert.<\/p>\n\n\n\n<h4 class=\"has-text-align-center wp-block-heading\">Einsatzfotos<\/h4>\n\n\n\n<figure class=\"wp-block-gallery columns-2 is-cropped wp-block-gallery-1 is-layout-flex wp-block-gallery-is-layout-flex\"><ul class=\"blocks-gallery-grid\"><li class=\"blocks-gallery-item\"><figure><a href=\"https:\/\/www.ffw-berg.de\/wordpress\/wp-content\/uploads\/2020\/08\/2020_08_11b0.jpg\"><img loading=\"lazy\" decoding=\"async\" width=\"1080\" height=\"608\" src=\"https:\/\/www.ffw-berg.de\/wordpress\/wp-content\/uploads\/2020\/08\/2020_08_11b0-1080x608.jpg\" alt=\"\" data-id=\"215855\" data-full-url=\"https:\/\/www.ffw-berg.de\/wordpress\/wp-content\/uploads\/2020\/08\/2020_08_11b0.jpg\" data-link=\"https:\/\/www.ffw-berg.de\/wordpress\/einsatz-vom-11-08-20-kleinbrand\/2020_08_11b0\/\" class=\"wp-image-215855\" srcset=\"https:\/\/www.ffw-berg.de\/wordpress\/wp-content\/uploads\/2020\/08\/2020_08_11b0-1080x608.jpg 1080w, https:\/\/www.ffw-berg.de\/wordpress\/wp-content\/uploads\/2020\/08\/2020_08_11b0-300x169.jpg 300w, https:\/\/www.ffw-berg.de\/wordpress\/wp-content\/uploads\/2020\/08\/2020_08_11b0-120x68.jpg 120w, https:\/\/www.ffw-berg.de\/wordpress\/wp-content\/uploads\/2020\/08\/2020_08_11b0-768x432.jpg 768w, https:\/\/www.ffw-berg.de\/wordpress\/wp-content\/uploads\/2020\/08\/2020_08_11b0-1536x864.jpg 1536w, https:\/\/www.ffw-berg.de\/wordpress\/wp-content\/uploads\/2020\/08\/2020_08_11b0-678x381.jpg 678w, https:\/\/www.ffw-berg.de\/wordpress\/wp-content\/uploads\/2020\/08\/2020_08_11b0.jpg 1920w\" sizes=\"auto, (max-width: 1080px) 100vw, 1080px\" \/><\/a><\/figure><\/li><li class=\"blocks-gallery-item\"><figure><a href=\"https:\/\/www.ffw-berg.de\/wordpress\/wp-content\/uploads\/2020\/08\/2020_08_11b1.jpg\"><img loading=\"lazy\" decoding=\"async\" width=\"1080\" height=\"608\" src=\"https:\/\/www.ffw-berg.de\/wordpress\/wp-content\/uploads\/2020\/08\/2020_08_11b1-1080x608.jpg\" alt=\"\" data-id=\"215856\" data-full-url=\"https:\/\/www.ffw-berg.de\/wordpress\/wp-content\/uploads\/2020\/08\/2020_08_11b1.jpg\" data-link=\"https:\/\/www.ffw-berg.de\/wordpress\/einsatz-vom-11-08-20-kleinbrand\/2020_08_11b1\/\" class=\"wp-image-215856\" srcset=\"https:\/\/www.ffw-berg.de\/wordpress\/wp-content\/uploads\/2020\/08\/2020_08_11b1-1080x608.jpg 1080w, https:\/\/www.ffw-berg.de\/wordpress\/wp-content\/uploads\/2020\/08\/2020_08_11b1-300x169.jpg 300w, https:\/\/www.ffw-berg.de\/wordpress\/wp-content\/uploads\/2020\/08\/2020_08_11b1-120x68.jpg 120w, https:\/\/www.ffw-berg.de\/wordpress\/wp-content\/uploads\/2020\/08\/2020_08_11b1-768x432.jpg 768w, https:\/\/www.ffw-berg.de\/wordpress\/wp-content\/uploads\/2020\/08\/2020_08_11b1-1536x864.jpg 1536w, https:\/\/www.ffw-berg.de\/wordpress\/wp-content\/uploads\/2020\/08\/2020_08_11b1-678x381.jpg 678w, https:\/\/www.ffw-berg.de\/wordpress\/wp-content\/uploads\/2020\/08\/2020_08_11b1.jpg 1920w\" sizes=\"auto, (max-width: 1080px) 100vw, 1080px\" \/><\/a><\/figure><\/li><\/ul><figcaption class=\"blocks-gallery-caption\">Bek\u00e4mpfung B\u00f6schungsbrand<\/figcaption><\/figure>\n","protected":false},"excerpt":{"rendered":"<div class=\"mh-excerpt\">Nr. 21 | Zeit: 20.17 Uhr | BAB A73-A9 Richtung S\u00fcden | B <\/p>\n<p>Eingesetzte Fahrzeuge:<br \/>\nHLF 20, LF 8\/6, MTW<\/p><\/div>\n<p> <a class=\"mh-excerpt-more\" href=\"https:\/\/www.ffw-berg.de\/wordpress\/einsatz-vom-11-08-20-kleinbrand\/\" title=\"Einsatz vom 11.08.20 &#8211; Kleinbrand Fl\u00e4che\">[  Mehr &gt;&gt; ]<\/a><\/p>\n","protected":false},"author":2,"featured_media":215856,"comment_status":"closed","ping_status":"open","sticky":false,"template":"","format":"standard","meta":{"footnotes":""},"categories":[915],"tags":[71,82,364,147,169,314,682,894,1139],"class_list":{"0":"post-215844","1":"post","2":"type-post","3":"status-publish","4":"format-standard","5":"has-post-thumbnail","7":"category-einsaetze-2020","8":"tag-wbk","9":"tag-lf86","10":"tag-mtw","11":"tag-kommunikationsmittel","12":"tag-kleinbrand","13":"tag-c-d-rohr","14":"tag-feuerloeschwasserbehaelter","15":"tag-hlf20","16":"tag-kreiselpumpe"},"_links":{"self":[{"href":"https:\/\/www.ffw-berg.de\/wordpress\/wp-json\/wp\/v2\/posts\/215844","targetHints":{"allow":["GET"]}}],"collection":[{"href":"https:\/\/www.ffw-berg.de\/wordpress\/wp-json\/wp\/v2\/posts"}],"about":[{"href":"https:\/\/www.ffw-berg.de\/wordpress\/wp-json\/wp\/v2\/types\/post"}],"author":[{"embeddable":true,"href":"https:\/\/www.ffw-berg.de\/wordpress\/wp-json\/wp\/v2\/users\/2"}],"replies":[{"embeddable":true,"href":"https:\/\/www.ffw-berg.de\/wordpress\/wp-json\/wp\/v2\/comments?post=215844"}],"version-history":[{"count":0,"href":"https:\/\/www.ffw-berg.de\/wordpress\/wp-json\/wp\/v2\/posts\/215844\/revisions"}],"wp:featuredmedia":[{"embeddable":true,"href":"https:\/\/www.ffw-berg.de\/wordpress\/wp-json\/wp\/v2\/media\/215856"}],"wp:attachment":[{"href":"https:\/\/www.ffw-berg.de\/wordpress\/wp-json\/wp\/v2\/media?parent=215844"}],"wp:term":[{"taxonomy":"category","embeddable":true,"href":"https:\/\/www.ffw-berg.de\/wordpress\/wp-json\/wp\/v2\/categories?post=215844"},{"taxonomy":"post_tag","embeddable":true,"href":"https:\/\/www.ffw-berg.de\/wordpress\/wp-json\/wp\/v2\/tags?post=215844"}],"curies":[{"name":"wp","href":"https:\/\/api.w.org\/{rel}","templated":true}]}}