{"id":215921,"date":"2020-11-05T15:16:48","date_gmt":"2020-11-05T14:16:48","guid":{"rendered":"https:\/\/www.ffw-berg.de\/wordpress\/?p=215921"},"modified":"2021-01-03T13:49:53","modified_gmt":"2021-01-03T12:49:53","slug":"einsatz-vom-05-11-20-tueroeffnung-person-eingeschlossen","status":"publish","type":"post","link":"https:\/\/www.ffw-berg.de\/wordpress\/einsatz-vom-05-11-20-tueroeffnung-person-eingeschlossen\/","title":{"rendered":"Einsatz vom 05.11.20 &#8211; T\u00fcr\u00f6ffnung, Person eingeschlossen"},"content":{"rendered":"\n<div class=\"wp-block-columns has-2-columns is-layout-flex wp-container-core-columns-is-layout-9d6595d7 wp-block-columns-is-layout-flex\">\n<div class=\"wp-block-column is-layout-flow wp-block-column-is-layout-flow\">\n<p class=\"has-text-color\" style=\"color:#800000\"><strong>Nr.<\/strong><\/p>\n\n\n\n<p class=\"has-text-color\" style=\"color:#800000\"><strong>Alarmzeit<\/strong><\/p>\n\n\n\n<p class=\"has-text-color\" style=\"color:#800000\"><strong>Einsatzdauer<\/strong><\/p>\n\n\n\n<p class=\"has-text-color\" style=\"color:#800000\"><strong>Einsatzort<\/strong><\/p>\n\n\n\n<p class=\"has-text-color\" style=\"color:#800000\"><strong>Einsatzart&nbsp;<\/strong><\/p>\n\n\n\n<p class=\"has-text-color\" style=\"color:#800000\"><strong>Eingesetzte Fahrzeuge&nbsp;<\/strong><\/p>\n\n\n\n<p class=\"has-text-color\" style=\"color:#800000\"><strong>Einsatzmittel<\/strong><\/p>\n<\/div>\n\n\n\n<div class=\"wp-block-column is-layout-flow wp-block-column-is-layout-flow\">\n<p>37<\/p>\n\n\n\n<p>15.16 Uhr<\/p>\n\n\n\n<p>0,78 Std.<\/p>\n\n\n\n<p>S\u00fcdstr., Berg<\/p>\n\n\n\n<p>THL P eingeschlossen| T\u00fcr\u00f6ffnung<\/p>\n\n\n\n<p>MTW<\/p>\n\n\n\n<p>Kommunikationsger\u00e4t. Sperrwerkzeuge<\/p>\n<\/div>\n<\/div>\n\n\n\n<hr class=\"wp-block-separator is-style-wide\"\/>\n\n\n\n<h4 class=\"wp-block-heading\">Einsatzbericht<\/h4>\n\n\n\n<p>Die Feuerwehr Berg wurde zu einer Wohnungs\u00f6ffnung alarmiert.<br \/>Eine gest\u00fcrzte \u00e4ltere Dame lag hinter der Wohnungst\u00fcr und konnte diese nicht selbstst\u00e4ndig \u00f6ffnen. Durch die Feuerwehr wurde die T\u00fcr mittels Ziehfix ge\u00f6ffnet, es wurde ein neuer Schlie\u00dfzylinder eingebaut und der Schl\u00fcssel wurde der Polizei bzw. der Mieterin \u00fcbergeben.<\/p>\n","protected":false},"excerpt":{"rendered":"<div class=\"mh-excerpt\">Nr. 37  | Zeit: 15.16 Uhr | An der S\u00fcdstr., Berg | THL<\/p>\n<p>Eingesetzte Fahrzeuge:<br \/>\nMTW<\/p><\/div>\n<p> <a class=\"mh-excerpt-more\" href=\"https:\/\/www.ffw-berg.de\/wordpress\/einsatz-vom-05-11-20-tueroeffnung-person-eingeschlossen\/\" title=\"Einsatz vom 05.11.20 &#8211; T\u00fcr\u00f6ffnung, Person eingeschlossen\">[  Mehr &gt;&gt; ]<\/a><\/p>\n","protected":false},"author":2,"featured_media":212207,"comment_status":"closed","ping_status":"open","sticky":false,"template":"","format":"standard","meta":{"footnotes":""},"categories":[915],"tags":[78,364,562,704,793,857,934],"class_list":{"0":"post-215921","1":"post","2":"type-post","3":"status-publish","4":"format-standard","5":"has-post-thumbnail","7":"category-einsaetze-2020","8":"tag-thl","9":"tag-mtw","10":"tag-kommunikationsgeraete","11":"tag-sperrwerkzeuge","12":"tag-person-eingeschlossen","13":"tag-rd","14":"tag-tueroeffnung"},"_links":{"self":[{"href":"https:\/\/www.ffw-berg.de\/wordpress\/wp-json\/wp\/v2\/posts\/215921","targetHints":{"allow":["GET"]}}],"collection":[{"href":"https:\/\/www.ffw-berg.de\/wordpress\/wp-json\/wp\/v2\/posts"}],"about":[{"href":"https:\/\/www.ffw-berg.de\/wordpress\/wp-json\/wp\/v2\/types\/post"}],"author":[{"embeddable":true,"href":"https:\/\/www.ffw-berg.de\/wordpress\/wp-json\/wp\/v2\/users\/2"}],"replies":[{"embeddable":true,"href":"https:\/\/www.ffw-berg.de\/wordpress\/wp-json\/wp\/v2\/comments?post=215921"}],"version-history":[{"count":0,"href":"https:\/\/www.ffw-berg.de\/wordpress\/wp-json\/wp\/v2\/posts\/215921\/revisions"}],"wp:featuredmedia":[{"embeddable":true,"href":"https:\/\/www.ffw-berg.de\/wordpress\/wp-json\/wp\/v2\/media\/212207"}],"wp:attachment":[{"href":"https:\/\/www.ffw-berg.de\/wordpress\/wp-json\/wp\/v2\/media?parent=215921"}],"wp:term":[{"taxonomy":"category","embeddable":true,"href":"https:\/\/www.ffw-berg.de\/wordpress\/wp-json\/wp\/v2\/categories?post=215921"},{"taxonomy":"post_tag","embeddable":true,"href":"https:\/\/www.ffw-berg.de\/wordpress\/wp-json\/wp\/v2\/tags?post=215921"}],"curies":[{"name":"wp","href":"https:\/\/api.w.org\/{rel}","templated":true}]}}