{"id":215933,"date":"2020-11-24T14:18:34","date_gmt":"2020-11-24T13:18:34","guid":{"rendered":"https:\/\/www.ffw-berg.de\/wordpress\/?p=215933"},"modified":"2021-01-03T13:49:33","modified_gmt":"2021-01-03T12:49:33","slug":"einsatz-vom-24-11-20-vu-lkw-p-eingeklemmt","status":"publish","type":"post","link":"https:\/\/www.ffw-berg.de\/wordpress\/einsatz-vom-24-11-20-vu-lkw-p-eingeklemmt\/","title":{"rendered":"Einsatz vom 24.11.20 &#8211; VU LKW, P eingeklemmt"},"content":{"rendered":"\n<div class=\"wp-block-columns has-2-columns is-layout-flex wp-container-core-columns-is-layout-9d6595d7 wp-block-columns-is-layout-flex\">\n<div class=\"wp-block-column is-layout-flow wp-block-column-is-layout-flow\">\n<p class=\"has-text-color\" style=\"color:#800000\"><strong>Nr.<\/strong><\/p>\n\n\n\n<p class=\"has-text-color\" style=\"color:#800000\"><strong>Alarmzeit<\/strong><\/p>\n\n\n\n<p class=\"has-text-color\" style=\"color:#800000\"><strong>Einsatzdauer<\/strong><\/p>\n\n\n\n<p class=\"has-text-color\" style=\"color:#800000\"><strong>Einsatzort<\/strong><\/p>\n\n\n\n<p class=\"has-text-color\" style=\"color:#800000\"><strong>Einsatzart&nbsp;<\/strong><\/p>\n\n\n\n<p class=\"has-text-color\" style=\"color:#800000\"><strong>Eingesetzte Fahrzeuge&nbsp;<\/strong><\/p>\n\n\n\n<p class=\"has-text-color\" style=\"color:#800000\"><strong>Einsatzmittel<\/strong><\/p>\n<\/div>\n\n\n\n<div class=\"wp-block-column is-layout-flow wp-block-column-is-layout-flow\">\n<p>39<\/p>\n\n\n\n<p>14.18 Uhr<\/p>\n\n\n\n<p>1,19 Std.<\/p>\n\n\n\n<p>BAB A9 Fahrtrichtung Norden, Km 249<\/p>\n\n\n\n<p>THL 4 | VU LKW, P eingeklemmt<\/p>\n\n\n\n<p>HLF20, LF 8\/6, MTW, MZF, VSA<\/p>\n\n\n\n<p>C-\/D-Rohre, Verkehrslenkungsmittel,  Kommunikationsmittel, Chemische \u00d6lbindemittel<\/p>\n<\/div>\n<\/div>\n\n\n\n<hr class=\"wp-block-separator is-style-wide\"\/>\n\n\n\n<h4 class=\"wp-block-heading\">Einsatzbericht<\/h4>\n\n\n\n<p>Die Feuerwehr Berg wurde wegen eines VU mit LKW mit eingeklemmter  Person alarmiert.<br \/>Bei Ankunft an der Einsatzstelle war der verletzte Fahrer bereits aus dem Fahrzeug. Keine weiteren Insassen. Der Fahrer wurde bis zum Eintreffen des Rettungsdienst betreut und  an diesen \u00fcbergeben.<\/p>\n\n\n\n<p>Es wurden auslaufende Betriebsstoffe aus Motor und Ladefl\u00e4che mit Mulden aufgefangen und mit Oelbindemittel abgebunden. Die Fahrbahn war \u00fcber alle 3 Spuren mit Motoroel verunreinigt, so dass zur Beseitigung mehrfaches Auftragen von Oelbindemittel n\u00f6tig war. Gr\u00f6\u00dfere Tr\u00fcmmerteile auf den Fahrbahnen wurden beseitigt.<br \/>Brandschutz sichergestellt. Verkehrsabsicherung erstellt.<\/p>\n\n\n\n<h4 class=\"has-text-align-center wp-block-heading\">Einsatzfotos:<\/h4>\n\n\n\n<figure class=\"wp-block-gallery columns-2 is-cropped wp-block-gallery-1 is-layout-flex wp-block-gallery-is-layout-flex\"><ul class=\"blocks-gallery-grid\"><li class=\"blocks-gallery-item\"><figure><img loading=\"lazy\" decoding=\"async\" width=\"1080\" height=\"608\" src=\"https:\/\/www.ffw-berg.de\/wordpress\/wp-content\/uploads\/2020\/11\/2020_11_24_vu0-1080x608.jpg\" alt=\"\" data-id=\"215931\" data-full-url=\"https:\/\/www.ffw-berg.de\/wordpress\/wp-content\/uploads\/2020\/11\/2020_11_24_vu0.jpg\" data-link=\"https:\/\/www.ffw-berg.de\/wordpress\/2020_11_24_vu0\/\" class=\"wp-image-215931\" srcset=\"https:\/\/www.ffw-berg.de\/wordpress\/wp-content\/uploads\/2020\/11\/2020_11_24_vu0-1080x608.jpg 1080w, https:\/\/www.ffw-berg.de\/wordpress\/wp-content\/uploads\/2020\/11\/2020_11_24_vu0-300x169.jpg 300w, https:\/\/www.ffw-berg.de\/wordpress\/wp-content\/uploads\/2020\/11\/2020_11_24_vu0-120x68.jpg 120w, https:\/\/www.ffw-berg.de\/wordpress\/wp-content\/uploads\/2020\/11\/2020_11_24_vu0-768x432.jpg 768w, https:\/\/www.ffw-berg.de\/wordpress\/wp-content\/uploads\/2020\/11\/2020_11_24_vu0-1536x864.jpg 1536w, https:\/\/www.ffw-berg.de\/wordpress\/wp-content\/uploads\/2020\/11\/2020_11_24_vu0-678x381.jpg 678w, https:\/\/www.ffw-berg.de\/wordpress\/wp-content\/uploads\/2020\/11\/2020_11_24_vu0.jpg 1920w\" sizes=\"auto, (max-width: 1080px) 100vw, 1080px\" \/><\/figure><\/li><li class=\"blocks-gallery-item\"><figure><img loading=\"lazy\" decoding=\"async\" width=\"1080\" height=\"608\" src=\"https:\/\/www.ffw-berg.de\/wordpress\/wp-content\/uploads\/2020\/11\/2020_11_24_vu1-1080x608.jpg\" alt=\"\" data-id=\"215932\" data-full-url=\"https:\/\/www.ffw-berg.de\/wordpress\/wp-content\/uploads\/2020\/11\/2020_11_24_vu1.jpg\" data-link=\"https:\/\/www.ffw-berg.de\/wordpress\/2020_11_24_vu1\/\" class=\"wp-image-215932\" srcset=\"https:\/\/www.ffw-berg.de\/wordpress\/wp-content\/uploads\/2020\/11\/2020_11_24_vu1-1080x608.jpg 1080w, https:\/\/www.ffw-berg.de\/wordpress\/wp-content\/uploads\/2020\/11\/2020_11_24_vu1-300x169.jpg 300w, https:\/\/www.ffw-berg.de\/wordpress\/wp-content\/uploads\/2020\/11\/2020_11_24_vu1-120x68.jpg 120w, https:\/\/www.ffw-berg.de\/wordpress\/wp-content\/uploads\/2020\/11\/2020_11_24_vu1-768x432.jpg 768w, https:\/\/www.ffw-berg.de\/wordpress\/wp-content\/uploads\/2020\/11\/2020_11_24_vu1-1536x864.jpg 1536w, https:\/\/www.ffw-berg.de\/wordpress\/wp-content\/uploads\/2020\/11\/2020_11_24_vu1-678x381.jpg 678w, https:\/\/www.ffw-berg.de\/wordpress\/wp-content\/uploads\/2020\/11\/2020_11_24_vu1.jpg 1920w\" sizes=\"auto, (max-width: 1080px) 100vw, 1080px\" \/><\/figure><\/li><\/ul><\/figure>\n","protected":false},"excerpt":{"rendered":"<div class=\"mh-excerpt\">Nr. 39 | Zeit: 14.18 Uhr | BAB A9 Fahrtrichtung Norden | THL<\/p>\n<p>Eingesetzte Fahrzeuge:<br \/>\nHLF20, LF 8\/6, MTW, MZF, VSA<\/p><\/div>\n<p> <a class=\"mh-excerpt-more\" href=\"https:\/\/www.ffw-berg.de\/wordpress\/einsatz-vom-24-11-20-vu-lkw-p-eingeklemmt\/\" title=\"Einsatz vom 24.11.20 &#8211; VU LKW, P eingeklemmt\">[  Mehr &gt;&gt; ]<\/a><\/p>\n","protected":false},"author":2,"featured_media":215932,"comment_status":"closed","ping_status":"open","sticky":false,"template":"","format":"standard","meta":{"footnotes":""},"categories":[915],"tags":[77,78,362,363,87,364,147,149,154,203,567,572,894],"class_list":{"0":"post-215933","1":"post","2":"type-post","3":"status-publish","4":"format-standard","5":"has-post-thumbnail","7":"category-einsaetze-2020","8":"tag-vu","9":"tag-thl","10":"tag-vsa","11":"tag-mzf","12":"tag-bab-a9","13":"tag-mtw","14":"tag-kommunikationsmittel","15":"tag-lf-86","16":"tag-lkw","17":"tag-chemische-oelbindemittel","18":"tag-c-d-rohre","19":"tag-verkehrslenkungsgeraet","20":"tag-hlf20"},"_links":{"self":[{"href":"https:\/\/www.ffw-berg.de\/wordpress\/wp-json\/wp\/v2\/posts\/215933","targetHints":{"allow":["GET"]}}],"collection":[{"href":"https:\/\/www.ffw-berg.de\/wordpress\/wp-json\/wp\/v2\/posts"}],"about":[{"href":"https:\/\/www.ffw-berg.de\/wordpress\/wp-json\/wp\/v2\/types\/post"}],"author":[{"embeddable":true,"href":"https:\/\/www.ffw-berg.de\/wordpress\/wp-json\/wp\/v2\/users\/2"}],"replies":[{"embeddable":true,"href":"https:\/\/www.ffw-berg.de\/wordpress\/wp-json\/wp\/v2\/comments?post=215933"}],"version-history":[{"count":0,"href":"https:\/\/www.ffw-berg.de\/wordpress\/wp-json\/wp\/v2\/posts\/215933\/revisions"}],"wp:featuredmedia":[{"embeddable":true,"href":"https:\/\/www.ffw-berg.de\/wordpress\/wp-json\/wp\/v2\/media\/215932"}],"wp:attachment":[{"href":"https:\/\/www.ffw-berg.de\/wordpress\/wp-json\/wp\/v2\/media?parent=215933"}],"wp:term":[{"taxonomy":"category","embeddable":true,"href":"https:\/\/www.ffw-berg.de\/wordpress\/wp-json\/wp\/v2\/categories?post=215933"},{"taxonomy":"post_tag","embeddable":true,"href":"https:\/\/www.ffw-berg.de\/wordpress\/wp-json\/wp\/v2\/tags?post=215933"}],"curies":[{"name":"wp","href":"https:\/\/api.w.org\/{rel}","templated":true}]}}