{"id":216000,"date":"2021-01-26T09:00:00","date_gmt":"2021-01-26T08:00:00","guid":{"rendered":"https:\/\/www.ffw-berg.de\/wordpress\/?p=216000"},"modified":"2026-02-24T12:33:10","modified_gmt":"2026-02-24T11:33:10","slug":"lichtenbergdoc-spendet-ffp2-masken","status":"publish","type":"post","link":"https:\/\/www.ffw-berg.de\/wordpress\/lichtenbergdoc-spendet-ffp2-masken\/","title":{"rendered":"LichtenBergDoc spendet FFP2-Masken"},"content":{"rendered":"\n<h2 class=\"wp-block-heading\">Dank an Frau Dr. H\u00e4u\u00dfinger und das Team von LichtenBergDoc f\u00fcr die gro\u00dfz\u00fcgige Spende<\/h2>\n\n\n\n<p class=\"has-cyan-bluish-gray-color has-text-color has-small-font-size\">Quelle: Gemeinde Berg (Facebook)<\/p>\n\n\n\n<p><strong>150 St\u00fcck werden f\u00fcr unsere aktiven Feuerwehrkameradinnen und -kameraden im Berger Winkel zur Verf\u00fcgung gestellt.<\/strong> Und noch einmal 500 St\u00fcck werden in der Berger Arztpraxis an diejenigen abgegeben, die sich bislang noch keine FFP2-Maske kaufen konnten. <\/p>\n\n\n\n<p class=\"has-text-align-center\">Eine tolle und hilfreiche Unterst\u00fctzung f\u00fcr unsere Feuerwehren und unsere Bev\u00f6lkerung! <\/p>\n\n\n\n<p class=\"has-text-align-center\"><strong>Wir sagen Dankesch\u00f6n!<\/strong><\/p>\n\n\n\n<figure class=\"wp-block-image size-large\"><img loading=\"lazy\" decoding=\"async\" width=\"603\" height=\"768\" src=\"https:\/\/www.ffw-berg.de\/wordpress\/wp-content\/uploads\/2021\/01\/ffwberg_ffp2_masken-603x768.jpg\" alt=\"\" class=\"wp-image-216002\" srcset=\"https:\/\/www.ffw-berg.de\/wordpress\/wp-content\/uploads\/2021\/01\/ffwberg_ffp2_masken-603x768.jpg 603w, https:\/\/www.ffw-berg.de\/wordpress\/wp-content\/uploads\/2021\/01\/ffwberg_ffp2_masken-196x250.jpg 196w, https:\/\/www.ffw-berg.de\/wordpress\/wp-content\/uploads\/2021\/01\/ffwberg_ffp2_masken-94x120.jpg 94w, https:\/\/www.ffw-berg.de\/wordpress\/wp-content\/uploads\/2021\/01\/ffwberg_ffp2_masken-768x979.jpg 768w, https:\/\/www.ffw-berg.de\/wordpress\/wp-content\/uploads\/2021\/01\/ffwberg_ffp2_masken.jpg 1130w\" sizes=\"auto, (max-width: 603px) 100vw, 603px\" \/><figcaption>Frau Dr. H\u00e4u\u00dfinger \u00fcbergibt die Masken an B\u00fcrgermeisterin Patricia Rubner<\/figcaption><\/figure>\n","protected":false},"excerpt":{"rendered":"<div class=\"mh-excerpt\">Herzlichen Dank an Frau Dr. H\u00e4u\u00dfinger und das Team von LichtenBergDoc f\u00fcr die gro\u00dfz\u00fcgige Spende von FFP2-Masken.<\/div>\n<p> <a class=\"mh-excerpt-more\" href=\"https:\/\/www.ffw-berg.de\/wordpress\/lichtenbergdoc-spendet-ffp2-masken\/\" title=\"LichtenBergDoc spendet FFP2-Masken\">[  Mehr &gt;&gt; ]<\/a><\/p>\n","protected":false},"author":2,"featured_media":216004,"comment_status":"closed","ping_status":"open","sticky":false,"template":"","format":"standard","meta":{"footnotes":""},"categories":[747],"tags":[284,309,1162,1163,1164],"class_list":{"0":"post-216000","1":"post","2":"type-post","3":"status-publish","4":"format-standard","5":"has-post-thumbnail","7":"category-wir-ueber-uns-2","8":"tag-gemeinde-berg","9":"tag-feuerwehr","10":"tag-ffp2","11":"tag-spende-ffp2-masken","12":"tag-lichtenbergdoc"},"_links":{"self":[{"href":"https:\/\/www.ffw-berg.de\/wordpress\/wp-json\/wp\/v2\/posts\/216000","targetHints":{"allow":["GET"]}}],"collection":[{"href":"https:\/\/www.ffw-berg.de\/wordpress\/wp-json\/wp\/v2\/posts"}],"about":[{"href":"https:\/\/www.ffw-berg.de\/wordpress\/wp-json\/wp\/v2\/types\/post"}],"author":[{"embeddable":true,"href":"https:\/\/www.ffw-berg.de\/wordpress\/wp-json\/wp\/v2\/users\/2"}],"replies":[{"embeddable":true,"href":"https:\/\/www.ffw-berg.de\/wordpress\/wp-json\/wp\/v2\/comments?post=216000"}],"version-history":[{"count":0,"href":"https:\/\/www.ffw-berg.de\/wordpress\/wp-json\/wp\/v2\/posts\/216000\/revisions"}],"wp:featuredmedia":[{"embeddable":true,"href":"https:\/\/www.ffw-berg.de\/wordpress\/wp-json\/wp\/v2\/media\/216004"}],"wp:attachment":[{"href":"https:\/\/www.ffw-berg.de\/wordpress\/wp-json\/wp\/v2\/media?parent=216000"}],"wp:term":[{"taxonomy":"category","embeddable":true,"href":"https:\/\/www.ffw-berg.de\/wordpress\/wp-json\/wp\/v2\/categories?post=216000"},{"taxonomy":"post_tag","embeddable":true,"href":"https:\/\/www.ffw-berg.de\/wordpress\/wp-json\/wp\/v2\/tags?post=216000"}],"curies":[{"name":"wp","href":"https:\/\/api.w.org\/{rel}","templated":true}]}}