{"id":216011,"date":"2021-02-05T10:00:00","date_gmt":"2021-02-05T09:00:00","guid":{"rendered":"https:\/\/www.ffw-berg.de\/wordpress\/?p=216011"},"modified":"2026-02-24T12:33:18","modified_gmt":"2026-02-24T11:33:18","slug":"jhv-der-jugendgruppe-2021-online","status":"publish","type":"post","link":"https:\/\/www.ffw-berg.de\/wordpress\/jhv-der-jugendgruppe-2021-online\/","title":{"rendered":"JHV der Jugendgruppe 2021 &#8211; online"},"content":{"rendered":"\n<h2 class=\"wp-block-heading\">Jugend der Berger Feuerwehr leistet <strong>380 Dienststunden trotz Corona<\/strong><\/h2>\n\n\n\n<p class=\"has-cyan-bluish-gray-color has-text-color has-small-font-size\">Quelle: Amtsblatt \u201eWir im Frankenwald\u201c Ausgabe Nr. 6 vom 12.02.2021, Seite 26, Text und Fotos: Sandra H\u00fcttner<\/p>\n\n\n\n<p><strong>Die Jugendgruppe der Berger Feuerwehr war auch im Corona-Jahr 2020 so aktiv wie m\u00f6glich. Davon war in der Online-Hauptversammlung zu erfahren.<\/strong><\/p>\n\n\n\n<p><strong>Berg<\/strong> &#8211; Die Jugendgruppe der Freiwilligen Feuerwehr Berg f\u00fchrte ihre Jahreshauptversammlung online durch und dies mit 23 Teilnehmer und Teilnehmerinnen \u2013 eine Premiere im Berger Winkel. \u201eBesondere Umst\u00e4nde erfordern besondere Ma\u00dfnahmen\u201c, sagte Jugendwart Maximilian Schaller bei der virtuellen Begr\u00fc\u00dfung. Jugendwart Schaller lie\u00df das Jahr 2020 Revue passieren. \u201eIm Vergleich zu 2019 haben wir nur ein Drittel der Dienste mit neun Unterrichten, acht \u00dcbungen, f\u00fcnf Arbeitseins\u00e4tzen und vier sonstige Treffen abgehalten, sodass unterm Strich trotz der Einschr\u00e4nkungen die stolze Summe von 380 Stunden stehen.\u201c <\/p>\n\n\n\n<figure class=\"wp-block-image size-large\"><img loading=\"lazy\" decoding=\"async\" width=\"1080\" height=\"720\" src=\"https:\/\/www.ffw-berg.de\/wordpress\/wp-content\/uploads\/2021\/02\/jhv_jugendgruppe2021_0-1080x720.jpeg\" alt=\"\" class=\"wp-image-216017\" srcset=\"https:\/\/www.ffw-berg.de\/wordpress\/wp-content\/uploads\/2021\/02\/jhv_jugendgruppe2021_0-1080x720.jpeg 1080w, https:\/\/www.ffw-berg.de\/wordpress\/wp-content\/uploads\/2021\/02\/jhv_jugendgruppe2021_0-300x200.jpeg 300w, https:\/\/www.ffw-berg.de\/wordpress\/wp-content\/uploads\/2021\/02\/jhv_jugendgruppe2021_0-120x80.jpeg 120w, https:\/\/www.ffw-berg.de\/wordpress\/wp-content\/uploads\/2021\/02\/jhv_jugendgruppe2021_0-768x512.jpeg 768w, https:\/\/www.ffw-berg.de\/wordpress\/wp-content\/uploads\/2021\/02\/jhv_jugendgruppe2021_0.jpeg 1280w\" sizes=\"auto, (max-width: 1080px) 100vw, 1080px\" \/><figcaption>Foto: Sandra H\u00fcttner<\/figcaption><\/figure>\n\n\n\n<p>Schaller verwies auf die Einstufung der Freiwilligen Feuerwehr als sys- temrelevant. \u201eDeshalb m\u00fcssen wir alles daf\u00fcr tun, um einen Aus- fall innerhalb der Einsatzmannschaft zu vermeiden\u201c, so Schaller der erg\u00e4nzte, dass durch die Einstellung des Dienstbetriebes definitiv der Ausbildungsstand und auch die Kameradschaft leidet. \u201eEs ist f\u00fcr alle eine schwierige Situation, aus der man das Beste zu machen versuche\u201c, versicherte der Jugendwart, der in der hohen Beteiligung bei der Online-Ausbildung den richtigen Weg sieht. Die Mitgliederzahlen sind leider r\u00fcckl\u00e4ufig. Von zw\u00f6lf Jugendlichen am Jahresbeginn, waren es Ende 2020 noch neun, sieben Jungen und zwei M\u00e4dchen. \u201eWir hatten zwei \u00dcbertritte in die aktive Wehr von Emma Eibisch und Florian M\u00fcller, einen berufsbedingten Austritt und leider keinen Neueintritt \u2013 und dies erstmals seit mehreren Jahren, \u201c, erl\u00e4uterte Schaller, der diese Entwicklung bedenklich sieht. \u201eDie Corona-bedingte Situation wirkt sich negativ auf die Mitgliedergewinnung aus, da es schwierig ist, ohne Aktivit\u00e4ten und Veranstaltungen das Hobby Feuerwehr n\u00e4her zu bringen.\u201c<\/p>\n\n\n\n<figure class=\"wp-block-gallery columns-2 is-cropped wp-block-gallery-1 is-layout-flex wp-block-gallery-is-layout-flex\"><ul class=\"blocks-gallery-grid\"><li class=\"blocks-gallery-item\"><figure><a href=\"https:\/\/www.ffw-berg.de\/wordpress\/wp-content\/uploads\/2021\/02\/jhv_jugendgruppe2021_3.jpeg\"><img loading=\"lazy\" decoding=\"async\" width=\"1080\" height=\"720\" src=\"https:\/\/www.ffw-berg.de\/wordpress\/wp-content\/uploads\/2021\/02\/jhv_jugendgruppe2021_3-1080x720.jpeg\" alt=\"\" data-id=\"216020\" data-full-url=\"https:\/\/www.ffw-berg.de\/wordpress\/wp-content\/uploads\/2021\/02\/jhv_jugendgruppe2021_3.jpeg\" data-link=\"https:\/\/www.ffw-berg.de\/wordpress\/jhv_jugendgruppe2021_3\/\" class=\"wp-image-216020\" srcset=\"https:\/\/www.ffw-berg.de\/wordpress\/wp-content\/uploads\/2021\/02\/jhv_jugendgruppe2021_3-1080x720.jpeg 1080w, https:\/\/www.ffw-berg.de\/wordpress\/wp-content\/uploads\/2021\/02\/jhv_jugendgruppe2021_3-300x200.jpeg 300w, https:\/\/www.ffw-berg.de\/wordpress\/wp-content\/uploads\/2021\/02\/jhv_jugendgruppe2021_3-120x80.jpeg 120w, https:\/\/www.ffw-berg.de\/wordpress\/wp-content\/uploads\/2021\/02\/jhv_jugendgruppe2021_3-768x512.jpeg 768w, https:\/\/www.ffw-berg.de\/wordpress\/wp-content\/uploads\/2021\/02\/jhv_jugendgruppe2021_3.jpeg 1280w\" sizes=\"auto, (max-width: 1080px) 100vw, 1080px\" \/><\/a><\/figure><\/li><li class=\"blocks-gallery-item\"><figure><a href=\"https:\/\/www.ffw-berg.de\/wordpress\/wp-content\/uploads\/2021\/02\/jhv_jugendgruppe2021_2.jpeg\"><img loading=\"lazy\" decoding=\"async\" width=\"1080\" height=\"720\" src=\"https:\/\/www.ffw-berg.de\/wordpress\/wp-content\/uploads\/2021\/02\/jhv_jugendgruppe2021_2-1080x720.jpeg\" alt=\"\" data-id=\"216019\" data-full-url=\"https:\/\/www.ffw-berg.de\/wordpress\/wp-content\/uploads\/2021\/02\/jhv_jugendgruppe2021_2.jpeg\" data-link=\"https:\/\/www.ffw-berg.de\/wordpress\/jhv_jugendgruppe2021_2\/\" class=\"wp-image-216019\" srcset=\"https:\/\/www.ffw-berg.de\/wordpress\/wp-content\/uploads\/2021\/02\/jhv_jugendgruppe2021_2-1080x720.jpeg 1080w, https:\/\/www.ffw-berg.de\/wordpress\/wp-content\/uploads\/2021\/02\/jhv_jugendgruppe2021_2-300x200.jpeg 300w, https:\/\/www.ffw-berg.de\/wordpress\/wp-content\/uploads\/2021\/02\/jhv_jugendgruppe2021_2-120x80.jpeg 120w, https:\/\/www.ffw-berg.de\/wordpress\/wp-content\/uploads\/2021\/02\/jhv_jugendgruppe2021_2-768x512.jpeg 768w, https:\/\/www.ffw-berg.de\/wordpress\/wp-content\/uploads\/2021\/02\/jhv_jugendgruppe2021_2.jpeg 1280w\" sizes=\"auto, (max-width: 1080px) 100vw, 1080px\" \/><\/a><\/figure><\/li><li class=\"blocks-gallery-item\"><figure><a href=\"https:\/\/www.ffw-berg.de\/wordpress\/wp-content\/uploads\/2021\/02\/jhv_jugendgruppe2021_1.jpeg\"><img loading=\"lazy\" decoding=\"async\" width=\"1080\" height=\"720\" src=\"https:\/\/www.ffw-berg.de\/wordpress\/wp-content\/uploads\/2021\/02\/jhv_jugendgruppe2021_1-1080x720.jpeg\" alt=\"\" data-id=\"216018\" data-full-url=\"https:\/\/www.ffw-berg.de\/wordpress\/wp-content\/uploads\/2021\/02\/jhv_jugendgruppe2021_1.jpeg\" data-link=\"https:\/\/www.ffw-berg.de\/wordpress\/jhv_jugendgruppe2021_1\/\" class=\"wp-image-216018\" srcset=\"https:\/\/www.ffw-berg.de\/wordpress\/wp-content\/uploads\/2021\/02\/jhv_jugendgruppe2021_1-1080x720.jpeg 1080w, https:\/\/www.ffw-berg.de\/wordpress\/wp-content\/uploads\/2021\/02\/jhv_jugendgruppe2021_1-300x200.jpeg 300w, https:\/\/www.ffw-berg.de\/wordpress\/wp-content\/uploads\/2021\/02\/jhv_jugendgruppe2021_1-120x80.jpeg 120w, https:\/\/www.ffw-berg.de\/wordpress\/wp-content\/uploads\/2021\/02\/jhv_jugendgruppe2021_1-768x512.jpeg 768w, https:\/\/www.ffw-berg.de\/wordpress\/wp-content\/uploads\/2021\/02\/jhv_jugendgruppe2021_1.jpeg 1280w\" sizes=\"auto, (max-width: 1080px) 100vw, 1080px\" \/><\/a><\/figure><\/li><\/ul><figcaption class=\"blocks-gallery-caption\">Fotos: Sandra H\u00fcttner<\/figcaption><\/figure>\n\n\n\n<p>Schaller hat auch wenig Hoffnung, dass sich im laufenden Jahr viel \u00e4ndert und die Einschr\u00e4nkungen fortlaufend anhalten werden. \u201eIch appelliere, f\u00fcr die Feuerwehr zu werben. Es besteht auch die M\u00f6glichkeit, das Hobby Feuerwehr vorerst auch online zu pr\u00e4sentieren.\u201c Keine Dienste, keine Wettk\u00e4mpfe und auch keine Abnahme von Abzeichen. <\/p>\n\n\n\n<p>\u201eDie staatliche Feuerwehrschule in W\u00fcrzburg bot zumindest den Wissenstest online an, der von unseren Jugendlichen mit zwei Mal Stufe Silber, drei Mal Stufe Gold und drei Mal Stufe Urkunde erfolgreich absolviert wurde\u201c, so Schaller. Der Praxisteil stehe noch aus. <\/p>\n\n\n\n<p>Schaller dankte allen Mitstreitern, der Gemeinde f\u00fcr das Einrichten des Online-Accounts und den Jugendlichen, die sich auf die Online-Ausbildung einlie\u00dfen. Da online keine geheime Wahl m\u00f6glich sei, wurde sie um ein Jahr verschoben. Die im vergangenen Jahr Gew\u00e4hlten \u00fcben ihre \u00c4mter bis 2022 weiter aus. Kassenwartin Isabell M\u00fcller informierte, dass aufgrund der Corona-Vorgaben keine Kassenpr\u00fcfung stattfinden konnte und bei Lockerungen nachgeholt werden soll. <\/p>\n\n\n\n<p>\u201eBesonders stimmt mich der Ausfall unseres diesj\u00e4hrigen Jubil\u00e4ums \u2013 20 Jahre Jugendgruppe \u2013 traurig\u201c, so Jugendwart Schaller mit der im Sommer auf einen kleinen Ehrenabend mit Blick in die Historie hofft. Dies betraf dann auch den Dienstplan 2021 und somit wird die Ausbildung vorerst online fortgesetzt. Das Jugendbetreuerteam wurde vergr\u00f6\u00dfert, um kleinere Ausbildungsgruppen bilden und auf die unterschiedliche Altersstruktur reagieren zu k\u00f6nnen. Felix Korn, Cosima Rubner, Paul R\u00f6del und Anna Haas bilden das Jugendbe- treuerteam. <\/p>\n\n\n\n<p>Jugendsprecher Jan Vogel berichtete aus der Sicht der Jugendlichen und erinnerte an die letztj\u00e4hrige Jahreshauptversammlung, die noch ohne Maske stattfand. \u201eMit dem ersten Lockdown gab es eine Pause ohne Dienste und Unterrichte\u201c, sagte Vogel und listete zwei praktischen \u00dcbungen mit Schutzma\u00dfnahmen im Herbst und die Online-Ausbildung auf.<\/p>\n\n\n\n<p>Stellvertretender Kommandant Marco Kolbinger sprach der Jugendgruppe und Betreuerteam ein gro\u00dfes Lob aus. \u201eW\u00e4hrend wir andere alles auf Eis gelegt haben, k\u00f6nnt ihr 380 Dienststunden vorweisen.\u201c Er unterstrich die Wichtigkeit der Jugendgruppe. \u201eIhr seid das Fundament der Wehr, ohne Jugend gebe es keinen Fortbestand.\u201c Bez\u00fcglich der Modularen Truppausbildung (MTA) stehe man in den Startl\u00f6chern, wolle die Theorie online abhalten und sp\u00e4ter die Praxis nachholen. <\/p>\n\n\n\n<p>B\u00fcrgermeisterin Patricia Rubner war erfreut, das erste Gru\u00dfwort 2021 auf einer Jahreshauptver- sammlung sprechen zu k\u00f6nnen. \u201eOnline ist es eine Premiere, aber das zeichnet euch als Jugendfeuerwehr aus, ihr gebt Hoffnung und Zuversicht und macht das beste aus der Situation.\u201c Sie hob die 380 \u00dcbungsstunden lobend hervor, die keine Selbstverst\u00e4ndlichkeit seien. Bez\u00fcglich der Mitgliederzahlen versicherte Rubner eine gute Bilanz. \u201eIn anderen Vereinen schaut es weit schlechter aus.\u201c<\/p>\n\n\n\n<p>Paul R\u00f6del informierte abschlie\u00dfend, dass auch wieder Erste-Hilfe-Kurse unter Corona-Bedingungen durch das BRK stattfinden werden.<\/p>\n\n\n\n<h4 class=\"wp-block-heading\">Presseartikel der Frankenpost lesen Sie hier:<\/h4>\n\n\n\n<figure class=\"wp-block-embed is-type-rich is-provider-frankenpost wp-block-embed-frankenpost\"><div class=\"wp-block-embed__wrapper\">\n<blockquote class=\"embedly-card\" data-card-controls=\"0\" data-card-align=\"center\" data-card-theme=\"light\"><h4><a href=\"https:\/\/www.frankenpost.de\/inhalt.jugend-der-berger-feuerwehr-380-dienststunden-trotz-corona.e891a229-7e26-47ae-a454-3f6e6ddae372.html\">Jugend der Berger Feuerwehr: 380 Dienststunden trotz Corona &#8211; Frankenpost<\/a><\/h4><p>Die Jugendgruppe der Berger Feuerwehr war auch im Corona-Jahr 2020 so aktiv wie m\u00f6glich. Davon war in der Online-Hauptversammlung zu erfahren.<\/p><\/blockquote><script async src=\"\/\/cdn.embedly.com\/widgets\/platform.js\" charset=\"UTF-8\"><\/script>\n<\/div><\/figure>\n","protected":false},"excerpt":{"rendered":"<div class=\"mh-excerpt\">Die Jugendgruppe der Freiwilligen Feuerwehr Berg hat ihre Hauptversammlung online abgehalten, und das mit 23 Teilnehmern \u2013 eine Premiere im Berger Winkel. \u201eBesondere Umst\u00e4nde erfordern besondere Ma\u00dfnahmen\u201c, sagte Jugendwart Maximilian Schaller bei der virtuellen Begr\u00fc\u00dfung (&#8230;)<\/div>\n<p> <a class=\"mh-excerpt-more\" href=\"https:\/\/www.ffw-berg.de\/wordpress\/jhv-der-jugendgruppe-2021-online\/\" title=\"JHV der Jugendgruppe 2021 &#8211; online\">[  Mehr &gt;&gt; ]<\/a><\/p>\n","protected":false},"author":2,"featured_media":216018,"comment_status":"closed","ping_status":"open","sticky":false,"template":"","format":"standard","meta":{"footnotes":""},"categories":[896,66],"tags":[51,101,259,1165,1166],"class_list":{"0":"post-216011","1":"post","2":"type-post","3":"status-publish","4":"format-standard","5":"has-post-thumbnail","7":"category-pressearchiv","8":"category-jf-jhv","9":"tag-frankenpost","10":"tag-jugendgruppe","11":"tag-jahreshauptversammlung","12":"tag-jhvjg2021","13":"tag-wir-im-frankenwald"},"_links":{"self":[{"href":"https:\/\/www.ffw-berg.de\/wordpress\/wp-json\/wp\/v2\/posts\/216011","targetHints":{"allow":["GET"]}}],"collection":[{"href":"https:\/\/www.ffw-berg.de\/wordpress\/wp-json\/wp\/v2\/posts"}],"about":[{"href":"https:\/\/www.ffw-berg.de\/wordpress\/wp-json\/wp\/v2\/types\/post"}],"author":[{"embeddable":true,"href":"https:\/\/www.ffw-berg.de\/wordpress\/wp-json\/wp\/v2\/users\/2"}],"replies":[{"embeddable":true,"href":"https:\/\/www.ffw-berg.de\/wordpress\/wp-json\/wp\/v2\/comments?post=216011"}],"version-history":[{"count":0,"href":"https:\/\/www.ffw-berg.de\/wordpress\/wp-json\/wp\/v2\/posts\/216011\/revisions"}],"wp:featuredmedia":[{"embeddable":true,"href":"https:\/\/www.ffw-berg.de\/wordpress\/wp-json\/wp\/v2\/media\/216018"}],"wp:attachment":[{"href":"https:\/\/www.ffw-berg.de\/wordpress\/wp-json\/wp\/v2\/media?parent=216011"}],"wp:term":[{"taxonomy":"category","embeddable":true,"href":"https:\/\/www.ffw-berg.de\/wordpress\/wp-json\/wp\/v2\/categories?post=216011"},{"taxonomy":"post_tag","embeddable":true,"href":"https:\/\/www.ffw-berg.de\/wordpress\/wp-json\/wp\/v2\/tags?post=216011"}],"curies":[{"name":"wp","href":"https:\/\/api.w.org\/{rel}","templated":true}]}}