{"id":216070,"date":"2021-02-16T18:01:00","date_gmt":"2021-02-16T17:01:00","guid":{"rendered":"https:\/\/www.ffw-berg.de\/wordpress\/?p=216070"},"modified":"2022-01-05T20:28:03","modified_gmt":"2022-01-05T19:28:03","slug":"einsatz-vom-16-02-21-vu-ecall-fehlalarm","status":"publish","type":"post","link":"https:\/\/www.ffw-berg.de\/wordpress\/einsatz-vom-16-02-21-vu-ecall-fehlalarm\/","title":{"rendered":"Einsatz vom 16.02.21 &#8211; VU eCall (Fehlalarm)"},"content":{"rendered":"\n<div class=\"wp-block-columns has-2-columns is-layout-flex wp-container-core-columns-is-layout-9d6595d7 wp-block-columns-is-layout-flex\">\n<div class=\"wp-block-column is-layout-flow wp-block-column-is-layout-flow\">\n<p class=\"has-text-color\" style=\"color:#800000\"><strong>Nr.<\/strong><\/p>\n\n\n\n<p class=\"has-text-color\" style=\"color:#800000\"><strong>Alarmzeit<\/strong><\/p>\n\n\n\n<p class=\"has-text-color\" style=\"color:#800000\"><strong>Einsatzdauer<\/strong><\/p>\n\n\n\n<p class=\"has-text-color\" style=\"color:#800000\"><strong>Einsatzort<\/strong><\/p>\n\n\n\n<p class=\"has-text-color\" style=\"color:#800000\"><strong>Einsatzart&nbsp;<\/strong><\/p>\n\n\n\n<p class=\"has-text-color\" style=\"color:#800000\"><strong>Eingesetzte Fahrzeuge&nbsp;<\/strong><\/p>\n\n\n\n<p class=\"has-text-color\" style=\"color:#800000\"><strong>Einsatzmittel<\/strong><\/p>\n<\/div>\n\n\n\n<div class=\"wp-block-column is-layout-flow wp-block-column-is-layout-flow\">\n<p>06<\/p>\n\n\n\n<p>18.01 Uhr<\/p>\n\n\n\n<p>0,27 Std.<\/p>\n\n\n\n<p>Brandleitenweg, Berg<\/p>\n\n\n\n<p>THL 3 | VU eCall<\/p>\n\n\n\n<p>HLF 20, LF 8\/6, MTW<\/p>\n\n\n\n<p>keine<\/p>\n<\/div>\n<\/div>\n\n\n\n<hr class=\"wp-block-separator is-style-wide\"\/>\n\n\n\n<h4 class=\"wp-block-heading\">Einsatzbericht<\/h4>\n\n\n\n<p>Die Feuerwehr Berg wurde wegen eines VU per eCall alarmiert.<\/p>\n\n\n\n<p>Bei Eintreffen konnte kein VU vorgefunden werden. Der ausgel\u00f6ste eCall l\u00e4sst sich auf Fehlbedienung zur\u00fcckf\u00fchren, daher kein Eingreifen f\u00fcr die Feuerwehr erforderlich.<\/p>\n","protected":false},"excerpt":{"rendered":"<div class=\"mh-excerpt\">Nr. 06 | Zeit: 18.01 Uhr | Brandleitenweg, Berg | THL<br \/>\nEingesetzte Fahrzeuge:<br \/>\nHLF 20, LF 8\/6, MTW<\/div>\n<p> <a class=\"mh-excerpt-more\" href=\"https:\/\/www.ffw-berg.de\/wordpress\/einsatz-vom-16-02-21-vu-ecall-fehlalarm\/\" title=\"Einsatz vom 16.02.21 &#8211; VU eCall (Fehlalarm)\">[  Mehr &gt;&gt; ]<\/a><\/p>\n","protected":false},"author":2,"featured_media":212207,"comment_status":"closed","ping_status":"open","sticky":false,"template":"","format":"standard","meta":{"footnotes":""},"categories":[1083],"tags":[77,78,364,149,160,706,1167],"class_list":{"0":"post-216070","1":"post","2":"type-post","3":"status-publish","4":"format-standard","5":"has-post-thumbnail","7":"category-einsaetze-2021","8":"tag-vu","9":"tag-thl","10":"tag-mtw","11":"tag-lf-86","12":"tag-fehlalarm","13":"tag-hlf-20","14":"tag-e-call"},"_links":{"self":[{"href":"https:\/\/www.ffw-berg.de\/wordpress\/wp-json\/wp\/v2\/posts\/216070","targetHints":{"allow":["GET"]}}],"collection":[{"href":"https:\/\/www.ffw-berg.de\/wordpress\/wp-json\/wp\/v2\/posts"}],"about":[{"href":"https:\/\/www.ffw-berg.de\/wordpress\/wp-json\/wp\/v2\/types\/post"}],"author":[{"embeddable":true,"href":"https:\/\/www.ffw-berg.de\/wordpress\/wp-json\/wp\/v2\/users\/2"}],"replies":[{"embeddable":true,"href":"https:\/\/www.ffw-berg.de\/wordpress\/wp-json\/wp\/v2\/comments?post=216070"}],"version-history":[{"count":0,"href":"https:\/\/www.ffw-berg.de\/wordpress\/wp-json\/wp\/v2\/posts\/216070\/revisions"}],"wp:featuredmedia":[{"embeddable":true,"href":"https:\/\/www.ffw-berg.de\/wordpress\/wp-json\/wp\/v2\/media\/212207"}],"wp:attachment":[{"href":"https:\/\/www.ffw-berg.de\/wordpress\/wp-json\/wp\/v2\/media?parent=216070"}],"wp:term":[{"taxonomy":"category","embeddable":true,"href":"https:\/\/www.ffw-berg.de\/wordpress\/wp-json\/wp\/v2\/categories?post=216070"},{"taxonomy":"post_tag","embeddable":true,"href":"https:\/\/www.ffw-berg.de\/wordpress\/wp-json\/wp\/v2\/tags?post=216070"}],"curies":[{"name":"wp","href":"https:\/\/api.w.org\/{rel}","templated":true}]}}