{"id":216081,"date":"2021-03-12T00:00:00","date_gmt":"2021-03-11T23:00:00","guid":{"rendered":"https:\/\/www.ffw-berg.de\/wordpress\/?p=216081"},"modified":"2026-02-24T12:33:29","modified_gmt":"2026-02-24T11:33:29","slug":"hygienemassnahmen-fuer-jeden-einsatz","status":"publish","type":"post","link":"https:\/\/www.ffw-berg.de\/wordpress\/hygienemassnahmen-fuer-jeden-einsatz\/","title":{"rendered":"Hygienema\u00dfnahmen f\u00fcr jeden Einsatz"},"content":{"rendered":"\n<h2 class=\"wp-block-heading\">Corona stellt die Feuerwehren vor besondere Herausforderungen<\/h2>\n\n\n\n<p><strong>Berg<\/strong> \u2013 Erh\u00f6hte Schutzma\u00dfnahmen vor, w\u00e4hrend und nach einem Einsatz stehen seit dem Beginn der Corona-Pandemie f\u00fcr die Feuerwehren im Fokus und bedeuten zugleich f\u00fcr die Kommunen erh\u00f6hte Kosten, die aber zum Schutz der ehrenamtlichen Einsatzkr\u00e4fte au\u00dfer Diskussion stehen. <\/p>\n\n\n\n<figure class=\"wp-block-image size-large\"><img loading=\"lazy\" decoding=\"async\" width=\"1080\" height=\"608\" src=\"https:\/\/www.ffw-berg.de\/wordpress\/wp-content\/uploads\/2021\/03\/ffw_hygienekonzept-1080x608.jpg\" alt=\"\" class=\"wp-image-216086\" srcset=\"https:\/\/www.ffw-berg.de\/wordpress\/wp-content\/uploads\/2021\/03\/ffw_hygienekonzept-1080x608.jpg 1080w, https:\/\/www.ffw-berg.de\/wordpress\/wp-content\/uploads\/2021\/03\/ffw_hygienekonzept-300x169.jpg 300w, https:\/\/www.ffw-berg.de\/wordpress\/wp-content\/uploads\/2021\/03\/ffw_hygienekonzept-120x68.jpg 120w, https:\/\/www.ffw-berg.de\/wordpress\/wp-content\/uploads\/2021\/03\/ffw_hygienekonzept-768x432.jpg 768w, https:\/\/www.ffw-berg.de\/wordpress\/wp-content\/uploads\/2021\/03\/ffw_hygienekonzept-1536x864.jpg 1536w, https:\/\/www.ffw-berg.de\/wordpress\/wp-content\/uploads\/2021\/03\/ffw_hygienekonzept-678x381.jpg 678w, https:\/\/www.ffw-berg.de\/wordpress\/wp-content\/uploads\/2021\/03\/ffw_hygienekonzept.jpg 1920w\" sizes=\"auto, (max-width: 1080px) 100vw, 1080px\" \/><figcaption>Von links: Kommandant Marco Kolbinger, Hygienebeauftragter Heiko R\u00f6del und B\u00fcrgermeisterin Patricia Rubner<\/figcaption><\/figure>\n\n\n\n<p>Bei der St\u00fctzpunktwehr in Berg agiert Heiko R\u00f6del als Corona-Hygienebeauftragte und erkl\u00e4rt, dass die Feuerwehr zwar wie alle anderen Vereine ihren \u00dcbungsbetrieb eingestellt hat, aber trotz allem die Einsatzbereitschaft gew\u00e4hrleistet werden muss. Stellvertretender Kommandant Marco Kolbinger und B\u00fcrgermeisterin Patricia Rubner unterstrichen, dass es keine Selbstverst\u00e4ndlichkeit ist, dass Heiko R\u00f6del die Aufgabe des Corona-Hygienebeauftragten samt Konzepterstellung und Information der Kameraden im Berger Winkel noch zus\u00e4tzlich ehrenamtlich \u00fcbernommen hat, dies aber dringend erforderlich war. <\/p>\n\n\n\n<h3 class=\"wp-block-heading\">\u00c4nderungen seit Corona<\/h3>\n\n\n\n<p>\u201eBei bestimmten Einsatzstichworten wie beispielsweise Verkehrsunfall, eingeklemmte Person m\u00fcssen die Einsatzkr\u00e4fte pro Auto mit voller Mannschaftsst\u00e4rke ausr\u00fccken\u201c, erkl\u00e4rt Heiko R\u00f6del und erg\u00e4nzt, dass ansonsten mit geringerer Besatzung und zudem immer mit ge\u00f6ffneten Fenstern zu den Eins\u00e4tzen gefahren wird. \u201eAber bei zeitkritischen Eins\u00e4tzen wie Verkehrsunf\u00e4llen braucht es Manpower und dann wird und muss mit voller Besatzung gefahren werden.\u201c <\/p>\n\n\n\n<div class=\"wp-block-image\"><figure class=\"alignright size-large is-resized\"><img loading=\"lazy\" decoding=\"async\" src=\"https:\/\/www.ffw-berg.de\/wordpress\/wp-content\/uploads\/2021\/03\/ffw_berg_hygienekonzept-512x768.jpg\" alt=\"\" class=\"wp-image-216084\" width=\"384\" height=\"576\" srcset=\"https:\/\/www.ffw-berg.de\/wordpress\/wp-content\/uploads\/2021\/03\/ffw_berg_hygienekonzept-512x768.jpg 512w, https:\/\/www.ffw-berg.de\/wordpress\/wp-content\/uploads\/2021\/03\/ffw_berg_hygienekonzept-167x250.jpg 167w, https:\/\/www.ffw-berg.de\/wordpress\/wp-content\/uploads\/2021\/03\/ffw_berg_hygienekonzept-80x120.jpg 80w, https:\/\/www.ffw-berg.de\/wordpress\/wp-content\/uploads\/2021\/03\/ffw_berg_hygienekonzept-768x1152.jpg 768w, https:\/\/www.ffw-berg.de\/wordpress\/wp-content\/uploads\/2021\/03\/ffw_berg_hygienekonzept-1024x1536.jpg 1024w, https:\/\/www.ffw-berg.de\/wordpress\/wp-content\/uploads\/2021\/03\/ffw_berg_hygienekonzept.jpg 1080w\" sizes=\"auto, (max-width: 384px) 100vw, 384px\" \/><\/figure><\/div>\n\n\n\n<p>Grunds\u00e4tzlich gelten besondere Schutzma\u00dfnahmen wie beispielsweise Einweghandschuhe unter den Einsatzhandschuhen. Zudem gibt es auf den Einsatzfahrzeugen Hygieneboxen mit Utensilien zur Reinigung und Desinfektion von Material und Personal. \u201eW\u00e4hrend der Pandemie geh\u00f6rt nicht nur die ordnungsgem\u00e4\u00dfe Einsatzkleidung zur Ausr\u00fcstung unserer Ehrenamtlichen, sondern auch Material f\u00fcr die wichtigen Hygienema\u00dfnahmen, die sowohl dem Eigenschutz dienen wie auch dem Schutz des Gegen\u00fcbers\u201c, unterstreicht B\u00fcrgermeisterin Patricia Rubner. \u201eDeshalb hat die Gemeinde bereits im letzten Jahr an die Feuerwehren im Berger Winkel medizinische Masken, FFP2-Masken sowie Desinfektionsmittel ausgegeben\u201c, listete die B\u00fcrgermeisterin auf und erg\u00e4nzt, dass diese zwar zus\u00e4tzliche Kosten f\u00fcr die Kommune verursachen, die aber ohne Frage zwingend notwendig und eine Selbstverst\u00e4ndlichkeit sind, um den Schutz den ehrenamtlichen Einsatzkr\u00e4fte zu gew\u00e4hrleisten. <\/p>\n\n\n\n<p>\u201eDie Kosten rund um den Hygieneschutz werden wohl auch in Zukunft zu einem festen Bestandteil im Feuerwehretat werden.\u201c Rubner erinnerte, dass 1000 medizinische Masken vom Inhaber der Firma Schilder Heinrich, Armin Heinrich, aus dem K\u00f6ditzer Ortsteil Joditz im vergangenen Jahr gespendet worden sind und heuer von Dr. Franziska H\u00e4u\u00dfinger 150 FFP2-Masken f\u00fcr die Feuerwehrler und somit eine Grundausr\u00fcstung an Masken vorhanden ist, die aber nachbestellt werden m\u00fcssen. Die B\u00fcrgermeisterin betont, dass sich eine Routine in Sachen Hygienema\u00dfnahmen entwickeln muss, die dann so selbstverst\u00e4ndlich sei wie H\u00e4nde waschen schon immer war. \u201eGerade unsere Ehrenamtlichen sind durch ihre Eins\u00e4tze auf der Autobahn einem h\u00f6heren Risiko ausgesetzt, da sie mitunter bei Unf\u00e4llen in Kontakt mit Lkw-Fahrern aus Risiko-Gebieten kommen, so dass hier besondere Vorsicht geboten ist, vor allem mit Blick auf den Eigenschutz\u201c, erl\u00e4uterte Rubner. <\/p>\n\n\n\n<h3 class=\"wp-block-heading\">Maskenpflicht im Ger\u00e4tehaus<\/h3>\n\n\n\n<p>\u201eMit dem Betreten des Ger\u00e4tehauses besteht Maskenpflicht, aber hierf\u00fcr reichen die medizinischen Masken\u201c, erkl\u00e4rt Heiko R\u00f6del und erg\u00e4nzt, dass die FFP-2 Masken dann zum Tragen kommen, wenn bei einem Einsatz der Mindestabstand zu einem Verletzten unterschritten wird. \u201eEs kommt zwar auf die Schwere der Verletzung an, aber es ist davon auszugehen, dass Verletzte keine FFP2-Masken tragen k\u00f6nnen und deshalb sch\u00fctzen wir uns und sie mit den FFP2-Masken\u201c, f\u00fcgt stellvertretender Kommandant Marco Kolbinger an und erg\u00e4nzt, dass auch auf der Fahrt zum Einsatz in den Fahrzeugen Maskenpflicht besteht. Desinfizieren der H\u00e4nde sollte mittlerweile eine Selbstverst\u00e4ndlichkeit sein und dies wird durch das Bereitstellen des Handdesinfektionsmittels auch gew\u00e4hrleistet. \u201eNach dem Einsatz hei\u00dft es dann benutzte Gegenst\u00e4nde zu desinfizieren\u201c, betonte der Corona-Hygienebeauftragte und erg\u00e4nzt, dass kontaminierte Einsatzkleidung zu reinigen, gegebenenfalls zu wechseln sei. <\/p>\n\n\n\n<h3 class=\"wp-block-heading\">Anwesenheitsliste bei jedem Einsatz<\/h3>\n\n\n\n<p>\u201e\u00dcbrigens ist das Nachfahren zu einem Einsatz im Privat-Pkw aktuell nicht m\u00f6glich, da dies mit eventuell kontaminierter Einsatzkleidung absolut kontraproduktiv w\u00e4re\u201c, betont der Corona-Hygienebeauftragte und erg\u00e4nzt, dass bei jedem Einsatz eine Anwesenheitsliste gef\u00fchrt wird, wer wie lange am Einsatz beteiligt war, um bei einem eventuell sp\u00e4ter festgestellten \u201ePositivfall\u201c sofort reagieren zu k\u00f6nnen. <\/p>\n\n\n\n<h3 class=\"wp-block-heading\">Ausbildung und Besprechungen nur online<\/h3>\n\n\n\n<p>Aktuell finden Besprechungen und Ausbildung, soweit dies umsetzbar ist, online statt. \u201eSo bald wieder praktische Ausbildung m\u00f6glich ist, wird diese auch sofort stattfinden einhergehend mit \u00c4nderungen\u201c, erl\u00e4utert stellvertretender Kommandant Marco Kolbinger und erg\u00e4nzt, dass in Zukunft die Ausbildung nur noch in festen Teams stattfinden wird, eine Gruppenst\u00e4rke plus Gruppenf\u00fchrer. Auch dies ist eine Schutzma\u00dfnahme, um bei einem Positivfall trotzdem die notwendige Einsatzbereitschaft gew\u00e4hrleisten zu k\u00f6nnen.&nbsp;<\/p>\n\n\n\n<p class=\"has-small-font-size\">Autorin: Sandra H\u00fcttner<\/p>\n","protected":false},"excerpt":{"rendered":"<div class=\"mh-excerpt\">Erh\u00f6hte Schutzma\u00dfnahmen vor, w\u00e4hrend und nach einem Einsatz stehen seit dem Beginn der Corona-Pandemie f\u00fcr die Feuerwehren im Fokus und bedeuten zugleich f\u00fcr die Kommunen erh\u00f6hte Kosten, die aber zum Schutz der ehrenamtlichen Einsatzkr\u00e4fte au\u00dfer Diskussion stehen. <\/div>\n<p> <a class=\"mh-excerpt-more\" href=\"https:\/\/www.ffw-berg.de\/wordpress\/hygienemassnahmen-fuer-jeden-einsatz\/\" title=\"Hygienema\u00dfnahmen f\u00fcr jeden Einsatz\">[  Mehr &gt;&gt; ]<\/a><\/p>\n","protected":false},"author":2,"featured_media":216086,"comment_status":"closed","ping_status":"open","sticky":false,"template":"","format":"standard","meta":{"footnotes":""},"categories":[896,747],"tags":[1170,1171,1172,1173,1174,1175,1176,1177,1178],"class_list":{"0":"post-216081","1":"post","2":"type-post","3":"status-publish","4":"format-standard","5":"has-post-thumbnail","7":"category-pressearchiv","8":"category-wir-ueber-uns-2","9":"tag-corona-massnahmen","10":"tag-hygienekonzept","11":"tag-infektionsschutzkonzept","12":"tag-hygienebeauftragter","13":"tag-desinfektion","14":"tag-desinfektionsmittel","15":"tag-ffp2-masken","16":"tag-kommune","17":"tag-hygiene"},"_links":{"self":[{"href":"https:\/\/www.ffw-berg.de\/wordpress\/wp-json\/wp\/v2\/posts\/216081","targetHints":{"allow":["GET"]}}],"collection":[{"href":"https:\/\/www.ffw-berg.de\/wordpress\/wp-json\/wp\/v2\/posts"}],"about":[{"href":"https:\/\/www.ffw-berg.de\/wordpress\/wp-json\/wp\/v2\/types\/post"}],"author":[{"embeddable":true,"href":"https:\/\/www.ffw-berg.de\/wordpress\/wp-json\/wp\/v2\/users\/2"}],"replies":[{"embeddable":true,"href":"https:\/\/www.ffw-berg.de\/wordpress\/wp-json\/wp\/v2\/comments?post=216081"}],"version-history":[{"count":0,"href":"https:\/\/www.ffw-berg.de\/wordpress\/wp-json\/wp\/v2\/posts\/216081\/revisions"}],"wp:featuredmedia":[{"embeddable":true,"href":"https:\/\/www.ffw-berg.de\/wordpress\/wp-json\/wp\/v2\/media\/216086"}],"wp:attachment":[{"href":"https:\/\/www.ffw-berg.de\/wordpress\/wp-json\/wp\/v2\/media?parent=216081"}],"wp:term":[{"taxonomy":"category","embeddable":true,"href":"https:\/\/www.ffw-berg.de\/wordpress\/wp-json\/wp\/v2\/categories?post=216081"},{"taxonomy":"post_tag","embeddable":true,"href":"https:\/\/www.ffw-berg.de\/wordpress\/wp-json\/wp\/v2\/tags?post=216081"}],"curies":[{"name":"wp","href":"https:\/\/api.w.org\/{rel}","templated":true}]}}