{"id":216108,"date":"2021-03-26T15:00:00","date_gmt":"2021-03-26T14:00:00","guid":{"rendered":"https:\/\/www.ffw-berg.de\/wordpress\/?p=216108"},"modified":"2026-02-24T12:33:38","modified_gmt":"2026-02-24T11:33:38","slug":"fa-limos-gmbh-spendet-arbeitsseil","status":"publish","type":"post","link":"https:\/\/www.ffw-berg.de\/wordpress\/fa-limos-gmbh-spendet-arbeitsseil\/","title":{"rendered":"Fa. Liros GmbH spendet Arbeitsseil"},"content":{"rendered":"\n<h2 class=\"wp-block-heading\"><strong>\u00dcbung macht auch w\u00e4hrend Corona den Meister<\/strong><\/h2>\n\n\n\n<div class=\"wp-block-media-text alignwide has-media-on-the-right is-stacked-on-mobile is-vertically-aligned-top\" style=\"grid-template-columns:auto 38%\"><figure class=\"wp-block-media-text__media\"><img loading=\"lazy\" decoding=\"async\" width=\"1280\" height=\"1920\" src=\"https:\/\/www.ffw-berg.de\/wordpress\/wp-content\/uploads\/2021\/04\/ffberg_lirosspende.jpg\" alt=\"\" class=\"wp-image-216098 size-full\" srcset=\"https:\/\/www.ffw-berg.de\/wordpress\/wp-content\/uploads\/2021\/04\/ffberg_lirosspende.jpg 1280w, https:\/\/www.ffw-berg.de\/wordpress\/wp-content\/uploads\/2021\/04\/ffberg_lirosspende-167x250.jpg 167w, https:\/\/www.ffw-berg.de\/wordpress\/wp-content\/uploads\/2021\/04\/ffberg_lirosspende-512x768.jpg 512w, https:\/\/www.ffw-berg.de\/wordpress\/wp-content\/uploads\/2021\/04\/ffberg_lirosspende-80x120.jpg 80w, https:\/\/www.ffw-berg.de\/wordpress\/wp-content\/uploads\/2021\/04\/ffberg_lirosspende-768x1152.jpg 768w, https:\/\/www.ffw-berg.de\/wordpress\/wp-content\/uploads\/2021\/04\/ffberg_lirosspende-1024x1536.jpg 1024w\" sizes=\"auto, (max-width: 1280px) 100vw, 1280px\" \/><\/figure><div class=\"wp-block-media-text__content\">\n<p>Damit wichtige Grundhandgriffe im Feuerwehrdienst w\u00e4hrend der Corona-Pandemie nicht in Vergessenheit geraten, erh\u00e4lt jeder unserer 60 Aktiven eine \u00dcbungsleine, um Knoten und Stiche selbstst\u00e4ndig zu Hause \u00fcben zu k\u00f6nnen.\u00a0<\/p>\n\n\n\n<p>Vielen Dank nochmals an die <a href=\"https:\/\/www.liros.com\" data-type=\"URL\" data-id=\"https:\/\/www.liros.com\" target=\"_blank\" rel=\"noreferrer noopener\">Fa. LIROS GmbH<\/a> die uns hierf\u00fcr das Arbeitsseil spendet!<\/p>\n<\/div><\/div>\n","protected":false},"excerpt":{"rendered":"<div class=\"mh-excerpt\">\u00dcbung macht auch w\u00e4hrend Corona den Meister. Fa. Liros spendet Arbeitsseil.<\/div>\n<p> <a class=\"mh-excerpt-more\" href=\"https:\/\/www.ffw-berg.de\/wordpress\/fa-limos-gmbh-spendet-arbeitsseil\/\" title=\"Fa. Liros GmbH spendet Arbeitsseil\">[  Mehr &gt;&gt; ]<\/a><\/p>\n","protected":false},"author":2,"featured_media":216113,"comment_status":"closed","ping_status":"open","sticky":false,"template":"","format":"standard","meta":{"footnotes":""},"categories":[896,747],"tags":[394,1179,1180,1181,1182,1183],"class_list":{"0":"post-216108","1":"post","2":"type-post","3":"status-publish","4":"format-standard","5":"has-post-thumbnail","7":"category-pressearchiv","8":"category-wir-ueber-uns-2","9":"tag-spende","10":"tag-lilos-gmbh","11":"tag-arbeitsseil","12":"tag-uebungsleinen","13":"tag-konten-und-stiche","14":"tag-feuerwehrdienst"},"_links":{"self":[{"href":"https:\/\/www.ffw-berg.de\/wordpress\/wp-json\/wp\/v2\/posts\/216108","targetHints":{"allow":["GET"]}}],"collection":[{"href":"https:\/\/www.ffw-berg.de\/wordpress\/wp-json\/wp\/v2\/posts"}],"about":[{"href":"https:\/\/www.ffw-berg.de\/wordpress\/wp-json\/wp\/v2\/types\/post"}],"author":[{"embeddable":true,"href":"https:\/\/www.ffw-berg.de\/wordpress\/wp-json\/wp\/v2\/users\/2"}],"replies":[{"embeddable":true,"href":"https:\/\/www.ffw-berg.de\/wordpress\/wp-json\/wp\/v2\/comments?post=216108"}],"version-history":[{"count":0,"href":"https:\/\/www.ffw-berg.de\/wordpress\/wp-json\/wp\/v2\/posts\/216108\/revisions"}],"wp:featuredmedia":[{"embeddable":true,"href":"https:\/\/www.ffw-berg.de\/wordpress\/wp-json\/wp\/v2\/media\/216113"}],"wp:attachment":[{"href":"https:\/\/www.ffw-berg.de\/wordpress\/wp-json\/wp\/v2\/media?parent=216108"}],"wp:term":[{"taxonomy":"category","embeddable":true,"href":"https:\/\/www.ffw-berg.de\/wordpress\/wp-json\/wp\/v2\/categories?post=216108"},{"taxonomy":"post_tag","embeddable":true,"href":"https:\/\/www.ffw-berg.de\/wordpress\/wp-json\/wp\/v2\/tags?post=216108"}],"curies":[{"name":"wp","href":"https:\/\/api.w.org\/{rel}","templated":true}]}}