{"id":216119,"date":"2021-04-05T07:28:00","date_gmt":"2021-04-05T05:28:00","guid":{"rendered":"https:\/\/www.ffw-berg.de\/wordpress\/?p=216119"},"modified":"2022-01-05T20:20:37","modified_gmt":"2022-01-05T19:20:37","slug":"einsatz-vom-05-04-21-tueroeffnung-p-eingeschlossen","status":"publish","type":"post","link":"https:\/\/www.ffw-berg.de\/wordpress\/einsatz-vom-05-04-21-tueroeffnung-p-eingeschlossen\/","title":{"rendered":"Einsatz vom 05.04.21 &#8211; T\u00fcr\u00f6ffnung, P eingeschlossen"},"content":{"rendered":"\n<div class=\"wp-block-columns has-2-columns is-layout-flex wp-container-core-columns-is-layout-9d6595d7 wp-block-columns-is-layout-flex\">\n<div class=\"wp-block-column is-layout-flow wp-block-column-is-layout-flow\">\n<p class=\"has-text-color\" style=\"color:#800000\"><strong>Nr.<\/strong><\/p>\n\n\n\n<p class=\"has-text-color\" style=\"color:#800000\"><strong>Alarmzeit<\/strong><\/p>\n\n\n\n<p class=\"has-text-color\" style=\"color:#800000\"><strong>Einsatzdauer<\/strong><\/p>\n\n\n\n<p class=\"has-text-color\" style=\"color:#800000\"><strong>Einsatzort<\/strong><\/p>\n\n\n\n<p class=\"has-text-color\" style=\"color:#800000\"><strong>Einsatzart&nbsp;<\/strong><\/p>\n\n\n\n<p class=\"has-text-color\" style=\"color:#800000\"><strong>Eingesetzte Fahrzeuge&nbsp;<\/strong><\/p>\n\n\n\n<p class=\"has-text-color\" style=\"color:#800000\"><strong>Einsatzmittel<\/strong><\/p>\n<\/div>\n\n\n\n<div class=\"wp-block-column is-layout-flow wp-block-column-is-layout-flow\">\n<p>11<\/p>\n\n\n\n<p>07.28 Uhr<\/p>\n\n\n\n<p>1,03 Std.<\/p>\n\n\n\n<p>Joditzer Str., Berg<\/p>\n\n\n\n<p>THL  P eingeschlossen | Wohnungs\u00f6ffnung<\/p>\n\n\n\n<p>MTW<\/p>\n\n\n\n<p>sonstiges Ger\u00e4t<\/p>\n<\/div>\n<\/div>\n\n\n\n<hr class=\"wp-block-separator is-style-wide\"\/>\n\n\n\n<h4 class=\"wp-block-heading\">Einsatzbericht<\/h4>\n\n\n\n<p>Die Feuerwehr Berg wurde zu einer notfallm\u00e4\u00dfigen T\u00fcr\u00f6ffnung alarmiert.<\/p>\n\n\n\n<p>T\u00fcr durch Feuerwehr ge\u00f6ffnet und die Person bis zum Eintreffen des RD betreut. Ortsdurchfahrt Bug w\u00e4hrend Einsatzdauer wechselseitig durch LG Bug und FF Bruck gesperrt.<\/p>\n","protected":false},"excerpt":{"rendered":"<div class=\"mh-excerpt\">Nr. 11  | Zeit: 07.28 Uhr | Joditzer Str., Berg | THL<\/p>\n<p>Eingesetzte Fahrzeuge:<br \/>\nMTW<\/p><\/div>\n<p> <a class=\"mh-excerpt-more\" href=\"https:\/\/www.ffw-berg.de\/wordpress\/einsatz-vom-05-04-21-tueroeffnung-p-eingeschlossen\/\" title=\"Einsatz vom 05.04.21 &#8211; T\u00fcr\u00f6ffnung, P eingeschlossen\">[  Mehr &gt;&gt; ]<\/a><\/p>\n","protected":false},"author":2,"featured_media":212207,"comment_status":"closed","ping_status":"open","sticky":false,"template":"","format":"standard","meta":{"footnotes":""},"categories":[1083],"tags":[78,364,793,934],"class_list":{"0":"post-216119","1":"post","2":"type-post","3":"status-publish","4":"format-standard","5":"has-post-thumbnail","7":"category-einsaetze-2021","8":"tag-thl","9":"tag-mtw","10":"tag-person-eingeschlossen","11":"tag-tueroeffnung"},"_links":{"self":[{"href":"https:\/\/www.ffw-berg.de\/wordpress\/wp-json\/wp\/v2\/posts\/216119","targetHints":{"allow":["GET"]}}],"collection":[{"href":"https:\/\/www.ffw-berg.de\/wordpress\/wp-json\/wp\/v2\/posts"}],"about":[{"href":"https:\/\/www.ffw-berg.de\/wordpress\/wp-json\/wp\/v2\/types\/post"}],"author":[{"embeddable":true,"href":"https:\/\/www.ffw-berg.de\/wordpress\/wp-json\/wp\/v2\/users\/2"}],"replies":[{"embeddable":true,"href":"https:\/\/www.ffw-berg.de\/wordpress\/wp-json\/wp\/v2\/comments?post=216119"}],"version-history":[{"count":0,"href":"https:\/\/www.ffw-berg.de\/wordpress\/wp-json\/wp\/v2\/posts\/216119\/revisions"}],"wp:featuredmedia":[{"embeddable":true,"href":"https:\/\/www.ffw-berg.de\/wordpress\/wp-json\/wp\/v2\/media\/212207"}],"wp:attachment":[{"href":"https:\/\/www.ffw-berg.de\/wordpress\/wp-json\/wp\/v2\/media?parent=216119"}],"wp:term":[{"taxonomy":"category","embeddable":true,"href":"https:\/\/www.ffw-berg.de\/wordpress\/wp-json\/wp\/v2\/categories?post=216119"},{"taxonomy":"post_tag","embeddable":true,"href":"https:\/\/www.ffw-berg.de\/wordpress\/wp-json\/wp\/v2\/tags?post=216119"}],"curies":[{"name":"wp","href":"https:\/\/api.w.org\/{rel}","templated":true}]}}