{"id":216151,"date":"2021-05-04T14:45:00","date_gmt":"2021-05-04T12:45:00","guid":{"rendered":"https:\/\/www.ffw-berg.de\/wordpress\/?p=216151"},"modified":"2022-01-05T20:19:53","modified_gmt":"2022-01-05T19:19:53","slug":"einsatz-vom-04-05-21-sturmschaden-thl","status":"publish","type":"post","link":"https:\/\/www.ffw-berg.de\/wordpress\/einsatz-vom-04-05-21-sturmschaden-thl\/","title":{"rendered":"Einsatz vom 04.05.21 &#8211; Sturmschaden THL"},"content":{"rendered":"\n<div class=\"wp-block-columns has-2-columns is-layout-flex wp-container-core-columns-is-layout-9d6595d7 wp-block-columns-is-layout-flex\">\n<div class=\"wp-block-column is-layout-flow wp-block-column-is-layout-flow\">\n<p class=\"has-text-color\" style=\"color:#800000\"><strong>Nr.<\/strong><\/p>\n\n\n\n<p class=\"has-text-color\" style=\"color:#800000\"><strong>Alarmzeit<\/strong><\/p>\n\n\n\n<p class=\"has-text-color\" style=\"color:#800000\"><strong>Einsatzdauer<\/strong><\/p>\n\n\n\n<p class=\"has-text-color\" style=\"color:#800000\"><strong>Einsatzort<\/strong><\/p>\n\n\n\n<p class=\"has-text-color\" style=\"color:#800000\"><strong>Einsatzart&nbsp;<\/strong><\/p>\n\n\n\n<p class=\"has-text-color\" style=\"color:#800000\"><strong>Eingesetzte Fahrzeuge&nbsp;<\/strong><\/p>\n\n\n\n<p class=\"has-text-color\" style=\"color:#800000\"><strong>Einsatzmittel<\/strong><\/p>\n<\/div>\n\n\n\n<div class=\"wp-block-column is-layout-flow wp-block-column-is-layout-flow\">\n<p>14<\/p>\n\n\n\n<p>14.45 Uhr<\/p>\n\n\n\n<p>0,98 Std<\/p>\n\n\n\n<p>Gupfen, Berg<\/p>\n\n\n\n<p>THL Sturmschaden | Baum auf Stra\u00dfe<\/p>\n\n\n\n<p>HLF 20<\/p>\n\n\n\n<p>keine<\/p>\n<\/div>\n<\/div>\n\n\n\n<hr class=\"wp-block-separator is-style-wide\"\/>\n\n\n\n<h4 class=\"wp-block-heading\"><strong><span style=\"font-family: arial, helvetica, sans-serif; color: #993300;\">Einsatzbericht<\/span><\/strong><\/h4>\n\n\n\n<p>Die Feuerwehr Berg wurde wegen Unwettersch\u00e4den alarmiert.<\/p>\n\n\n\n<p>Baum auf Telefonleitung und Fahrbahn, weitere B\u00e4ume nahe der Fahrbahn waren bereits stellenweise entwurzelt und drohten zu fallen. Nach R\u00fccksprache mit KBM M\u00fcnzer und FF Eisenb\u00fchl, wurde die Stra\u00dfe durch den Bauhof komplett gesperrt.<br \/>Keine weiteren Ma\u00dfnahmen durch FF Berg erforderlich.<\/p>\n","protected":false},"excerpt":{"rendered":"<div class=\"mh-excerpt\">Nr. 14 | Zeit: 14.45 Uhr | Gupfen, Berg   | THL<\/p>\n<p>Eingesetzte Fahrzeuge: HLF 20<\/p><\/div>\n<p> <a class=\"mh-excerpt-more\" href=\"https:\/\/www.ffw-berg.de\/wordpress\/einsatz-vom-04-05-21-sturmschaden-thl\/\" title=\"Einsatz vom 04.05.21 &#8211; Sturmschaden THL\">[  Mehr &gt;&gt; ]<\/a><\/p>\n","protected":false},"author":2,"featured_media":212207,"comment_status":"closed","ping_status":"open","sticky":false,"template":"","format":"standard","meta":{"footnotes":""},"categories":[1083],"tags":[78,562,706,715,875],"class_list":{"0":"post-216151","1":"post","2":"type-post","3":"status-publish","4":"format-standard","5":"has-post-thumbnail","7":"category-einsaetze-2021","8":"tag-thl","9":"tag-kommunikationsgeraete","10":"tag-hlf-20","11":"tag-baum-auf-fahrbahn","12":"tag-sturmschaden"},"_links":{"self":[{"href":"https:\/\/www.ffw-berg.de\/wordpress\/wp-json\/wp\/v2\/posts\/216151","targetHints":{"allow":["GET"]}}],"collection":[{"href":"https:\/\/www.ffw-berg.de\/wordpress\/wp-json\/wp\/v2\/posts"}],"about":[{"href":"https:\/\/www.ffw-berg.de\/wordpress\/wp-json\/wp\/v2\/types\/post"}],"author":[{"embeddable":true,"href":"https:\/\/www.ffw-berg.de\/wordpress\/wp-json\/wp\/v2\/users\/2"}],"replies":[{"embeddable":true,"href":"https:\/\/www.ffw-berg.de\/wordpress\/wp-json\/wp\/v2\/comments?post=216151"}],"version-history":[{"count":0,"href":"https:\/\/www.ffw-berg.de\/wordpress\/wp-json\/wp\/v2\/posts\/216151\/revisions"}],"wp:featuredmedia":[{"embeddable":true,"href":"https:\/\/www.ffw-berg.de\/wordpress\/wp-json\/wp\/v2\/media\/212207"}],"wp:attachment":[{"href":"https:\/\/www.ffw-berg.de\/wordpress\/wp-json\/wp\/v2\/media?parent=216151"}],"wp:term":[{"taxonomy":"category","embeddable":true,"href":"https:\/\/www.ffw-berg.de\/wordpress\/wp-json\/wp\/v2\/categories?post=216151"},{"taxonomy":"post_tag","embeddable":true,"href":"https:\/\/www.ffw-berg.de\/wordpress\/wp-json\/wp\/v2\/tags?post=216151"}],"curies":[{"name":"wp","href":"https:\/\/api.w.org\/{rel}","templated":true}]}}