{"id":216202,"date":"2021-07-14T22:00:00","date_gmt":"2021-07-14T20:00:00","guid":{"rendered":"https:\/\/www.ffw-berg.de\/wordpress\/?p=216202"},"modified":"2022-01-05T20:15:05","modified_gmt":"2022-01-05T19:15:05","slug":"unwettereinsatze-13-14-07-21","status":"publish","type":"post","link":"https:\/\/www.ffw-berg.de\/wordpress\/unwettereinsatze-13-14-07-21\/","title":{"rendered":"Unwettereins\u00e4tze 13.-14.07.21"},"content":{"rendered":"\n<p class=\"has-normal-font-size\">Am sp\u00e4ten Mittwochnachmittag gegen 16:00 Uhr zog Tiefdruckgebiet \u201eBernd\u201c \u00fcber die Region und sorgte im Landkreis Hof f\u00fcr ein immenses Einsatzaufkommen der Hilfsorganisationen.<\/p>\n\n\n\n<p class=\"has-normal-font-size\">Mit Starkregen mit Niederschlagsmengen bis zu 88 l\/qm mussten die Einsatzkr\u00e4fte bis Donnerstagabend unwetterbedingt mehr als 60 Eins\u00e4tze im Gemeindegebiet abarbeiten. Aufgrund der Vielzahl von Einsatzstellen im n\u00f6rdlichen Landkreis, insbesondere in den Gebieten Selbitz, K\u00f6ditz, Feilitzsch, Berg und Issigau, wurde um 20:50 Uhr nach Art. 4 Abs. 1 des Bayerischen Katastrophenschutzgesetzes der Katastrophenfall ausgerufen.<\/p>\n\n\n\n<figure class=\"wp-block-gallery columns-3 is-cropped wp-block-gallery-1 is-layout-flex wp-block-gallery-is-layout-flex\"><ul class=\"blocks-gallery-grid\"><li class=\"blocks-gallery-item\"><figure><a href=\"https:\/\/www.ffw-berg.de\/wordpress\/wp-content\/uploads\/2021\/07\/unwetter_13_14_07_21_0.jpg\"><img loading=\"lazy\" decoding=\"async\" width=\"576\" height=\"768\" src=\"https:\/\/www.ffw-berg.de\/wordpress\/wp-content\/uploads\/2021\/07\/unwetter_13_14_07_21_0-576x768.jpg\" alt=\"\" data-id=\"216205\" data-full-url=\"https:\/\/www.ffw-berg.de\/wordpress\/wp-content\/uploads\/2021\/07\/unwetter_13_14_07_21_0.jpg\" data-link=\"https:\/\/www.ffw-berg.de\/wordpress\/unwetter_13_14_07_21_0\/\" class=\"wp-image-216205\" srcset=\"https:\/\/www.ffw-berg.de\/wordpress\/wp-content\/uploads\/2021\/07\/unwetter_13_14_07_21_0-576x768.jpg 576w, https:\/\/www.ffw-berg.de\/wordpress\/wp-content\/uploads\/2021\/07\/unwetter_13_14_07_21_0-188x250.jpg 188w, https:\/\/www.ffw-berg.de\/wordpress\/wp-content\/uploads\/2021\/07\/unwetter_13_14_07_21_0-90x120.jpg 90w, https:\/\/www.ffw-berg.de\/wordpress\/wp-content\/uploads\/2021\/07\/unwetter_13_14_07_21_0-768x1024.jpg 768w, https:\/\/www.ffw-berg.de\/wordpress\/wp-content\/uploads\/2021\/07\/unwetter_13_14_07_21_0-1152x1536.jpg 1152w, https:\/\/www.ffw-berg.de\/wordpress\/wp-content\/uploads\/2021\/07\/unwetter_13_14_07_21_0.jpg 1440w\" sizes=\"auto, (max-width: 576px) 100vw, 576px\" \/><\/a><\/figure><\/li><li class=\"blocks-gallery-item\"><figure><a href=\"https:\/\/www.ffw-berg.de\/wordpress\/wp-content\/uploads\/2021\/07\/unwetter_13_14_07_21_10.jpg\"><img loading=\"lazy\" decoding=\"async\" width=\"346\" height=\"768\" src=\"https:\/\/www.ffw-berg.de\/wordpress\/wp-content\/uploads\/2021\/07\/unwetter_13_14_07_21_10-346x768.jpg\" alt=\"\" data-id=\"216206\" data-full-url=\"https:\/\/www.ffw-berg.de\/wordpress\/wp-content\/uploads\/2021\/07\/unwetter_13_14_07_21_10.jpg\" data-link=\"https:\/\/www.ffw-berg.de\/wordpress\/unwetter_13_14_07_21_10\/\" class=\"wp-image-216206\" srcset=\"https:\/\/www.ffw-berg.de\/wordpress\/wp-content\/uploads\/2021\/07\/unwetter_13_14_07_21_10-346x768.jpg 346w, https:\/\/www.ffw-berg.de\/wordpress\/wp-content\/uploads\/2021\/07\/unwetter_13_14_07_21_10-113x250.jpg 113w, https:\/\/www.ffw-berg.de\/wordpress\/wp-content\/uploads\/2021\/07\/unwetter_13_14_07_21_10-54x120.jpg 54w, https:\/\/www.ffw-berg.de\/wordpress\/wp-content\/uploads\/2021\/07\/unwetter_13_14_07_21_10-768x1707.jpg 768w, https:\/\/www.ffw-berg.de\/wordpress\/wp-content\/uploads\/2021\/07\/unwetter_13_14_07_21_10-691x1536.jpg 691w, https:\/\/www.ffw-berg.de\/wordpress\/wp-content\/uploads\/2021\/07\/unwetter_13_14_07_21_10.jpg 864w\" sizes=\"auto, (max-width: 346px) 100vw, 346px\" \/><\/a><\/figure><\/li><li class=\"blocks-gallery-item\"><figure><a href=\"https:\/\/www.ffw-berg.de\/wordpress\/wp-content\/uploads\/2021\/07\/unwetter_13_14_07_21_31.jpg\"><img loading=\"lazy\" decoding=\"async\" width=\"576\" height=\"768\" src=\"https:\/\/www.ffw-berg.de\/wordpress\/wp-content\/uploads\/2021\/07\/unwetter_13_14_07_21_31-576x768.jpg\" alt=\"\" data-id=\"216208\" data-full-url=\"https:\/\/www.ffw-berg.de\/wordpress\/wp-content\/uploads\/2021\/07\/unwetter_13_14_07_21_31.jpg\" data-link=\"https:\/\/www.ffw-berg.de\/wordpress\/unwetter_13_14_07_21_31\/\" class=\"wp-image-216208\" srcset=\"https:\/\/www.ffw-berg.de\/wordpress\/wp-content\/uploads\/2021\/07\/unwetter_13_14_07_21_31-576x768.jpg 576w, https:\/\/www.ffw-berg.de\/wordpress\/wp-content\/uploads\/2021\/07\/unwetter_13_14_07_21_31-188x250.jpg 188w, https:\/\/www.ffw-berg.de\/wordpress\/wp-content\/uploads\/2021\/07\/unwetter_13_14_07_21_31-90x120.jpg 90w, https:\/\/www.ffw-berg.de\/wordpress\/wp-content\/uploads\/2021\/07\/unwetter_13_14_07_21_31-768x1024.jpg 768w, https:\/\/www.ffw-berg.de\/wordpress\/wp-content\/uploads\/2021\/07\/unwetter_13_14_07_21_31-1152x1536.jpg 1152w, https:\/\/www.ffw-berg.de\/wordpress\/wp-content\/uploads\/2021\/07\/unwetter_13_14_07_21_31.jpg 1440w\" sizes=\"auto, (max-width: 576px) 100vw, 576px\" \/><\/a><\/figure><\/li><\/ul><\/figure>\n\n\n\n<div class=\"wp-block-columns is-layout-flex wp-container-core-columns-is-layout-9d6595d7 wp-block-columns-is-layout-flex\">\n<div class=\"wp-block-column is-layout-flow wp-block-column-is-layout-flow\">\n<p><strong>Einsatznummer:<\/strong><\/p>\n\n\n\n<p><strong>Einsatzstichwort:<\/strong><\/p>\n\n\n\n<p><strong>Einsatzort:<\/strong><\/p>\n\n\n\n<p><strong>Eingesetzte Fahrzeuge:<\/strong><\/p>\n<\/div>\n\n\n\n<div class=\"wp-block-column is-layout-flow wp-block-column-is-layout-flow\">\n<p>25 &#8211; 72<\/p>\n\n\n\n<p>THL Unwetter<\/p>\n\n\n\n<p>Gemeindegebiet Berg<\/p>\n\n\n\n<p>HLF 20<\/p>\n\n\n\n<p>LF 8\/6<\/p>\n\n\n\n<p>MTW<\/p>\n\n\n\n<p>MZF<\/p>\n<\/div>\n<\/div>\n\n\n\n<h4 class=\"wp-block-heading\">Weitere alarmierte Kr\u00e4fte:<\/h4>\n\n\n\n<ul class=\"wp-block-list\"><li>FF Bruck<\/li><li>L\u00f6schgruppe Bug<\/li><li>FF Eisenb\u00fchl<\/li><li>FF Gottsmannsgr\u00fcn<\/li><li>L\u00f6schgruppe Hadermannsgr\u00fcn<\/li><li>FFW Rudolphstein<\/li><li>FF Schnarchenreuth<\/li><li>FF Tiefengr\u00fcn<\/li><li>Feuerwehr Sparneck<\/li><li>Feuerwehr Stammbach<\/li><li>Feuerwehr Bad Steben<\/li><li>THW Naila<\/li><\/ul>\n\n\n\n<p>Infolge des hohen Einsatzaufkommens im Berger Winkel bildete man fr\u00fchzeitig f\u00fcr den Bereich Gemeinde Berg eine Abschnittsf\u00fchrungsstelle mit Bereitstellungsraum um die Einsatzkr\u00e4fte zu b\u00fcndeln und die Einsatzstellen koordiniert aufarbeiten zu k\u00f6nnen.<\/p>\n\n\n\n<figure class=\"wp-block-image size-large\"><img loading=\"lazy\" decoding=\"async\" width=\"1080\" height=\"608\" src=\"https:\/\/www.ffw-berg.de\/wordpress\/wp-content\/uploads\/2021\/07\/unwetter_13_14_07_21_37-1080x608.jpg\" alt=\"\" class=\"wp-image-216210\" srcset=\"https:\/\/www.ffw-berg.de\/wordpress\/wp-content\/uploads\/2021\/07\/unwetter_13_14_07_21_37-1080x608.jpg 1080w, https:\/\/www.ffw-berg.de\/wordpress\/wp-content\/uploads\/2021\/07\/unwetter_13_14_07_21_37-300x169.jpg 300w, https:\/\/www.ffw-berg.de\/wordpress\/wp-content\/uploads\/2021\/07\/unwetter_13_14_07_21_37-120x68.jpg 120w, https:\/\/www.ffw-berg.de\/wordpress\/wp-content\/uploads\/2021\/07\/unwetter_13_14_07_21_37-768x432.jpg 768w, https:\/\/www.ffw-berg.de\/wordpress\/wp-content\/uploads\/2021\/07\/unwetter_13_14_07_21_37-1536x864.jpg 1536w, https:\/\/www.ffw-berg.de\/wordpress\/wp-content\/uploads\/2021\/07\/unwetter_13_14_07_21_37-678x381.jpg 678w, https:\/\/www.ffw-berg.de\/wordpress\/wp-content\/uploads\/2021\/07\/unwetter_13_14_07_21_37.jpg 1920w\" sizes=\"auto, (max-width: 1080px) 100vw, 1080px\" \/><\/figure>\n\n\n\n<p>So wurden zwischen Mittwoch 17:00 Uhr und Donnerstag 0:30 Uhr insgesamt <strong>51 Einsatzstellen<\/strong> koordiniert. <\/p>\n\n\n\n<h4 class=\"wp-block-heading\">Diese gliedern sich auf in:<\/h4>\n\n\n\n<p>34 x Keller unter Wasser<br \/>5 x Geb\u00e4ude unter Wasser<br \/>5 x Fahrbahn \/ Gehweg \u00fcberschwemmt<br \/>3 x sonstiger Schaden<br \/>2 x Geb\u00e4ude sichern<br \/>1 x Baum \/ Ast auf Fahrbahn<br \/>1 x Stra\u00dfe reinigen<\/p>\n\n\n\n<figure class=\"wp-block-gallery columns-2 is-cropped wp-block-gallery-2 is-layout-flex wp-block-gallery-is-layout-flex\"><ul class=\"blocks-gallery-grid\"><li class=\"blocks-gallery-item\"><figure><a href=\"https:\/\/www.ffw-berg.de\/wordpress\/wp-content\/uploads\/2021\/07\/unwetter_13_14_07_21_21.jpg\"><img loading=\"lazy\" decoding=\"async\" width=\"1080\" height=\"608\" src=\"https:\/\/www.ffw-berg.de\/wordpress\/wp-content\/uploads\/2021\/07\/unwetter_13_14_07_21_21-1080x608.jpg\" alt=\"\" data-id=\"216207\" data-full-url=\"https:\/\/www.ffw-berg.de\/wordpress\/wp-content\/uploads\/2021\/07\/unwetter_13_14_07_21_21.jpg\" data-link=\"https:\/\/www.ffw-berg.de\/wordpress\/unwetter_13_14_07_21_21\/\" class=\"wp-image-216207\" srcset=\"https:\/\/www.ffw-berg.de\/wordpress\/wp-content\/uploads\/2021\/07\/unwetter_13_14_07_21_21-1080x608.jpg 1080w, https:\/\/www.ffw-berg.de\/wordpress\/wp-content\/uploads\/2021\/07\/unwetter_13_14_07_21_21-300x169.jpg 300w, https:\/\/www.ffw-berg.de\/wordpress\/wp-content\/uploads\/2021\/07\/unwetter_13_14_07_21_21-120x68.jpg 120w, https:\/\/www.ffw-berg.de\/wordpress\/wp-content\/uploads\/2021\/07\/unwetter_13_14_07_21_21-768x432.jpg 768w, https:\/\/www.ffw-berg.de\/wordpress\/wp-content\/uploads\/2021\/07\/unwetter_13_14_07_21_21-1536x865.jpg 1536w, https:\/\/www.ffw-berg.de\/wordpress\/wp-content\/uploads\/2021\/07\/unwetter_13_14_07_21_21-678x381.jpg 678w, https:\/\/www.ffw-berg.de\/wordpress\/wp-content\/uploads\/2021\/07\/unwetter_13_14_07_21_21.jpg 1920w\" sizes=\"auto, (max-width: 1080px) 100vw, 1080px\" \/><\/a><\/figure><\/li><li class=\"blocks-gallery-item\"><figure><a href=\"https:\/\/www.ffw-berg.de\/wordpress\/wp-content\/uploads\/2021\/07\/unwetter_13_14_07_21_28.jpg\"><img loading=\"lazy\" decoding=\"async\" width=\"1080\" height=\"608\" src=\"https:\/\/www.ffw-berg.de\/wordpress\/wp-content\/uploads\/2021\/07\/unwetter_13_14_07_21_28-1080x608.jpg\" alt=\"\" data-id=\"216209\" data-full-url=\"https:\/\/www.ffw-berg.de\/wordpress\/wp-content\/uploads\/2021\/07\/unwetter_13_14_07_21_28.jpg\" data-link=\"https:\/\/www.ffw-berg.de\/wordpress\/unwetter_13_14_07_21_28\/\" class=\"wp-image-216209\" srcset=\"https:\/\/www.ffw-berg.de\/wordpress\/wp-content\/uploads\/2021\/07\/unwetter_13_14_07_21_28-1080x608.jpg 1080w, https:\/\/www.ffw-berg.de\/wordpress\/wp-content\/uploads\/2021\/07\/unwetter_13_14_07_21_28-300x169.jpg 300w, https:\/\/www.ffw-berg.de\/wordpress\/wp-content\/uploads\/2021\/07\/unwetter_13_14_07_21_28-120x68.jpg 120w, https:\/\/www.ffw-berg.de\/wordpress\/wp-content\/uploads\/2021\/07\/unwetter_13_14_07_21_28-768x432.jpg 768w, https:\/\/www.ffw-berg.de\/wordpress\/wp-content\/uploads\/2021\/07\/unwetter_13_14_07_21_28-1536x865.jpg 1536w, https:\/\/www.ffw-berg.de\/wordpress\/wp-content\/uploads\/2021\/07\/unwetter_13_14_07_21_28-678x381.jpg 678w, https:\/\/www.ffw-berg.de\/wordpress\/wp-content\/uploads\/2021\/07\/unwetter_13_14_07_21_28.jpg 1920w\" sizes=\"auto, (max-width: 1080px) 100vw, 1080px\" \/><\/a><\/figure><\/li><li class=\"blocks-gallery-item\"><figure><a href=\"https:\/\/www.ffw-berg.de\/wordpress\/wp-content\/uploads\/2021\/07\/unwetter_13_14_07_21_38.jpg\"><img loading=\"lazy\" decoding=\"async\" width=\"1080\" height=\"608\" src=\"https:\/\/www.ffw-berg.de\/wordpress\/wp-content\/uploads\/2021\/07\/unwetter_13_14_07_21_38-1080x608.jpg\" alt=\"\" data-id=\"216211\" data-full-url=\"https:\/\/www.ffw-berg.de\/wordpress\/wp-content\/uploads\/2021\/07\/unwetter_13_14_07_21_38.jpg\" data-link=\"https:\/\/www.ffw-berg.de\/wordpress\/unwetter_13_14_07_21_38\/\" class=\"wp-image-216211\" srcset=\"https:\/\/www.ffw-berg.de\/wordpress\/wp-content\/uploads\/2021\/07\/unwetter_13_14_07_21_38-1080x608.jpg 1080w, https:\/\/www.ffw-berg.de\/wordpress\/wp-content\/uploads\/2021\/07\/unwetter_13_14_07_21_38-300x169.jpg 300w, https:\/\/www.ffw-berg.de\/wordpress\/wp-content\/uploads\/2021\/07\/unwetter_13_14_07_21_38-120x68.jpg 120w, https:\/\/www.ffw-berg.de\/wordpress\/wp-content\/uploads\/2021\/07\/unwetter_13_14_07_21_38-768x432.jpg 768w, https:\/\/www.ffw-berg.de\/wordpress\/wp-content\/uploads\/2021\/07\/unwetter_13_14_07_21_38-1536x864.jpg 1536w, https:\/\/www.ffw-berg.de\/wordpress\/wp-content\/uploads\/2021\/07\/unwetter_13_14_07_21_38-678x381.jpg 678w, https:\/\/www.ffw-berg.de\/wordpress\/wp-content\/uploads\/2021\/07\/unwetter_13_14_07_21_38.jpg 1920w\" sizes=\"auto, (max-width: 1080px) 100vw, 1080px\" \/><\/a><\/figure><\/li><li class=\"blocks-gallery-item\"><figure><a href=\"https:\/\/www.ffw-berg.de\/wordpress\/wp-content\/uploads\/2021\/07\/unwetter_13_14_07_21_39.jpg\"><img loading=\"lazy\" decoding=\"async\" width=\"1080\" height=\"608\" src=\"https:\/\/www.ffw-berg.de\/wordpress\/wp-content\/uploads\/2021\/07\/unwetter_13_14_07_21_39-1080x608.jpg\" alt=\"\" data-id=\"216212\" data-full-url=\"https:\/\/www.ffw-berg.de\/wordpress\/wp-content\/uploads\/2021\/07\/unwetter_13_14_07_21_39.jpg\" data-link=\"https:\/\/www.ffw-berg.de\/wordpress\/unwetter_13_14_07_21_39\/\" class=\"wp-image-216212\" srcset=\"https:\/\/www.ffw-berg.de\/wordpress\/wp-content\/uploads\/2021\/07\/unwetter_13_14_07_21_39-1080x608.jpg 1080w, https:\/\/www.ffw-berg.de\/wordpress\/wp-content\/uploads\/2021\/07\/unwetter_13_14_07_21_39-300x169.jpg 300w, https:\/\/www.ffw-berg.de\/wordpress\/wp-content\/uploads\/2021\/07\/unwetter_13_14_07_21_39-120x68.jpg 120w, https:\/\/www.ffw-berg.de\/wordpress\/wp-content\/uploads\/2021\/07\/unwetter_13_14_07_21_39-768x432.jpg 768w, https:\/\/www.ffw-berg.de\/wordpress\/wp-content\/uploads\/2021\/07\/unwetter_13_14_07_21_39-1536x864.jpg 1536w, https:\/\/www.ffw-berg.de\/wordpress\/wp-content\/uploads\/2021\/07\/unwetter_13_14_07_21_39-678x381.jpg 678w, https:\/\/www.ffw-berg.de\/wordpress\/wp-content\/uploads\/2021\/07\/unwetter_13_14_07_21_39.jpg 1920w\" sizes=\"auto, (max-width: 1080px) 100vw, 1080px\" \/><\/a><\/figure><\/li><li class=\"blocks-gallery-item\"><figure><a href=\"https:\/\/www.ffw-berg.de\/wordpress\/wp-content\/uploads\/2021\/07\/unwetter_13_14_07_21_42.jpg\"><img loading=\"lazy\" decoding=\"async\" width=\"1080\" height=\"608\" src=\"https:\/\/www.ffw-berg.de\/wordpress\/wp-content\/uploads\/2021\/07\/unwetter_13_14_07_21_42-1080x608.jpg\" alt=\"\" data-id=\"216213\" data-full-url=\"https:\/\/www.ffw-berg.de\/wordpress\/wp-content\/uploads\/2021\/07\/unwetter_13_14_07_21_42.jpg\" data-link=\"https:\/\/www.ffw-berg.de\/wordpress\/unwetter_13_14_07_21_42\/\" class=\"wp-image-216213\" srcset=\"https:\/\/www.ffw-berg.de\/wordpress\/wp-content\/uploads\/2021\/07\/unwetter_13_14_07_21_42-1080x608.jpg 1080w, https:\/\/www.ffw-berg.de\/wordpress\/wp-content\/uploads\/2021\/07\/unwetter_13_14_07_21_42-300x169.jpg 300w, https:\/\/www.ffw-berg.de\/wordpress\/wp-content\/uploads\/2021\/07\/unwetter_13_14_07_21_42-120x68.jpg 120w, https:\/\/www.ffw-berg.de\/wordpress\/wp-content\/uploads\/2021\/07\/unwetter_13_14_07_21_42-768x432.jpg 768w, https:\/\/www.ffw-berg.de\/wordpress\/wp-content\/uploads\/2021\/07\/unwetter_13_14_07_21_42-1536x864.jpg 1536w, https:\/\/www.ffw-berg.de\/wordpress\/wp-content\/uploads\/2021\/07\/unwetter_13_14_07_21_42-678x381.jpg 678w, https:\/\/www.ffw-berg.de\/wordpress\/wp-content\/uploads\/2021\/07\/unwetter_13_14_07_21_42.jpg 1920w\" sizes=\"auto, (max-width: 1080px) 100vw, 1080px\" \/><\/a><\/figure><\/li><\/ul><\/figure>\n\n\n\n<p>Ein zwischenzeitlich gemeldeter schwerer Verkehrsunfall mit eingeklemmter Person auf der BAB 9 konnte sich gl\u00fccklicherweise nicht best\u00e4tigen und wurde durch Einsatzkr\u00e4fte der Feuerwehr Berg z\u00fcgig abgewickelt.<\/p>\n\n\n\n<p>Um den Grundschutz im Schutzbereich sicherzustellen, wurden die <strong>Feuerwehren Sparneck und Stammbach<\/strong> zur Gebietsabsicherung zum Feuerwehrger\u00e4tehaus Berg alarmiert.<\/p>\n\n\n\n<p>Nachdem sich am Morgen des 14.07. die Lage entspannte, konnte der ausgerufene Katastrophenfall um 08:00 Uhr aufgehoben werden. Bis zum Abend wurden anschlie\u00dfend die restlichen Einsatzstellen im Gemeindegebiet abgearbeitet, bevor sich die Feuerwehren den Aufr\u00e4umarbeiten und dem Wiederherstellen der Einsatzbereitschaft widmen konnten.<\/p>\n\n\n\n<p class=\"has-text-align-center has-luminous-vivid-amber-background-color has-background has-medium-font-size\">Abschlie\u00dfend m\u00f6chten wir uns nochmal bei allen eingesetzten Kameraden und Helfern f\u00fcr Ihren unerm\u00fcdlichen Einsatz bedanken. Ohne Euch w\u00e4re es nicht m\u00f6glich gewesen, diese au\u00dfergew\u00f6hnliche Lage so schnell in den Griff zu bekommen!<\/p>\n\n\n\n<p>Ein besonderer Dank gilt au\u00dferdem dem Br\u00fcckenrasthaus Frankenwald und der Berg H\u00fctte f\u00fcr die unentgeltliche Verpflegung w\u00e4hrend der Eins\u00e4tze, sowie den Firmen Heiko R\u00f6del GbR Fahrschule-Gefahrgutb\u00fcro-Weiterbildung (Bereitstellung der B\u00fcror\u00e4ume f\u00fcr die Abschnittsf\u00fchrungsstelle) und AS-Bau Hof GmbH &amp; SpS Logistik GmbH f\u00fcr die unkomplizierte und schnelle Versorgung mit Sands\u00e4cken!<\/p>\n\n\n\n<p class=\"has-text-align-center\"><strong>Vielen Dank auch an die Kameraden aus Sparneck und Stammbach, f\u00fcr die \u00dcbernahme der Gebietsabsicherung!<\/strong><\/p>\n\n\n\n<h4 class=\"wp-block-heading\">Sammlung aller Einsatzbilder (ungeordnet) in unserem Album bei:<\/h4>\n\n\n\n<figure class=\"wp-block-embed is-type-rich is-provider-google-photos wp-block-embed-google-photos\"><div class=\"wp-block-embed__wrapper\">\n<blockquote class=\"embedly-card\" data-card-controls=\"0\" data-card-align=\"center\" data-card-theme=\"light\"><h4><a href=\"https:\/\/photos.app.goo.gl\/dXPG8zxkykYib5zp7\">No Title<\/a><\/h4><p>No Description<\/p><\/blockquote><script async src=\"\/\/cdn.embedly.com\/widgets\/platform.js\" charset=\"UTF-8\"><\/script>\n<\/div><\/figure>\n","protected":false},"excerpt":{"rendered":"<div class=\"mh-excerpt\">Am sp\u00e4ten Mittwochnachmittag gegen 16:00 Uhr zog Tiefdruckgebiet \u201eBernd\u201c \u00fcber die Region und sorgte im Landkreis Hof f\u00fcr ein immenses Einsatzaufkommen der Hilfsorganisationen. Mit Niederschlagsmengen bis zu 88 l\/qm mussten die Einsatzkr\u00e4fte bis Donnerstagabend mehr als 60 Eins\u00e4tze im Gemeindegebiet abarbeiten.<\/div>\n<p> <a class=\"mh-excerpt-more\" href=\"https:\/\/www.ffw-berg.de\/wordpress\/unwettereinsatze-13-14-07-21\/\" title=\"Unwettereins\u00e4tze 13.-14.07.21\">[  Mehr &gt;&gt; ]<\/a><\/p>\n","protected":false},"author":2,"featured_media":216209,"comment_status":"closed","ping_status":"open","sticky":false,"template":"","format":"standard","meta":{"footnotes":""},"categories":[1083],"tags":[1212,1213,52,1214,363,1215,364,1216,149,1217,317,1218,410,1219,602,1220,844,845,894,1208,1209,1210,1211],"class_list":{"0":"post-216202","1":"post","2":"type-post","3":"status-publish","4":"format-standard","5":"has-post-thumbnail","7":"category-einsaetze-2021","8":"tag-ff-sparneck","9":"tag-ff-stammbach","10":"tag-nachrichten","11":"tag-ff-bad-steben","12":"tag-mzf","13":"tag-thw-naila","14":"tag-mtw","15":"tag-keller-unter-wasser","16":"tag-lf-86","17":"tag-gebaeude-unter-wasser","18":"tag-schnarchenreuth","19":"tag-fahrbahn-ueberschwemmt","20":"tag-ff-bruck","21":"tag-baum-auf-strasse","22":"tag-ff-gottsmannsgruen","23":"tag-strassenreinigung","24":"tag-ff-tiefengruen","25":"tag-ff-rudolphstein","26":"tag-hlf20","27":"tag-thl-unwetter","28":"tag-llg-bug","29":"tag-ff-eisenbuehl","30":"tag-lg-hadermannsgruen"},"_links":{"self":[{"href":"https:\/\/www.ffw-berg.de\/wordpress\/wp-json\/wp\/v2\/posts\/216202","targetHints":{"allow":["GET"]}}],"collection":[{"href":"https:\/\/www.ffw-berg.de\/wordpress\/wp-json\/wp\/v2\/posts"}],"about":[{"href":"https:\/\/www.ffw-berg.de\/wordpress\/wp-json\/wp\/v2\/types\/post"}],"author":[{"embeddable":true,"href":"https:\/\/www.ffw-berg.de\/wordpress\/wp-json\/wp\/v2\/users\/2"}],"replies":[{"embeddable":true,"href":"https:\/\/www.ffw-berg.de\/wordpress\/wp-json\/wp\/v2\/comments?post=216202"}],"version-history":[{"count":0,"href":"https:\/\/www.ffw-berg.de\/wordpress\/wp-json\/wp\/v2\/posts\/216202\/revisions"}],"wp:featuredmedia":[{"embeddable":true,"href":"https:\/\/www.ffw-berg.de\/wordpress\/wp-json\/wp\/v2\/media\/216209"}],"wp:attachment":[{"href":"https:\/\/www.ffw-berg.de\/wordpress\/wp-json\/wp\/v2\/media?parent=216202"}],"wp:term":[{"taxonomy":"category","embeddable":true,"href":"https:\/\/www.ffw-berg.de\/wordpress\/wp-json\/wp\/v2\/categories?post=216202"},{"taxonomy":"post_tag","embeddable":true,"href":"https:\/\/www.ffw-berg.de\/wordpress\/wp-json\/wp\/v2\/tags?post=216202"}],"curies":[{"name":"wp","href":"https:\/\/api.w.org\/{rel}","templated":true}]}}