{"id":216237,"date":"2021-07-24T20:00:00","date_gmt":"2021-07-24T18:00:00","guid":{"rendered":"https:\/\/www.ffw-berg.de\/wordpress\/?p=216237"},"modified":"2026-02-24T12:13:37","modified_gmt":"2026-02-24T11:13:37","slug":"bay-jugendleistungspruefung-2021","status":"publish","type":"post","link":"https:\/\/www.ffw-berg.de\/wordpress\/bay-jugendleistungspruefung-2021\/","title":{"rendered":"Bay. Jugendleistungspr\u00fcfung 2021"},"content":{"rendered":"\n<h2 class=\"wp-block-heading\"><strong>Bayerische Jugendleistungspr\u00fcfung erfolgreich abgelegt<\/strong>!<\/h2>\n\n\n\n<figure class=\"wp-block-image size-large\"><img loading=\"lazy\" decoding=\"async\" width=\"1024\" height=\"768\" src=\"https:\/\/www.ffw-berg.de\/wordpress\/wp-content\/uploads\/2021\/07\/bayjlp_2021_5-1024x768.jpg\" alt=\"\" class=\"wp-image-216243\" srcset=\"https:\/\/www.ffw-berg.de\/wordpress\/wp-content\/uploads\/2021\/07\/bayjlp_2021_5-1024x768.jpg 1024w, https:\/\/www.ffw-berg.de\/wordpress\/wp-content\/uploads\/2021\/07\/bayjlp_2021_5-300x225.jpg 300w, https:\/\/www.ffw-berg.de\/wordpress\/wp-content\/uploads\/2021\/07\/bayjlp_2021_5-120x90.jpg 120w, https:\/\/www.ffw-berg.de\/wordpress\/wp-content\/uploads\/2021\/07\/bayjlp_2021_5-768x576.jpg 768w, https:\/\/www.ffw-berg.de\/wordpress\/wp-content\/uploads\/2021\/07\/bayjlp_2021_5-1536x1152.jpg 1536w, https:\/\/www.ffw-berg.de\/wordpress\/wp-content\/uploads\/2021\/07\/bayjlp_2021_5-678x509.jpg 678w, https:\/\/www.ffw-berg.de\/wordpress\/wp-content\/uploads\/2021\/07\/bayjlp_2021_5-326x245.jpg 326w, https:\/\/www.ffw-berg.de\/wordpress\/wp-content\/uploads\/2021\/07\/bayjlp_2021_5-80x60.jpg 80w, https:\/\/www.ffw-berg.de\/wordpress\/wp-content\/uploads\/2021\/07\/bayjlp_2021_5.jpg 1920w\" sizes=\"auto, (max-width: 1024px) 100vw, 1024px\" \/><figcaption>Von links: Anna Haas, Isabell M\u00fcller, Max Eimert, Lukas Hermann, Maximillian Schaller<\/figcaption><\/figure>\n\n\n\n<p>Am 24.07. durften drei unserer Jugendlichen ihre erste Leistungspr\u00fcfung ablegen. Bei der zentralen Abnahme der Bayerischen Jugendleistungspr\u00fcfung in Schwarzenbach am Wald konnten die Feuerwehranw\u00e4rter ihren hohen Ausbildungsstand in verschiedenen Einzel- und Trupp\u00fcbungen unter Beweis stellen.<\/p>\n\n\n\n<figure class=\"wp-block-gallery columns-3 is-cropped wp-block-gallery-1 is-layout-flex wp-block-gallery-is-layout-flex\"><ul class=\"blocks-gallery-grid\"><li class=\"blocks-gallery-item\"><figure><a href=\"https:\/\/www.ffw-berg.de\/wordpress\/wp-content\/uploads\/2021\/07\/bayjlp_2021_2.jpg\"><img loading=\"lazy\" decoding=\"async\" width=\"1024\" height=\"768\" src=\"https:\/\/www.ffw-berg.de\/wordpress\/wp-content\/uploads\/2021\/07\/bayjlp_2021_2-1024x768.jpg\" alt=\"\" data-id=\"216240\" data-full-url=\"https:\/\/www.ffw-berg.de\/wordpress\/wp-content\/uploads\/2021\/07\/bayjlp_2021_2.jpg\" data-link=\"https:\/\/www.ffw-berg.de\/wordpress\/bayjlp_2021_2\/\" class=\"wp-image-216240\" srcset=\"https:\/\/www.ffw-berg.de\/wordpress\/wp-content\/uploads\/2021\/07\/bayjlp_2021_2-1024x768.jpg 1024w, https:\/\/www.ffw-berg.de\/wordpress\/wp-content\/uploads\/2021\/07\/bayjlp_2021_2-300x225.jpg 300w, https:\/\/www.ffw-berg.de\/wordpress\/wp-content\/uploads\/2021\/07\/bayjlp_2021_2-120x90.jpg 120w, https:\/\/www.ffw-berg.de\/wordpress\/wp-content\/uploads\/2021\/07\/bayjlp_2021_2-768x576.jpg 768w, https:\/\/www.ffw-berg.de\/wordpress\/wp-content\/uploads\/2021\/07\/bayjlp_2021_2-1536x1152.jpg 1536w, https:\/\/www.ffw-berg.de\/wordpress\/wp-content\/uploads\/2021\/07\/bayjlp_2021_2-678x509.jpg 678w, https:\/\/www.ffw-berg.de\/wordpress\/wp-content\/uploads\/2021\/07\/bayjlp_2021_2-326x245.jpg 326w, https:\/\/www.ffw-berg.de\/wordpress\/wp-content\/uploads\/2021\/07\/bayjlp_2021_2-80x60.jpg 80w, https:\/\/www.ffw-berg.de\/wordpress\/wp-content\/uploads\/2021\/07\/bayjlp_2021_2.jpg 1920w\" sizes=\"auto, (max-width: 1024px) 100vw, 1024px\" \/><\/a><\/figure><\/li><li class=\"blocks-gallery-item\"><figure><a href=\"https:\/\/www.ffw-berg.de\/wordpress\/wp-content\/uploads\/2021\/07\/bayjlp_2021_0.jpg\"><img loading=\"lazy\" decoding=\"async\" width=\"576\" height=\"768\" src=\"https:\/\/www.ffw-berg.de\/wordpress\/wp-content\/uploads\/2021\/07\/bayjlp_2021_0-576x768.jpg\" alt=\"\" data-id=\"216238\" data-full-url=\"https:\/\/www.ffw-berg.de\/wordpress\/wp-content\/uploads\/2021\/07\/bayjlp_2021_0.jpg\" data-link=\"https:\/\/www.ffw-berg.de\/wordpress\/bayjlp_2021_0\/\" class=\"wp-image-216238\" srcset=\"https:\/\/www.ffw-berg.de\/wordpress\/wp-content\/uploads\/2021\/07\/bayjlp_2021_0-576x768.jpg 576w, https:\/\/www.ffw-berg.de\/wordpress\/wp-content\/uploads\/2021\/07\/bayjlp_2021_0-188x250.jpg 188w, https:\/\/www.ffw-berg.de\/wordpress\/wp-content\/uploads\/2021\/07\/bayjlp_2021_0-90x120.jpg 90w, https:\/\/www.ffw-berg.de\/wordpress\/wp-content\/uploads\/2021\/07\/bayjlp_2021_0-768x1024.jpg 768w, https:\/\/www.ffw-berg.de\/wordpress\/wp-content\/uploads\/2021\/07\/bayjlp_2021_0-1152x1536.jpg 1152w, https:\/\/www.ffw-berg.de\/wordpress\/wp-content\/uploads\/2021\/07\/bayjlp_2021_0.jpg 1440w\" sizes=\"auto, (max-width: 576px) 100vw, 576px\" \/><\/a><\/figure><\/li><li class=\"blocks-gallery-item\"><figure><a href=\"https:\/\/www.ffw-berg.de\/wordpress\/wp-content\/uploads\/2021\/07\/bayjlp_2021_3.jpg\"><img loading=\"lazy\" decoding=\"async\" width=\"576\" height=\"768\" src=\"https:\/\/www.ffw-berg.de\/wordpress\/wp-content\/uploads\/2021\/07\/bayjlp_2021_3-576x768.jpg\" alt=\"\" data-id=\"216241\" data-full-url=\"https:\/\/www.ffw-berg.de\/wordpress\/wp-content\/uploads\/2021\/07\/bayjlp_2021_3.jpg\" data-link=\"https:\/\/www.ffw-berg.de\/wordpress\/bayjlp_2021_3\/\" class=\"wp-image-216241\" srcset=\"https:\/\/www.ffw-berg.de\/wordpress\/wp-content\/uploads\/2021\/07\/bayjlp_2021_3-576x768.jpg 576w, https:\/\/www.ffw-berg.de\/wordpress\/wp-content\/uploads\/2021\/07\/bayjlp_2021_3-188x250.jpg 188w, https:\/\/www.ffw-berg.de\/wordpress\/wp-content\/uploads\/2021\/07\/bayjlp_2021_3-90x120.jpg 90w, https:\/\/www.ffw-berg.de\/wordpress\/wp-content\/uploads\/2021\/07\/bayjlp_2021_3-768x1024.jpg 768w, https:\/\/www.ffw-berg.de\/wordpress\/wp-content\/uploads\/2021\/07\/bayjlp_2021_3-1152x1536.jpg 1152w, https:\/\/www.ffw-berg.de\/wordpress\/wp-content\/uploads\/2021\/07\/bayjlp_2021_3.jpg 1440w\" sizes=\"auto, (max-width: 576px) 100vw, 576px\" \/><\/a><\/figure><\/li><li class=\"blocks-gallery-item\"><figure><a href=\"https:\/\/www.ffw-berg.de\/wordpress\/wp-content\/uploads\/2021\/07\/bayjlp_2021_4.jpg\"><img loading=\"lazy\" decoding=\"async\" width=\"1025\" height=\"768\" src=\"https:\/\/www.ffw-berg.de\/wordpress\/wp-content\/uploads\/2021\/07\/bayjlp_2021_4-1025x768.jpg\" alt=\"\" data-id=\"216242\" data-full-url=\"https:\/\/www.ffw-berg.de\/wordpress\/wp-content\/uploads\/2021\/07\/bayjlp_2021_4.jpg\" data-link=\"https:\/\/www.ffw-berg.de\/wordpress\/bayjlp_2021_4\/\" class=\"wp-image-216242\" srcset=\"https:\/\/www.ffw-berg.de\/wordpress\/wp-content\/uploads\/2021\/07\/bayjlp_2021_4-1025x768.jpg 1025w, https:\/\/www.ffw-berg.de\/wordpress\/wp-content\/uploads\/2021\/07\/bayjlp_2021_4-300x225.jpg 300w, https:\/\/www.ffw-berg.de\/wordpress\/wp-content\/uploads\/2021\/07\/bayjlp_2021_4-120x90.jpg 120w, https:\/\/www.ffw-berg.de\/wordpress\/wp-content\/uploads\/2021\/07\/bayjlp_2021_4-768x576.jpg 768w, https:\/\/www.ffw-berg.de\/wordpress\/wp-content\/uploads\/2021\/07\/bayjlp_2021_4-1536x1151.jpg 1536w, https:\/\/www.ffw-berg.de\/wordpress\/wp-content\/uploads\/2021\/07\/bayjlp_2021_4-678x509.jpg 678w, https:\/\/www.ffw-berg.de\/wordpress\/wp-content\/uploads\/2021\/07\/bayjlp_2021_4-326x245.jpg 326w, https:\/\/www.ffw-berg.de\/wordpress\/wp-content\/uploads\/2021\/07\/bayjlp_2021_4-80x60.jpg 80w, https:\/\/www.ffw-berg.de\/wordpress\/wp-content\/uploads\/2021\/07\/bayjlp_2021_4.jpg 1920w\" sizes=\"auto, (max-width: 1025px) 100vw, 1025px\" \/><\/a><\/figure><\/li><li class=\"blocks-gallery-item\"><figure><a href=\"https:\/\/www.ffw-berg.de\/wordpress\/wp-content\/uploads\/2021\/07\/bayjlp_2021_1.jpg\"><img loading=\"lazy\" decoding=\"async\" width=\"1025\" height=\"768\" src=\"https:\/\/www.ffw-berg.de\/wordpress\/wp-content\/uploads\/2021\/07\/bayjlp_2021_1-1025x768.jpg\" alt=\"\" data-id=\"216239\" data-full-url=\"https:\/\/www.ffw-berg.de\/wordpress\/wp-content\/uploads\/2021\/07\/bayjlp_2021_1.jpg\" data-link=\"https:\/\/www.ffw-berg.de\/wordpress\/bayjlp_2021_1\/\" class=\"wp-image-216239\" srcset=\"https:\/\/www.ffw-berg.de\/wordpress\/wp-content\/uploads\/2021\/07\/bayjlp_2021_1-1025x768.jpg 1025w, https:\/\/www.ffw-berg.de\/wordpress\/wp-content\/uploads\/2021\/07\/bayjlp_2021_1-300x225.jpg 300w, https:\/\/www.ffw-berg.de\/wordpress\/wp-content\/uploads\/2021\/07\/bayjlp_2021_1-120x90.jpg 120w, https:\/\/www.ffw-berg.de\/wordpress\/wp-content\/uploads\/2021\/07\/bayjlp_2021_1-768x576.jpg 768w, https:\/\/www.ffw-berg.de\/wordpress\/wp-content\/uploads\/2021\/07\/bayjlp_2021_1-1536x1151.jpg 1536w, https:\/\/www.ffw-berg.de\/wordpress\/wp-content\/uploads\/2021\/07\/bayjlp_2021_1-678x509.jpg 678w, https:\/\/www.ffw-berg.de\/wordpress\/wp-content\/uploads\/2021\/07\/bayjlp_2021_1-326x245.jpg 326w, https:\/\/www.ffw-berg.de\/wordpress\/wp-content\/uploads\/2021\/07\/bayjlp_2021_1-80x60.jpg 80w, https:\/\/www.ffw-berg.de\/wordpress\/wp-content\/uploads\/2021\/07\/bayjlp_2021_1.jpg 1920w\" sizes=\"auto, (max-width: 1025px) 100vw, 1025px\" \/><\/a><\/figure><\/li><\/ul><\/figure>\n\n\n\n<p>Herzlichen Gl\u00fcckwunsch nochmals an Max Eimert, Lukas Herrmann und Isabell M\u00fcller zur bestanden Jugendleistungspr\u00fcfung, macht weiter so!<\/p>\n\n\n\n<figure class=\"wp-block-gallery columns-1 is-cropped wp-block-gallery-2 is-layout-flex wp-block-gallery-is-layout-flex\"><ul class=\"blocks-gallery-grid\"><li class=\"blocks-gallery-item\"><figure><img loading=\"lazy\" decoding=\"async\" width=\"576\" height=\"768\" src=\"https:\/\/www.ffw-berg.de\/wordpress\/wp-content\/uploads\/2021\/07\/bayjlp_2021_6-576x768.jpg\" alt=\"\" data-id=\"216244\" data-full-url=\"https:\/\/www.ffw-berg.de\/wordpress\/wp-content\/uploads\/2021\/07\/bayjlp_2021_6.jpg\" data-link=\"https:\/\/www.ffw-berg.de\/wordpress\/bayjlp_2021_6\/\" class=\"wp-image-216244\" srcset=\"https:\/\/www.ffw-berg.de\/wordpress\/wp-content\/uploads\/2021\/07\/bayjlp_2021_6-576x768.jpg 576w, https:\/\/www.ffw-berg.de\/wordpress\/wp-content\/uploads\/2021\/07\/bayjlp_2021_6-188x250.jpg 188w, https:\/\/www.ffw-berg.de\/wordpress\/wp-content\/uploads\/2021\/07\/bayjlp_2021_6-90x120.jpg 90w, https:\/\/www.ffw-berg.de\/wordpress\/wp-content\/uploads\/2021\/07\/bayjlp_2021_6-768x1024.jpg 768w, https:\/\/www.ffw-berg.de\/wordpress\/wp-content\/uploads\/2021\/07\/bayjlp_2021_6-1152x1536.jpg 1152w, https:\/\/www.ffw-berg.de\/wordpress\/wp-content\/uploads\/2021\/07\/bayjlp_2021_6.jpg 1440w\" sizes=\"auto, (max-width: 576px) 100vw, 576px\" \/><\/figure><\/li><\/ul><\/figure>\n\n\n\n<h4 class=\"wp-block-heading\">Weitere Informationen:<\/h4>\n\n\n\n<p>Lest auch den Bericht auf Seite 15 im<strong> <\/strong><a rel=\"noreferrer noopener\" href=\"https:\/\/www.berg-ofr.de\/wir-ausgabe-30.juli-2021\" data-type=\"URL\" data-id=\"https:\/\/www.berg-ofr.de\/wir-ausgabe-30.juli-2021\" target=\"_blank\"><strong>Amtsblatt &#8222;Wir im Frankenwald&#8220; vom 30.07.21 ><\/strong><\/a><\/p>\n","protected":false},"excerpt":{"rendered":"<div class=\"mh-excerpt\">Am 24.07.21 fand in Schwarzenbach am Wald die zentrale Abnahme der Bayerischen Jugendleistungspr\u00fcfung des Inspektionsbereiches 3 statt.<br \/>\nAuch 3 Anw\u00e4rter der FF Berg waren erfolgreich dabei.<\/div>\n<p> <a class=\"mh-excerpt-more\" href=\"https:\/\/www.ffw-berg.de\/wordpress\/bay-jugendleistungspruefung-2021\/\" title=\"Bay. Jugendleistungspr\u00fcfung 2021\">[  Mehr &gt;&gt; ]<\/a><\/p>\n","protected":false},"author":2,"featured_media":216243,"comment_status":"closed","ping_status":"open","sticky":false,"template":"","format":"standard","meta":{"footnotes":""},"categories":[6,27],"tags":[342,582,584,613,1223,1224,1225],"class_list":{"0":"post-216237","1":"post","2":"type-post","3":"status-publish","4":"format-standard","5":"has-post-thumbnail","7":"category-jugend","8":"category-jf-lp","9":"tag-jugendfeuerwehr","10":"tag-bayerische-jugendleistungspruefung","11":"tag-schwarzenbach-am-wald","12":"tag-jugendleistungspruefungen","13":"tag-bayjlp","14":"tag-ffw-berg","15":"tag-jlp2021"},"_links":{"self":[{"href":"https:\/\/www.ffw-berg.de\/wordpress\/wp-json\/wp\/v2\/posts\/216237","targetHints":{"allow":["GET"]}}],"collection":[{"href":"https:\/\/www.ffw-berg.de\/wordpress\/wp-json\/wp\/v2\/posts"}],"about":[{"href":"https:\/\/www.ffw-berg.de\/wordpress\/wp-json\/wp\/v2\/types\/post"}],"author":[{"embeddable":true,"href":"https:\/\/www.ffw-berg.de\/wordpress\/wp-json\/wp\/v2\/users\/2"}],"replies":[{"embeddable":true,"href":"https:\/\/www.ffw-berg.de\/wordpress\/wp-json\/wp\/v2\/comments?post=216237"}],"version-history":[{"count":0,"href":"https:\/\/www.ffw-berg.de\/wordpress\/wp-json\/wp\/v2\/posts\/216237\/revisions"}],"wp:featuredmedia":[{"embeddable":true,"href":"https:\/\/www.ffw-berg.de\/wordpress\/wp-json\/wp\/v2\/media\/216243"}],"wp:attachment":[{"href":"https:\/\/www.ffw-berg.de\/wordpress\/wp-json\/wp\/v2\/media?parent=216237"}],"wp:term":[{"taxonomy":"category","embeddable":true,"href":"https:\/\/www.ffw-berg.de\/wordpress\/wp-json\/wp\/v2\/categories?post=216237"},{"taxonomy":"post_tag","embeddable":true,"href":"https:\/\/www.ffw-berg.de\/wordpress\/wp-json\/wp\/v2\/tags?post=216237"}],"curies":[{"name":"wp","href":"https:\/\/api.w.org\/{rel}","templated":true}]}}