{"id":216280,"date":"2021-07-21T11:00:00","date_gmt":"2021-07-21T09:00:00","guid":{"rendered":"https:\/\/www.ffw-berg.de\/wordpress\/?p=216280"},"modified":"2026-02-24T12:34:12","modified_gmt":"2026-02-24T11:34:12","slug":"jakobuskita-berg-besucht-die-feuerwehr-berg","status":"publish","type":"post","link":"https:\/\/www.ffw-berg.de\/wordpress\/jakobuskita-berg-besucht-die-feuerwehr-berg\/","title":{"rendered":"Jakobuskita Berg besucht die Feuerwehr Berg"},"content":{"rendered":"\n<h2 class=\"wp-block-heading\">Spannender Besuch der Kita-Kinder im Ger\u00e4tehaus Berg<\/h2>\n\n\n\n<p>Am Mittwoch, den 21.07.2021 besuchten die Kinder der Jakobus-Kita die hiesige FFW Berg. Ihnen wurden die Schutzausr\u00fcstung, die Fahrzeuge, Anh\u00e4nger und Materialien gezeigt und erkl\u00e4rt. Als ganz besonderes Highlight gab es noch die Chance, das neue gro\u00dfe Feuerwehr-Fahrzeug von innen zu bestaunen. <\/p>\n\n\n\n<figure class=\"wp-block-image size-large is-style-default\"><img loading=\"lazy\" decoding=\"async\" width=\"1024\" height=\"768\" src=\"https:\/\/www.ffw-berg.de\/wordpress\/wp-content\/uploads\/2021\/08\/Krippe-ffw-bild-verschickt-1024x768.jpg\" alt=\"\" class=\"wp-image-216275\" srcset=\"https:\/\/www.ffw-berg.de\/wordpress\/wp-content\/uploads\/2021\/08\/Krippe-ffw-bild-verschickt-1024x768.jpg 1024w, https:\/\/www.ffw-berg.de\/wordpress\/wp-content\/uploads\/2021\/08\/Krippe-ffw-bild-verschickt-300x225.jpg 300w, https:\/\/www.ffw-berg.de\/wordpress\/wp-content\/uploads\/2021\/08\/Krippe-ffw-bild-verschickt-120x90.jpg 120w, https:\/\/www.ffw-berg.de\/wordpress\/wp-content\/uploads\/2021\/08\/Krippe-ffw-bild-verschickt-768x576.jpg 768w, https:\/\/www.ffw-berg.de\/wordpress\/wp-content\/uploads\/2021\/08\/Krippe-ffw-bild-verschickt-1536x1152.jpg 1536w, https:\/\/www.ffw-berg.de\/wordpress\/wp-content\/uploads\/2021\/08\/Krippe-ffw-bild-verschickt-678x509.jpg 678w, https:\/\/www.ffw-berg.de\/wordpress\/wp-content\/uploads\/2021\/08\/Krippe-ffw-bild-verschickt-326x245.jpg 326w, https:\/\/www.ffw-berg.de\/wordpress\/wp-content\/uploads\/2021\/08\/Krippe-ffw-bild-verschickt-80x60.jpg 80w, https:\/\/www.ffw-berg.de\/wordpress\/wp-content\/uploads\/2021\/08\/Krippe-ffw-bild-verschickt.jpg 1920w\" sizes=\"auto, (max-width: 1024px) 100vw, 1024px\" \/><\/figure>\n\n\n\n<p>Das Kita-Team bedankte sich recht herzlich bei der FFW Berg und bei Marco Kolbinger, der sich die Zeit f\u00fcr die Kinder genommen hatte.<\/p>\n","protected":false},"excerpt":{"rendered":"<div class=\"mh-excerpt\">Am Mittwoch, den 21.07.2021 besuchten die Kinder der Jakobus-Kita die hiesige FFW Berg. Ihnen wurden die Schutzausr\u00fcstung, die Fahrzeuge, Anh\u00e4nger und Materialien gezeigt und erkl\u00e4rt.<\/div>\n<p> <a class=\"mh-excerpt-more\" href=\"https:\/\/www.ffw-berg.de\/wordpress\/jakobuskita-berg-besucht-die-feuerwehr-berg\/\" title=\"Jakobuskita Berg besucht die Feuerwehr Berg\">[  Mehr &gt;&gt; ]<\/a><\/p>\n","protected":false},"author":2,"featured_media":216275,"comment_status":"closed","ping_status":"open","sticky":false,"template":"","format":"standard","meta":{"footnotes":""},"categories":[747],"tags":[178,1230,1231],"class_list":{"0":"post-216280","1":"post","2":"type-post","3":"status-publish","4":"format-standard","5":"has-post-thumbnail","7":"category-wir-ueber-uns-2","8":"tag-berg","9":"tag-jakobuskita","10":"tag-kita2021"},"_links":{"self":[{"href":"https:\/\/www.ffw-berg.de\/wordpress\/wp-json\/wp\/v2\/posts\/216280","targetHints":{"allow":["GET"]}}],"collection":[{"href":"https:\/\/www.ffw-berg.de\/wordpress\/wp-json\/wp\/v2\/posts"}],"about":[{"href":"https:\/\/www.ffw-berg.de\/wordpress\/wp-json\/wp\/v2\/types\/post"}],"author":[{"embeddable":true,"href":"https:\/\/www.ffw-berg.de\/wordpress\/wp-json\/wp\/v2\/users\/2"}],"replies":[{"embeddable":true,"href":"https:\/\/www.ffw-berg.de\/wordpress\/wp-json\/wp\/v2\/comments?post=216280"}],"version-history":[{"count":0,"href":"https:\/\/www.ffw-berg.de\/wordpress\/wp-json\/wp\/v2\/posts\/216280\/revisions"}],"wp:featuredmedia":[{"embeddable":true,"href":"https:\/\/www.ffw-berg.de\/wordpress\/wp-json\/wp\/v2\/media\/216275"}],"wp:attachment":[{"href":"https:\/\/www.ffw-berg.de\/wordpress\/wp-json\/wp\/v2\/media?parent=216280"}],"wp:term":[{"taxonomy":"category","embeddable":true,"href":"https:\/\/www.ffw-berg.de\/wordpress\/wp-json\/wp\/v2\/categories?post=216280"},{"taxonomy":"post_tag","embeddable":true,"href":"https:\/\/www.ffw-berg.de\/wordpress\/wp-json\/wp\/v2\/tags?post=216280"}],"curies":[{"name":"wp","href":"https:\/\/api.w.org\/{rel}","templated":true}]}}