{"id":216296,"date":"2021-08-02T18:00:00","date_gmt":"2021-08-02T16:00:00","guid":{"rendered":"https:\/\/www.ffw-berg.de\/wordpress\/?p=216296"},"modified":"2026-02-24T12:13:58","modified_gmt":"2026-02-24T11:13:58","slug":"sommerferienprogramm-2021-mit-der-ff-berg","status":"publish","type":"post","link":"https:\/\/www.ffw-berg.de\/wordpress\/sommerferienprogramm-2021-mit-der-ff-berg\/","title":{"rendered":"Sommerferienprogramm 2021 mit der FF Berg"},"content":{"rendered":"\n<h2 class=\"wp-block-heading\">Das Sommerferienprogramm der Gemeinde Berg startete mit einem\u201eFeurigen Feriennachmittag\u201c in und ums Ger\u00e4tehaus<\/h2>\n\n\n\n<p class=\"has-text-color has-small-font-size\" style=\"color:#9f9f9f\">Quelle: Amtsblatt \u201eWir im Frankenwald\u201c Ausgabe Nr. 32 vom 13.08.2021, Seite 34, Text und Fotos: Sandra H\u00fcttner<\/p>\n\n\n\n<p>Das Sommerferienprogramm der Gemeinde Berg startete mit 20 M\u00e4dchen und Jungen und einem \u201eFeurigen Feriennachmittag\u201c in und ums Ger\u00e4tehaus der Freiwilligen Feuerwehr Berg. Sechs Stationen galt es zu meistern, bei denen nat\u00fcrlich Spannung, Spa\u00df und Aktion im Vordergrund standen. <\/p>\n\n\n\n<p class=\"has-black-color has-text-color\">\u201eGut verpackt haben wir dabei Brandschutzerziehung und Wissensvermittlung rund um das Thema Feuerwehr\u201c, erkl\u00e4rt Jugendwart Maximilian Schaller, der Unterst\u00fctzung vom stellvertretenden Kommandanten Marco Kolbinger sowie weiteren acht Betreuern erhielt. Sowohl Brandsch\u00fctzer wie auch die Kinder waren mit Begeisterung dabei, ob nun beim Zielspritzen mit der K\u00fcbelspritze, dem Transport von Flasche oder Tennisball mittels Rettungsspreizer, dem Absetzen des Notrufes anhand der f\u00fcnf W-Fragen, die Wasserf\u00f6rderung \u00fcber eine lange Schlauchstrecke, dem Pylonen-Memory sowie beim richtigen Umgang mit dem Feuerl\u00f6scher, um einen Papierkorbbrand zu l\u00f6schen.<\/p>\n\n\n\n<figure class=\"wp-block-gallery columns-3 is-cropped wp-block-gallery-1 is-layout-flex wp-block-gallery-is-layout-flex\"><ul class=\"blocks-gallery-grid\"><li class=\"blocks-gallery-item\"><figure><a href=\"https:\/\/www.ffw-berg.de\/wordpress\/wp-content\/uploads\/2021\/08\/ferienprogramm21_1.jpg\"><img loading=\"lazy\" decoding=\"async\" width=\"512\" height=\"768\" src=\"https:\/\/www.ffw-berg.de\/wordpress\/wp-content\/uploads\/2021\/08\/ferienprogramm21_1-512x768.jpg\" alt=\"\" data-id=\"216289\" data-full-url=\"https:\/\/www.ffw-berg.de\/wordpress\/wp-content\/uploads\/2021\/08\/ferienprogramm21_1.jpg\" data-link=\"https:\/\/www.ffw-berg.de\/wordpress\/ferienprogramm21_1\/\" class=\"wp-image-216289\" srcset=\"https:\/\/www.ffw-berg.de\/wordpress\/wp-content\/uploads\/2021\/08\/ferienprogramm21_1-512x768.jpg 512w, https:\/\/www.ffw-berg.de\/wordpress\/wp-content\/uploads\/2021\/08\/ferienprogramm21_1-167x250.jpg 167w, https:\/\/www.ffw-berg.de\/wordpress\/wp-content\/uploads\/2021\/08\/ferienprogramm21_1-80x120.jpg 80w, https:\/\/www.ffw-berg.de\/wordpress\/wp-content\/uploads\/2021\/08\/ferienprogramm21_1.jpg 682w\" sizes=\"auto, (max-width: 512px) 100vw, 512px\" \/><\/a><\/figure><\/li><li class=\"blocks-gallery-item\"><figure><a href=\"https:\/\/www.ffw-berg.de\/wordpress\/wp-content\/uploads\/2021\/08\/ferienprogramm21_2.jpg\"><img loading=\"lazy\" decoding=\"async\" width=\"512\" height=\"768\" src=\"https:\/\/www.ffw-berg.de\/wordpress\/wp-content\/uploads\/2021\/08\/ferienprogramm21_2-512x768.jpg\" alt=\"\" data-id=\"216290\" data-full-url=\"https:\/\/www.ffw-berg.de\/wordpress\/wp-content\/uploads\/2021\/08\/ferienprogramm21_2.jpg\" data-link=\"https:\/\/www.ffw-berg.de\/wordpress\/ferienprogramm21_2\/\" class=\"wp-image-216290\" srcset=\"https:\/\/www.ffw-berg.de\/wordpress\/wp-content\/uploads\/2021\/08\/ferienprogramm21_2-512x768.jpg 512w, https:\/\/www.ffw-berg.de\/wordpress\/wp-content\/uploads\/2021\/08\/ferienprogramm21_2-167x250.jpg 167w, https:\/\/www.ffw-berg.de\/wordpress\/wp-content\/uploads\/2021\/08\/ferienprogramm21_2-80x120.jpg 80w, https:\/\/www.ffw-berg.de\/wordpress\/wp-content\/uploads\/2021\/08\/ferienprogramm21_2.jpg 682w\" sizes=\"auto, (max-width: 512px) 100vw, 512px\" \/><\/a><\/figure><\/li><li class=\"blocks-gallery-item\"><figure><a href=\"https:\/\/www.ffw-berg.de\/wordpress\/wp-content\/uploads\/2021\/08\/ferienprogramm21_4.jpg\"><img loading=\"lazy\" decoding=\"async\" width=\"512\" height=\"768\" src=\"https:\/\/www.ffw-berg.de\/wordpress\/wp-content\/uploads\/2021\/08\/ferienprogramm21_4-512x768.jpg\" alt=\"\" data-id=\"216291\" data-full-url=\"https:\/\/www.ffw-berg.de\/wordpress\/wp-content\/uploads\/2021\/08\/ferienprogramm21_4.jpg\" data-link=\"https:\/\/www.ffw-berg.de\/wordpress\/ferienprogramm21_4\/\" class=\"wp-image-216291\" srcset=\"https:\/\/www.ffw-berg.de\/wordpress\/wp-content\/uploads\/2021\/08\/ferienprogramm21_4-512x768.jpg 512w, https:\/\/www.ffw-berg.de\/wordpress\/wp-content\/uploads\/2021\/08\/ferienprogramm21_4-167x250.jpg 167w, https:\/\/www.ffw-berg.de\/wordpress\/wp-content\/uploads\/2021\/08\/ferienprogramm21_4-80x120.jpg 80w, https:\/\/www.ffw-berg.de\/wordpress\/wp-content\/uploads\/2021\/08\/ferienprogramm21_4.jpg 682w\" sizes=\"auto, (max-width: 512px) 100vw, 512px\" \/><\/a><\/figure><\/li><li class=\"blocks-gallery-item\"><figure><a href=\"https:\/\/www.ffw-berg.de\/wordpress\/wp-content\/uploads\/2021\/08\/ferienprogramm21_5.jpg\"><img loading=\"lazy\" decoding=\"async\" width=\"1080\" height=\"720\" src=\"https:\/\/www.ffw-berg.de\/wordpress\/wp-content\/uploads\/2021\/08\/ferienprogramm21_5-1080x720.jpg\" alt=\"\" data-id=\"216292\" data-full-url=\"https:\/\/www.ffw-berg.de\/wordpress\/wp-content\/uploads\/2021\/08\/ferienprogramm21_5.jpg\" data-link=\"https:\/\/www.ffw-berg.de\/wordpress\/ferienprogramm21_5\/\" class=\"wp-image-216292\" srcset=\"https:\/\/www.ffw-berg.de\/wordpress\/wp-content\/uploads\/2021\/08\/ferienprogramm21_5-1080x720.jpg 1080w, https:\/\/www.ffw-berg.de\/wordpress\/wp-content\/uploads\/2021\/08\/ferienprogramm21_5-300x200.jpg 300w, https:\/\/www.ffw-berg.de\/wordpress\/wp-content\/uploads\/2021\/08\/ferienprogramm21_5-120x80.jpg 120w, https:\/\/www.ffw-berg.de\/wordpress\/wp-content\/uploads\/2021\/08\/ferienprogramm21_5-768x512.jpg 768w, https:\/\/www.ffw-berg.de\/wordpress\/wp-content\/uploads\/2021\/08\/ferienprogramm21_5.jpg 1280w\" sizes=\"auto, (max-width: 1080px) 100vw, 1080px\" \/><\/a><\/figure><\/li><li class=\"blocks-gallery-item\"><figure><a href=\"https:\/\/www.ffw-berg.de\/wordpress\/wp-content\/uploads\/2021\/08\/ferienprogramm21_6.jpg\"><img loading=\"lazy\" decoding=\"async\" width=\"1080\" height=\"720\" src=\"https:\/\/www.ffw-berg.de\/wordpress\/wp-content\/uploads\/2021\/08\/ferienprogramm21_6-1080x720.jpg\" alt=\"\" data-id=\"216293\" data-full-url=\"https:\/\/www.ffw-berg.de\/wordpress\/wp-content\/uploads\/2021\/08\/ferienprogramm21_6.jpg\" data-link=\"https:\/\/www.ffw-berg.de\/wordpress\/ferienprogramm21_6\/\" class=\"wp-image-216293\" srcset=\"https:\/\/www.ffw-berg.de\/wordpress\/wp-content\/uploads\/2021\/08\/ferienprogramm21_6-1080x720.jpg 1080w, https:\/\/www.ffw-berg.de\/wordpress\/wp-content\/uploads\/2021\/08\/ferienprogramm21_6-300x200.jpg 300w, https:\/\/www.ffw-berg.de\/wordpress\/wp-content\/uploads\/2021\/08\/ferienprogramm21_6-120x80.jpg 120w, https:\/\/www.ffw-berg.de\/wordpress\/wp-content\/uploads\/2021\/08\/ferienprogramm21_6-768x512.jpg 768w, https:\/\/www.ffw-berg.de\/wordpress\/wp-content\/uploads\/2021\/08\/ferienprogramm21_6.jpg 1280w\" sizes=\"auto, (max-width: 1080px) 100vw, 1080px\" \/><\/a><\/figure><\/li><li class=\"blocks-gallery-item\"><figure><a href=\"https:\/\/www.ffw-berg.de\/wordpress\/wp-content\/uploads\/2021\/08\/ferienprogramm21_5.jpg\"><img loading=\"lazy\" decoding=\"async\" width=\"1080\" height=\"720\" src=\"https:\/\/www.ffw-berg.de\/wordpress\/wp-content\/uploads\/2021\/08\/ferienprogramm21_5-1080x720.jpg\" alt=\"\" data-id=\"216292\" data-full-url=\"https:\/\/www.ffw-berg.de\/wordpress\/wp-content\/uploads\/2021\/08\/ferienprogramm21_5.jpg\" data-link=\"https:\/\/www.ffw-berg.de\/wordpress\/ferienprogramm21_5\/\" class=\"wp-image-216292\" srcset=\"https:\/\/www.ffw-berg.de\/wordpress\/wp-content\/uploads\/2021\/08\/ferienprogramm21_5-1080x720.jpg 1080w, https:\/\/www.ffw-berg.de\/wordpress\/wp-content\/uploads\/2021\/08\/ferienprogramm21_5-300x200.jpg 300w, https:\/\/www.ffw-berg.de\/wordpress\/wp-content\/uploads\/2021\/08\/ferienprogramm21_5-120x80.jpg 120w, https:\/\/www.ffw-berg.de\/wordpress\/wp-content\/uploads\/2021\/08\/ferienprogramm21_5-768x512.jpg 768w, https:\/\/www.ffw-berg.de\/wordpress\/wp-content\/uploads\/2021\/08\/ferienprogramm21_5.jpg 1280w\" sizes=\"auto, (max-width: 1080px) 100vw, 1080px\" \/><\/a><\/figure><\/li><\/ul><\/figure>\n\n\n\n<p>\u201eDie Aufgaben sollen die Kinder nach M\u00f6glichkeit zu zweit meistern, ganz wie im echten Feuerwehralltag, denn werden die Aufgaben auch immer im Zweiertrupp erledigt\u201c, erkl\u00e4rt der Jugendwart, der die M\u00e4dchen und Jungen begr\u00fc\u00dfte, kurz erkl\u00e4rte und schon ging es los an den einzelnen Stationen. <\/p>\n\n\n\n<figure class=\"wp-block-image size-large is-style-default\"><img loading=\"lazy\" decoding=\"async\" width=\"1080\" height=\"720\" src=\"https:\/\/www.ffw-berg.de\/wordpress\/wp-content\/uploads\/2021\/08\/ferienprogramm21_0-1080x720.jpg\" alt=\"\" class=\"wp-image-216288\" srcset=\"https:\/\/www.ffw-berg.de\/wordpress\/wp-content\/uploads\/2021\/08\/ferienprogramm21_0-1080x720.jpg 1080w, https:\/\/www.ffw-berg.de\/wordpress\/wp-content\/uploads\/2021\/08\/ferienprogramm21_0-300x200.jpg 300w, https:\/\/www.ffw-berg.de\/wordpress\/wp-content\/uploads\/2021\/08\/ferienprogramm21_0-120x80.jpg 120w, https:\/\/www.ffw-berg.de\/wordpress\/wp-content\/uploads\/2021\/08\/ferienprogramm21_0-768x512.jpg 768w, https:\/\/www.ffw-berg.de\/wordpress\/wp-content\/uploads\/2021\/08\/ferienprogramm21_0.jpg 1280w\" sizes=\"auto, (max-width: 1080px) 100vw, 1080px\" \/><figcaption>Begr\u00fc\u00dfung durch den Jugendwart Maximilian Schaller<\/figcaption><\/figure>\n\n\n\n<p>Die Brandsch\u00fctzer standen mit Rat und Tat zur Seite, erkl\u00e4rten und halfen. Immer wieder sorgte der Brandsi- mulator f\u00fcr \u00dcberraschung, wenn die Flammen unerwartet nach oben schossen. Stellvertretender Kommandant Kolbinger erkl\u00e4rte in Ruhe den Einsatz des Feuerl\u00f6schers und \u00fcbernahm die Aufgabe dann gemeinsam mit den Nachwuchsbrandsch\u00fctzern, die dann stolz \u00fcber das erfolgreiche L\u00f6schen waren. <\/p>\n\n\n\n<figure class=\"wp-block-image size-large is-style-default\"><img loading=\"lazy\" decoding=\"async\" width=\"1080\" height=\"720\" src=\"https:\/\/www.ffw-berg.de\/wordpress\/wp-content\/uploads\/2021\/08\/ferienprogramm21_8-1080x720.jpg\" alt=\"\" class=\"wp-image-216295\" srcset=\"https:\/\/www.ffw-berg.de\/wordpress\/wp-content\/uploads\/2021\/08\/ferienprogramm21_8-1080x720.jpg 1080w, https:\/\/www.ffw-berg.de\/wordpress\/wp-content\/uploads\/2021\/08\/ferienprogramm21_8-300x200.jpg 300w, https:\/\/www.ffw-berg.de\/wordpress\/wp-content\/uploads\/2021\/08\/ferienprogramm21_8-120x80.jpg 120w, https:\/\/www.ffw-berg.de\/wordpress\/wp-content\/uploads\/2021\/08\/ferienprogramm21_8-768x512.jpg 768w, https:\/\/www.ffw-berg.de\/wordpress\/wp-content\/uploads\/2021\/08\/ferienprogramm21_8.jpg 1280w\" sizes=\"auto, (max-width: 1080px) 100vw, 1080px\" \/><\/figure>\n\n\n\n<p>Nach dem erfolgreichen Absolvieren der Stationen anhand des Laufzettels, erhielten die Kinder noch Einblick in die pers\u00f6nliche Schutzausr\u00fcstung eines Brandsch\u00fctzers und konnten die Einsatzfahrzeuge mit der umfassenden Ausr\u00fcstung angucken.<\/p>\n","protected":false},"excerpt":{"rendered":"<div class=\"mh-excerpt\">Das Sommerferienprogramm der Gemeinde Berg startete mit 20 M\u00e4dchen und Jungen und einem \u201eFeurigen Feriennachmittag\u201c in und ums Ger\u00e4tehaus der Freiwilligen Feuerwehr Berg.<\/div>\n<p> <a class=\"mh-excerpt-more\" href=\"https:\/\/www.ffw-berg.de\/wordpress\/sommerferienprogramm-2021-mit-der-ff-berg\/\" title=\"Sommerferienprogramm 2021 mit der FF Berg\">[  Mehr &gt;&gt; ]<\/a><\/p>\n","protected":false},"author":2,"featured_media":216294,"comment_status":"closed","ping_status":"open","sticky":false,"template":"","format":"standard","meta":{"footnotes":""},"categories":[6,29],"tags":[237,284,342,391,473,679,1032,1237,1238,1239,1240,1241,1242,1243],"class_list":{"0":"post-216296","1":"post","2":"type-post","3":"status-publish","4":"format-standard","5":"has-post-thumbnail","7":"category-jugend","8":"category-jf-activities","9":"tag-notruf","10":"tag-gemeinde-berg","11":"tag-jugendfeuerwehr","12":"tag-jugendwart","13":"tag-schlauchstrecke","14":"tag-kuebelspritzen","15":"tag-feuerwehr-berg","16":"tag-sommerferienprogramm","17":"tag-zielspritzen","18":"tag-w-fragen","19":"tag-rettungsspreizer","20":"tag-wasserfoerderung","21":"tag-papierkorbbrand","22":"tag-ferien21"},"_links":{"self":[{"href":"https:\/\/www.ffw-berg.de\/wordpress\/wp-json\/wp\/v2\/posts\/216296","targetHints":{"allow":["GET"]}}],"collection":[{"href":"https:\/\/www.ffw-berg.de\/wordpress\/wp-json\/wp\/v2\/posts"}],"about":[{"href":"https:\/\/www.ffw-berg.de\/wordpress\/wp-json\/wp\/v2\/types\/post"}],"author":[{"embeddable":true,"href":"https:\/\/www.ffw-berg.de\/wordpress\/wp-json\/wp\/v2\/users\/2"}],"replies":[{"embeddable":true,"href":"https:\/\/www.ffw-berg.de\/wordpress\/wp-json\/wp\/v2\/comments?post=216296"}],"version-history":[{"count":0,"href":"https:\/\/www.ffw-berg.de\/wordpress\/wp-json\/wp\/v2\/posts\/216296\/revisions"}],"wp:featuredmedia":[{"embeddable":true,"href":"https:\/\/www.ffw-berg.de\/wordpress\/wp-json\/wp\/v2\/media\/216294"}],"wp:attachment":[{"href":"https:\/\/www.ffw-berg.de\/wordpress\/wp-json\/wp\/v2\/media?parent=216296"}],"wp:term":[{"taxonomy":"category","embeddable":true,"href":"https:\/\/www.ffw-berg.de\/wordpress\/wp-json\/wp\/v2\/categories?post=216296"},{"taxonomy":"post_tag","embeddable":true,"href":"https:\/\/www.ffw-berg.de\/wordpress\/wp-json\/wp\/v2\/tags?post=216296"}],"curies":[{"name":"wp","href":"https:\/\/api.w.org\/{rel}","templated":true}]}}