{"id":216315,"date":"2021-08-19T22:54:00","date_gmt":"2021-08-19T20:54:00","guid":{"rendered":"https:\/\/www.ffw-berg.de\/wordpress\/?p=216315"},"modified":"2022-01-05T20:07:42","modified_gmt":"2022-01-05T19:07:42","slug":"einsatz-vom-19-08-21-hubschrauberlandung","status":"publish","type":"post","link":"https:\/\/www.ffw-berg.de\/wordpress\/einsatz-vom-19-08-21-hubschrauberlandung\/","title":{"rendered":"Einsatz vom 19.08.21 &#8211;  Hubschrauberlandung"},"content":{"rendered":"\n<div class=\"wp-block-columns has-2-columns is-layout-flex wp-container-core-columns-is-layout-9d6595d7 wp-block-columns-is-layout-flex\">\n<div class=\"wp-block-column is-layout-flow wp-block-column-is-layout-flow\">\n<p class=\"has-text-color\" style=\"color:#800000\"><strong>Nr.<\/strong><\/p>\n\n\n\n<p class=\"has-text-color\" style=\"color:#800000\"><strong>Alarmzeit<\/strong><\/p>\n\n\n\n<p class=\"has-text-color\" style=\"color:#800000\"><strong>Einsatzdauer<\/strong><\/p>\n\n\n\n<p class=\"has-text-color\" style=\"color:#800000\"><strong>Einsatzort<\/strong><\/p>\n\n\n\n<p class=\"has-text-color\" style=\"color:#800000\"><strong>Einsatzart&nbsp;<\/strong><\/p>\n\n\n\n<p class=\"has-text-color\" style=\"color:#800000\"><strong>Eingesetzte Fahrzeuge&nbsp;<\/strong><\/p>\n\n\n\n<p class=\"has-text-color\" style=\"color:#800000\"><strong>Einsatzmittel<\/strong><\/p>\n<\/div>\n\n\n\n<div class=\"wp-block-column is-layout-flow wp-block-column-is-layout-flow\">\n<p>80<\/p>\n\n\n\n<p>22.54 Uhr<\/p>\n\n\n\n<p>2,10 Std<\/p>\n\n\n\n<p>Hartstein- und Betonwerk, Hadermannsgr\u00fcn<\/p>\n\n\n\n<p>THL | Absicherung Hubschrauber<\/p>\n\n\n\n<p>nachalarmierte Fahrzeuge<\/p>\n\n\n\n<p>Kommunikationsmittel, Ausleuchtungsger\u00e4t<\/p>\n<\/div>\n<\/div>\n\n\n\n<hr class=\"wp-block-separator is-style-wide\"\/>\n\n\n\n<h4 class=\"wp-block-heading\"><strong><span style=\"font-family: arial, helvetica, sans-serif; color: #993300;\">Einsatzbericht<\/span><\/strong><\/h4>\n\n\n\n<p>Nachdem an der Einsatzstelle in Hadermannsgr\u00fcn (Gro\u00dfbrand) keine Einsatzmittel abk\u00f6mmlich waren, wurden die FF Eisenb\u00fchl, Tiefengr\u00fcn und K\u00f6ditz zum Ausleuchten der Einsatzstelle nachalarmiert.<\/p>\n","protected":false},"excerpt":{"rendered":"<div class=\"mh-excerpt\">Nr. 80 | Alarmzeit: 22.54 Uhr | Betonwerk, Hadermannsgr\u00fcn| THL<\/p>\n<p>Eingesetzte Fahrzeuge:<br \/>\nnachalarmierte Kr\u00e4fte<\/p><\/div>\n<p> <a class=\"mh-excerpt-more\" href=\"https:\/\/www.ffw-berg.de\/wordpress\/einsatz-vom-19-08-21-hubschrauberlandung\/\" title=\"Einsatz vom 19.08.21 &#8211;  Hubschrauberlandung\">[  Mehr &gt;&gt; ]<\/a><\/p>\n","protected":false},"author":2,"featured_media":212207,"comment_status":"closed","ping_status":"open","sticky":false,"template":"","format":"standard","meta":{"footnotes":""},"categories":[1083],"tags":[147,1244,1245,1246,1247],"class_list":{"0":"post-216315","1":"post","2":"type-post","3":"status-publish","4":"format-standard","5":"has-post-thumbnail","7":"category-einsaetze-2021","8":"tag-kommunikationsmittel","9":"tag-ausleuchtungsgeraet","10":"tag-hubschrauberlandung","11":"tag-rth","12":"tag-sicherung-hubschrauber"},"_links":{"self":[{"href":"https:\/\/www.ffw-berg.de\/wordpress\/wp-json\/wp\/v2\/posts\/216315","targetHints":{"allow":["GET"]}}],"collection":[{"href":"https:\/\/www.ffw-berg.de\/wordpress\/wp-json\/wp\/v2\/posts"}],"about":[{"href":"https:\/\/www.ffw-berg.de\/wordpress\/wp-json\/wp\/v2\/types\/post"}],"author":[{"embeddable":true,"href":"https:\/\/www.ffw-berg.de\/wordpress\/wp-json\/wp\/v2\/users\/2"}],"replies":[{"embeddable":true,"href":"https:\/\/www.ffw-berg.de\/wordpress\/wp-json\/wp\/v2\/comments?post=216315"}],"version-history":[{"count":0,"href":"https:\/\/www.ffw-berg.de\/wordpress\/wp-json\/wp\/v2\/posts\/216315\/revisions"}],"wp:featuredmedia":[{"embeddable":true,"href":"https:\/\/www.ffw-berg.de\/wordpress\/wp-json\/wp\/v2\/media\/212207"}],"wp:attachment":[{"href":"https:\/\/www.ffw-berg.de\/wordpress\/wp-json\/wp\/v2\/media?parent=216315"}],"wp:term":[{"taxonomy":"category","embeddable":true,"href":"https:\/\/www.ffw-berg.de\/wordpress\/wp-json\/wp\/v2\/categories?post=216315"},{"taxonomy":"post_tag","embeddable":true,"href":"https:\/\/www.ffw-berg.de\/wordpress\/wp-json\/wp\/v2\/tags?post=216315"}],"curies":[{"name":"wp","href":"https:\/\/api.w.org\/{rel}","templated":true}]}}