{"id":216371,"date":"2021-09-18T18:00:00","date_gmt":"2021-09-18T16:00:00","guid":{"rendered":"https:\/\/www.ffw-berg.de\/wordpress\/?p=216371"},"modified":"2026-02-24T12:27:57","modified_gmt":"2026-02-24T11:27:57","slug":"leistungspruefung-wasser-2021","status":"publish","type":"post","link":"https:\/\/www.ffw-berg.de\/wordpress\/leistungspruefung-wasser-2021\/","title":{"rendered":"Leistungspr\u00fcfung Wasser 2021"},"content":{"rendered":"\n<h3 class=\"wp-block-heading\">Berger Winkel Wehren arbeiten sauber, schnell und fehlerfrei<\/h3>\n\n\n\n<p>Am Samstag, 18.09.21, legten 27 Kameradinnen und Kameraden der <strong>Freiwilligen Feuerwehren Berg, Bruck\/Bug, Gottsmannsgr\u00fcn, Schnarchenreuth und Tiefengr\u00fcn<\/strong> die Leistungspr\u00fcfung \u201eDie Gruppe im L\u00f6scheinsatz\u201c ab. <\/p>\n\n\n\n<figure class=\"wp-block-image size-large\"><img loading=\"lazy\" decoding=\"async\" width=\"1080\" height=\"608\" src=\"https:\/\/www.ffw-berg.de\/wordpress\/wp-content\/uploads\/2021\/09\/ffw_berg_lp2021_2-1080x608.jpg\" alt=\"\" class=\"wp-image-216374\" srcset=\"https:\/\/www.ffw-berg.de\/wordpress\/wp-content\/uploads\/2021\/09\/ffw_berg_lp2021_2-1080x608.jpg 1080w, https:\/\/www.ffw-berg.de\/wordpress\/wp-content\/uploads\/2021\/09\/ffw_berg_lp2021_2-300x169.jpg 300w, https:\/\/www.ffw-berg.de\/wordpress\/wp-content\/uploads\/2021\/09\/ffw_berg_lp2021_2-120x68.jpg 120w, https:\/\/www.ffw-berg.de\/wordpress\/wp-content\/uploads\/2021\/09\/ffw_berg_lp2021_2-768x432.jpg 768w, https:\/\/www.ffw-berg.de\/wordpress\/wp-content\/uploads\/2021\/09\/ffw_berg_lp2021_2-1536x864.jpg 1536w, https:\/\/www.ffw-berg.de\/wordpress\/wp-content\/uploads\/2021\/09\/ffw_berg_lp2021_2-678x381.jpg 678w, https:\/\/www.ffw-berg.de\/wordpress\/wp-content\/uploads\/2021\/09\/ffw_berg_lp2021_2.jpg 1920w\" sizes=\"auto, (max-width: 1080px) 100vw, 1080px\" \/><\/figure>\n\n\n\n<p>Unter den strengen Augen der Schiedsrichter Hans M\u00fcnzer, Thomas Popp, Marco Kolbinger, B\u00fcrgermeisterin Patricia Rubner, sowie einiger Zuschauer konnten die vier Gruppen ihre Kenntnisse im Bereich Brandbek\u00e4mpfung unter Beweis stellen.<\/p>\n\n\n\n<p>Je nach abzulegender Stufe mussten die Kameraden verschiedene Zusatzaufgaben aus dem Bereich Brandbek\u00e4mpfung absolvieren, bevor die einzelnen Trupps die jeweiligen Knoten und Stiche vorf\u00fchren mussten.<\/p>\n\n\n\n<figure class=\"wp-block-gallery columns-3 is-cropped wp-block-gallery-1 is-layout-flex wp-block-gallery-is-layout-flex\"><ul class=\"blocks-gallery-grid\"><li class=\"blocks-gallery-item\"><figure><img loading=\"lazy\" decoding=\"async\" width=\"512\" height=\"768\" src=\"https:\/\/www.ffw-berg.de\/wordpress\/wp-content\/uploads\/2021\/09\/ffw_berg_lp2021_45-512x768.jpg\" alt=\"\" data-id=\"216380\" data-full-url=\"https:\/\/www.ffw-berg.de\/wordpress\/wp-content\/uploads\/2021\/09\/ffw_berg_lp2021_45.jpg\" data-link=\"https:\/\/www.ffw-berg.de\/wordpress\/ffw_berg_lp2021_45\/\" class=\"wp-image-216380\" srcset=\"https:\/\/www.ffw-berg.de\/wordpress\/wp-content\/uploads\/2021\/09\/ffw_berg_lp2021_45-512x768.jpg 512w, https:\/\/www.ffw-berg.de\/wordpress\/wp-content\/uploads\/2021\/09\/ffw_berg_lp2021_45-167x250.jpg 167w, https:\/\/www.ffw-berg.de\/wordpress\/wp-content\/uploads\/2021\/09\/ffw_berg_lp2021_45-80x120.jpg 80w, https:\/\/www.ffw-berg.de\/wordpress\/wp-content\/uploads\/2021\/09\/ffw_berg_lp2021_45-768x1152.jpg 768w, https:\/\/www.ffw-berg.de\/wordpress\/wp-content\/uploads\/2021\/09\/ffw_berg_lp2021_45-1024x1536.jpg 1024w, https:\/\/www.ffw-berg.de\/wordpress\/wp-content\/uploads\/2021\/09\/ffw_berg_lp2021_45.jpg 1080w\" sizes=\"auto, (max-width: 512px) 100vw, 512px\" \/><\/figure><\/li><li class=\"blocks-gallery-item\"><figure><img loading=\"lazy\" decoding=\"async\" width=\"512\" height=\"768\" src=\"https:\/\/www.ffw-berg.de\/wordpress\/wp-content\/uploads\/2021\/09\/ffw_berg_lp2021_46-512x768.jpg\" alt=\"\" data-id=\"216381\" data-full-url=\"https:\/\/www.ffw-berg.de\/wordpress\/wp-content\/uploads\/2021\/09\/ffw_berg_lp2021_46.jpg\" data-link=\"https:\/\/www.ffw-berg.de\/wordpress\/ffw_berg_lp2021_46\/\" class=\"wp-image-216381\" srcset=\"https:\/\/www.ffw-berg.de\/wordpress\/wp-content\/uploads\/2021\/09\/ffw_berg_lp2021_46-512x768.jpg 512w, https:\/\/www.ffw-berg.de\/wordpress\/wp-content\/uploads\/2021\/09\/ffw_berg_lp2021_46-167x250.jpg 167w, https:\/\/www.ffw-berg.de\/wordpress\/wp-content\/uploads\/2021\/09\/ffw_berg_lp2021_46-80x120.jpg 80w, https:\/\/www.ffw-berg.de\/wordpress\/wp-content\/uploads\/2021\/09\/ffw_berg_lp2021_46-768x1152.jpg 768w, https:\/\/www.ffw-berg.de\/wordpress\/wp-content\/uploads\/2021\/09\/ffw_berg_lp2021_46-1024x1536.jpg 1024w, https:\/\/www.ffw-berg.de\/wordpress\/wp-content\/uploads\/2021\/09\/ffw_berg_lp2021_46.jpg 1080w\" sizes=\"auto, (max-width: 512px) 100vw, 512px\" \/><\/figure><\/li><li class=\"blocks-gallery-item\"><figure><img loading=\"lazy\" decoding=\"async\" width=\"1080\" height=\"608\" src=\"https:\/\/www.ffw-berg.de\/wordpress\/wp-content\/uploads\/2021\/09\/ffw_berg_lp2021_14-1080x608.jpg\" alt=\"\" data-id=\"216377\" data-full-url=\"https:\/\/www.ffw-berg.de\/wordpress\/wp-content\/uploads\/2021\/09\/ffw_berg_lp2021_14.jpg\" data-link=\"https:\/\/www.ffw-berg.de\/wordpress\/ffw_berg_lp2021_14\/\" class=\"wp-image-216377\" srcset=\"https:\/\/www.ffw-berg.de\/wordpress\/wp-content\/uploads\/2021\/09\/ffw_berg_lp2021_14-1080x608.jpg 1080w, https:\/\/www.ffw-berg.de\/wordpress\/wp-content\/uploads\/2021\/09\/ffw_berg_lp2021_14-300x169.jpg 300w, https:\/\/www.ffw-berg.de\/wordpress\/wp-content\/uploads\/2021\/09\/ffw_berg_lp2021_14-120x68.jpg 120w, https:\/\/www.ffw-berg.de\/wordpress\/wp-content\/uploads\/2021\/09\/ffw_berg_lp2021_14-768x432.jpg 768w, https:\/\/www.ffw-berg.de\/wordpress\/wp-content\/uploads\/2021\/09\/ffw_berg_lp2021_14-1536x864.jpg 1536w, https:\/\/www.ffw-berg.de\/wordpress\/wp-content\/uploads\/2021\/09\/ffw_berg_lp2021_14-678x381.jpg 678w, https:\/\/www.ffw-berg.de\/wordpress\/wp-content\/uploads\/2021\/09\/ffw_berg_lp2021_14.jpg 1920w\" sizes=\"auto, (max-width: 1080px) 100vw, 1080px\" \/><\/figure><\/li><\/ul><\/figure>\n\n\n\n<p>Anschlie\u00dfend fand die gemeinsame Einsatz\u00fcbung statt, bei der ein Brand eines Nebengeb\u00e4udes ohne Personengef\u00e4hrdung angenommen wurde. Innerhalb von 190 Sekunden musste hierf\u00fcr eine Verkehrsabsicherung aufgebaut und die Wasserversorgung aus einem \u00dcberflurhydranten sichergestellt werden, um den fiktiven Brand mittels drei C-Rohren bek\u00e4mpfen zu k\u00f6nnen.<\/p>\n\n\n\n<figure class=\"wp-block-gallery columns-4 is-cropped wp-block-gallery-2 is-layout-flex wp-block-gallery-is-layout-flex\"><ul class=\"blocks-gallery-grid\"><li class=\"blocks-gallery-item\"><figure><a href=\"https:\/\/www.ffw-berg.de\/wordpress\/wp-content\/uploads\/2021\/09\/ffw_berg_lp2021_52.jpg\"><img loading=\"lazy\" decoding=\"async\" width=\"1080\" height=\"608\" src=\"https:\/\/www.ffw-berg.de\/wordpress\/wp-content\/uploads\/2021\/09\/ffw_berg_lp2021_52-1080x608.jpg\" alt=\"\" data-id=\"216382\" data-full-url=\"https:\/\/www.ffw-berg.de\/wordpress\/wp-content\/uploads\/2021\/09\/ffw_berg_lp2021_52.jpg\" data-link=\"https:\/\/www.ffw-berg.de\/wordpress\/ffw_berg_lp2021_52\/\" class=\"wp-image-216382\" srcset=\"https:\/\/www.ffw-berg.de\/wordpress\/wp-content\/uploads\/2021\/09\/ffw_berg_lp2021_52-1080x608.jpg 1080w, https:\/\/www.ffw-berg.de\/wordpress\/wp-content\/uploads\/2021\/09\/ffw_berg_lp2021_52-300x169.jpg 300w, https:\/\/www.ffw-berg.de\/wordpress\/wp-content\/uploads\/2021\/09\/ffw_berg_lp2021_52-120x68.jpg 120w, https:\/\/www.ffw-berg.de\/wordpress\/wp-content\/uploads\/2021\/09\/ffw_berg_lp2021_52-768x432.jpg 768w, https:\/\/www.ffw-berg.de\/wordpress\/wp-content\/uploads\/2021\/09\/ffw_berg_lp2021_52-1536x864.jpg 1536w, https:\/\/www.ffw-berg.de\/wordpress\/wp-content\/uploads\/2021\/09\/ffw_berg_lp2021_52-678x381.jpg 678w, https:\/\/www.ffw-berg.de\/wordpress\/wp-content\/uploads\/2021\/09\/ffw_berg_lp2021_52.jpg 1920w\" sizes=\"auto, (max-width: 1080px) 100vw, 1080px\" \/><\/a><\/figure><\/li><li class=\"blocks-gallery-item\"><figure><a href=\"https:\/\/www.ffw-berg.de\/wordpress\/wp-content\/uploads\/2021\/09\/ffw_berg_lp2021_44.jpg\"><img loading=\"lazy\" decoding=\"async\" width=\"1080\" height=\"608\" src=\"https:\/\/www.ffw-berg.de\/wordpress\/wp-content\/uploads\/2021\/09\/ffw_berg_lp2021_44-1080x608.jpg\" alt=\"\" data-id=\"216379\" data-full-url=\"https:\/\/www.ffw-berg.de\/wordpress\/wp-content\/uploads\/2021\/09\/ffw_berg_lp2021_44.jpg\" data-link=\"https:\/\/www.ffw-berg.de\/wordpress\/ffw_berg_lp2021_44\/\" class=\"wp-image-216379\" srcset=\"https:\/\/www.ffw-berg.de\/wordpress\/wp-content\/uploads\/2021\/09\/ffw_berg_lp2021_44-1080x608.jpg 1080w, https:\/\/www.ffw-berg.de\/wordpress\/wp-content\/uploads\/2021\/09\/ffw_berg_lp2021_44-300x169.jpg 300w, https:\/\/www.ffw-berg.de\/wordpress\/wp-content\/uploads\/2021\/09\/ffw_berg_lp2021_44-120x68.jpg 120w, https:\/\/www.ffw-berg.de\/wordpress\/wp-content\/uploads\/2021\/09\/ffw_berg_lp2021_44-768x432.jpg 768w, https:\/\/www.ffw-berg.de\/wordpress\/wp-content\/uploads\/2021\/09\/ffw_berg_lp2021_44-1536x864.jpg 1536w, https:\/\/www.ffw-berg.de\/wordpress\/wp-content\/uploads\/2021\/09\/ffw_berg_lp2021_44-678x381.jpg 678w, https:\/\/www.ffw-berg.de\/wordpress\/wp-content\/uploads\/2021\/09\/ffw_berg_lp2021_44.jpg 1920w\" sizes=\"auto, (max-width: 1080px) 100vw, 1080px\" \/><\/a><\/figure><\/li><li class=\"blocks-gallery-item\"><figure><a href=\"https:\/\/www.ffw-berg.de\/wordpress\/wp-content\/uploads\/2021\/09\/ffw_berg_lp2021_53.jpg\"><img loading=\"lazy\" decoding=\"async\" width=\"1080\" height=\"608\" src=\"https:\/\/www.ffw-berg.de\/wordpress\/wp-content\/uploads\/2021\/09\/ffw_berg_lp2021_53-1080x608.jpg\" alt=\"\" data-id=\"216383\" data-full-url=\"https:\/\/www.ffw-berg.de\/wordpress\/wp-content\/uploads\/2021\/09\/ffw_berg_lp2021_53.jpg\" data-link=\"https:\/\/www.ffw-berg.de\/wordpress\/ffw_berg_lp2021_53\/\" class=\"wp-image-216383\" srcset=\"https:\/\/www.ffw-berg.de\/wordpress\/wp-content\/uploads\/2021\/09\/ffw_berg_lp2021_53-1080x608.jpg 1080w, https:\/\/www.ffw-berg.de\/wordpress\/wp-content\/uploads\/2021\/09\/ffw_berg_lp2021_53-300x169.jpg 300w, https:\/\/www.ffw-berg.de\/wordpress\/wp-content\/uploads\/2021\/09\/ffw_berg_lp2021_53-120x68.jpg 120w, https:\/\/www.ffw-berg.de\/wordpress\/wp-content\/uploads\/2021\/09\/ffw_berg_lp2021_53-768x432.jpg 768w, https:\/\/www.ffw-berg.de\/wordpress\/wp-content\/uploads\/2021\/09\/ffw_berg_lp2021_53-1536x864.jpg 1536w, https:\/\/www.ffw-berg.de\/wordpress\/wp-content\/uploads\/2021\/09\/ffw_berg_lp2021_53-678x381.jpg 678w, https:\/\/www.ffw-berg.de\/wordpress\/wp-content\/uploads\/2021\/09\/ffw_berg_lp2021_53.jpg 1920w\" sizes=\"auto, (max-width: 1080px) 100vw, 1080px\" \/><\/a><\/figure><\/li><li class=\"blocks-gallery-item\"><figure><a href=\"https:\/\/www.ffw-berg.de\/wordpress\/wp-content\/uploads\/2021\/09\/ffw_berg_lp2021_9.jpg\"><img loading=\"lazy\" decoding=\"async\" width=\"1080\" height=\"608\" src=\"https:\/\/www.ffw-berg.de\/wordpress\/wp-content\/uploads\/2021\/09\/ffw_berg_lp2021_9-1080x608.jpg\" alt=\"\" data-id=\"216376\" data-full-url=\"https:\/\/www.ffw-berg.de\/wordpress\/wp-content\/uploads\/2021\/09\/ffw_berg_lp2021_9.jpg\" data-link=\"https:\/\/www.ffw-berg.de\/wordpress\/ffw_berg_lp2021_9\/\" class=\"wp-image-216376\" srcset=\"https:\/\/www.ffw-berg.de\/wordpress\/wp-content\/uploads\/2021\/09\/ffw_berg_lp2021_9-1080x608.jpg 1080w, https:\/\/www.ffw-berg.de\/wordpress\/wp-content\/uploads\/2021\/09\/ffw_berg_lp2021_9-300x169.jpg 300w, https:\/\/www.ffw-berg.de\/wordpress\/wp-content\/uploads\/2021\/09\/ffw_berg_lp2021_9-120x68.jpg 120w, https:\/\/www.ffw-berg.de\/wordpress\/wp-content\/uploads\/2021\/09\/ffw_berg_lp2021_9-768x432.jpg 768w, https:\/\/www.ffw-berg.de\/wordpress\/wp-content\/uploads\/2021\/09\/ffw_berg_lp2021_9-1536x864.jpg 1536w, https:\/\/www.ffw-berg.de\/wordpress\/wp-content\/uploads\/2021\/09\/ffw_berg_lp2021_9-678x381.jpg 678w, https:\/\/www.ffw-berg.de\/wordpress\/wp-content\/uploads\/2021\/09\/ffw_berg_lp2021_9.jpg 1920w\" sizes=\"auto, (max-width: 1080px) 100vw, 1080px\" \/><\/a><\/figure><\/li><li class=\"blocks-gallery-item\"><figure><a href=\"https:\/\/www.ffw-berg.de\/wordpress\/wp-content\/uploads\/2021\/09\/ffw_berg_lp2021_38.jpg\"><img loading=\"lazy\" decoding=\"async\" width=\"1080\" height=\"608\" src=\"https:\/\/www.ffw-berg.de\/wordpress\/wp-content\/uploads\/2021\/09\/ffw_berg_lp2021_38-1080x608.jpg\" alt=\"\" data-id=\"216378\" data-full-url=\"https:\/\/www.ffw-berg.de\/wordpress\/wp-content\/uploads\/2021\/09\/ffw_berg_lp2021_38.jpg\" data-link=\"https:\/\/www.ffw-berg.de\/wordpress\/ffw_berg_lp2021_38\/\" class=\"wp-image-216378\" srcset=\"https:\/\/www.ffw-berg.de\/wordpress\/wp-content\/uploads\/2021\/09\/ffw_berg_lp2021_38-1080x608.jpg 1080w, https:\/\/www.ffw-berg.de\/wordpress\/wp-content\/uploads\/2021\/09\/ffw_berg_lp2021_38-300x169.jpg 300w, https:\/\/www.ffw-berg.de\/wordpress\/wp-content\/uploads\/2021\/09\/ffw_berg_lp2021_38-120x68.jpg 120w, https:\/\/www.ffw-berg.de\/wordpress\/wp-content\/uploads\/2021\/09\/ffw_berg_lp2021_38-768x432.jpg 768w, https:\/\/www.ffw-berg.de\/wordpress\/wp-content\/uploads\/2021\/09\/ffw_berg_lp2021_38-1536x864.jpg 1536w, https:\/\/www.ffw-berg.de\/wordpress\/wp-content\/uploads\/2021\/09\/ffw_berg_lp2021_38-678x381.jpg 678w, https:\/\/www.ffw-berg.de\/wordpress\/wp-content\/uploads\/2021\/09\/ffw_berg_lp2021_38.jpg 1920w\" sizes=\"auto, (max-width: 1080px) 100vw, 1080px\" \/><\/a><\/figure><\/li><li class=\"blocks-gallery-item\"><figure><a href=\"https:\/\/www.ffw-berg.de\/wordpress\/wp-content\/uploads\/2021\/09\/ffw_berg_lp2021_70.jpg\"><img loading=\"lazy\" decoding=\"async\" width=\"1080\" height=\"720\" src=\"https:\/\/www.ffw-berg.de\/wordpress\/wp-content\/uploads\/2021\/09\/ffw_berg_lp2021_70-1080x720.jpg\" alt=\"\" data-id=\"216385\" data-full-url=\"https:\/\/www.ffw-berg.de\/wordpress\/wp-content\/uploads\/2021\/09\/ffw_berg_lp2021_70.jpg\" data-link=\"https:\/\/www.ffw-berg.de\/wordpress\/ffw_berg_lp2021_70\/\" class=\"wp-image-216385\" srcset=\"https:\/\/www.ffw-berg.de\/wordpress\/wp-content\/uploads\/2021\/09\/ffw_berg_lp2021_70-1080x720.jpg 1080w, https:\/\/www.ffw-berg.de\/wordpress\/wp-content\/uploads\/2021\/09\/ffw_berg_lp2021_70-300x200.jpg 300w, https:\/\/www.ffw-berg.de\/wordpress\/wp-content\/uploads\/2021\/09\/ffw_berg_lp2021_70-120x80.jpg 120w, https:\/\/www.ffw-berg.de\/wordpress\/wp-content\/uploads\/2021\/09\/ffw_berg_lp2021_70-768x512.jpg 768w, https:\/\/www.ffw-berg.de\/wordpress\/wp-content\/uploads\/2021\/09\/ffw_berg_lp2021_70-1536x1024.jpg 1536w, https:\/\/www.ffw-berg.de\/wordpress\/wp-content\/uploads\/2021\/09\/ffw_berg_lp2021_70.jpg 1620w\" sizes=\"auto, (max-width: 1080px) 100vw, 1080px\" \/><\/a><\/figure><\/li><\/ul><\/figure>\n\n\n\n<p>Alle vier Gruppen arbeiteten sehr sauber und schnell und legten die Leistungspr\u00fcfung fehlerfrei ab. Schiedsrichter M\u00fcnzer und B\u00fcrgermeisterin Patricia Rubner lobten die Teilnehmer f\u00fcr Ihre Leistung. Besonders erfreut zeigten sich beide \u00fcber die gemeinsame Abnahme der Wehren in der Gemeinde, welche sinnbildlich f\u00fcr die gute Zusammenarbeit der Wehren im Berger Winkel stehe.<\/p>\n\n\n\n<figure class=\"wp-block-gallery columns-1 is-cropped wp-block-gallery-3 is-layout-flex wp-block-gallery-is-layout-flex\"><ul class=\"blocks-gallery-grid\"><li class=\"blocks-gallery-item\"><figure><a href=\"https:\/\/www.ffw-berg.de\/wordpress\/wp-content\/uploads\/2021\/09\/ffw_berg_lp2021_64-e1633006003741.jpg\"><img loading=\"lazy\" decoding=\"async\" width=\"1080\" height=\"500\" src=\"https:\/\/www.ffw-berg.de\/wordpress\/wp-content\/uploads\/2021\/09\/ffw_berg_lp2021_64-e1633006003741-1080x500.jpg\" alt=\"\" data-id=\"216384\" data-full-url=\"https:\/\/www.ffw-berg.de\/wordpress\/wp-content\/uploads\/2021\/09\/ffw_berg_lp2021_64-e1633006003741.jpg\" data-link=\"https:\/\/www.ffw-berg.de\/wordpress\/ffw_berg_lp2021_64\/\" class=\"wp-image-216384\" srcset=\"https:\/\/www.ffw-berg.de\/wordpress\/wp-content\/uploads\/2021\/09\/ffw_berg_lp2021_64-e1633006003741-1080x500.jpg 1080w, https:\/\/www.ffw-berg.de\/wordpress\/wp-content\/uploads\/2021\/09\/ffw_berg_lp2021_64-e1633006003741-300x139.jpg 300w, https:\/\/www.ffw-berg.de\/wordpress\/wp-content\/uploads\/2021\/09\/ffw_berg_lp2021_64-e1633006003741-120x56.jpg 120w, https:\/\/www.ffw-berg.de\/wordpress\/wp-content\/uploads\/2021\/09\/ffw_berg_lp2021_64-e1633006003741-768x356.jpg 768w, https:\/\/www.ffw-berg.de\/wordpress\/wp-content\/uploads\/2021\/09\/ffw_berg_lp2021_64-e1633006003741-1536x711.jpg 1536w, https:\/\/www.ffw-berg.de\/wordpress\/wp-content\/uploads\/2021\/09\/ffw_berg_lp2021_64-e1633006003741.jpg 1896w\" sizes=\"auto, (max-width: 1080px) 100vw, 1080px\" \/><\/a><\/figure><\/li><\/ul><figcaption class=\"blocks-gallery-caption\">Unser Bild zeigt die erfolgreichen Brandsch\u00fctzer mit den F\u00fchrungsdienstgraden und B\u00fcrgermeisterin Patricia Rubner.<\/figcaption><\/figure>\n\n\n\n<h4 class=\"wp-block-heading\">Folgende Stufen wurden abgelegt:<\/h4>\n\n\n\n<p class=\"has-cyan-bluish-gray-background-color has-background\"><strong>Stufe 1<\/strong> (Bronze): Bianca Resch, Luis Mucha, Kevin Fickenscher, Lukas Berger, Jan Vogel, Patrick Reinhold, Niklas Wolfrum (FF Tiefengr\u00fcn), Philina Greim (FF Schnarchenreuth), Elisa Linke und Isabell M\u00fcller<\/p>\n\n\n\n<p class=\"has-cyan-bluish-gray-background-color has-background\"><strong>Stufe 2<\/strong> (Silber): Cosima Rubner, Nicolas Fichna, Anna Haas, Fabian Korn, Emma Eibisch, Marcel Resch, Hannes Drechsel (FF Schnarchenreuth), Pia Thom\u00e4, Paul Unglaub (FF Gottsmannsgr\u00fcn) und Max Wolfrum (FF Schnarchenreuth)<\/p>\n\n\n\n<p class=\"has-cyan-bluish-gray-background-color has-background\"><strong>Stufe 3 <\/strong>(Gold) Felix Korn, Paul R\u00f6del und Stefanie Dick<\/p>\n\n\n\n<p class=\"has-cyan-bluish-gray-background-color has-background\"><strong>Stufe 6 <\/strong>(Gold-Rot) \u2013 Endstufe: Florian Hofmann, Luisa Geisler, Maximilian Schaller<\/p>\n","protected":false},"excerpt":{"rendered":"<div class=\"mh-excerpt\">27 Kameradinnen und Kameraden der Freiwilligen Feuerwehren Berg, Bruck\/Bug, Gottsmannsgr\u00fcn, Schnarchenreuth und Tiefengr\u00fcn die Leistungspr\u00fcfung \u201eDie Gruppe im L\u00f6scheinsatz\u201c ab. Unter den strengen Augen der Schiedsrichter Hans M\u00fcnzer, Thomas Popp und Marco Kolbinger, konnten die vier Gruppen ihre Kenntnisse unter Beweis stellen.<\/div>\n<p> <a class=\"mh-excerpt-more\" href=\"https:\/\/www.ffw-berg.de\/wordpress\/leistungspruefung-wasser-2021\/\" title=\"Leistungspr\u00fcfung Wasser 2021\">[  Mehr &gt;&gt; ]<\/a><\/p>\n","protected":false},"author":2,"featured_media":216374,"comment_status":"closed","ping_status":"open","sticky":false,"template":"","format":"standard","meta":{"footnotes":""},"categories":[896,749],"tags":[196,263,323,468,583,602,844,887,888,891,1263,1265,1267],"class_list":{"0":"post-216371","1":"post","2":"type-post","3":"status-publish","4":"format-standard","5":"has-post-thumbnail","7":"category-pressearchiv","8":"category-leistungspruefung","9":"tag-c-rohre","10":"tag-ff-berg","11":"tag-hydrant","12":"tag-einsatzuebung","13":"tag-leistungspruefung","14":"tag-ff-gottsmannsgruen","15":"tag-ff-tiefengruen","16":"tag-leistungspruefung-wasser","17":"tag-knoten-und-stiche","18":"tag-wasserversorgung","19":"tag-ff-bug-bruck","20":"tag-ff-schnarchenreuth","21":"tag-lpw2021"},"_links":{"self":[{"href":"https:\/\/www.ffw-berg.de\/wordpress\/wp-json\/wp\/v2\/posts\/216371","targetHints":{"allow":["GET"]}}],"collection":[{"href":"https:\/\/www.ffw-berg.de\/wordpress\/wp-json\/wp\/v2\/posts"}],"about":[{"href":"https:\/\/www.ffw-berg.de\/wordpress\/wp-json\/wp\/v2\/types\/post"}],"author":[{"embeddable":true,"href":"https:\/\/www.ffw-berg.de\/wordpress\/wp-json\/wp\/v2\/users\/2"}],"replies":[{"embeddable":true,"href":"https:\/\/www.ffw-berg.de\/wordpress\/wp-json\/wp\/v2\/comments?post=216371"}],"version-history":[{"count":0,"href":"https:\/\/www.ffw-berg.de\/wordpress\/wp-json\/wp\/v2\/posts\/216371\/revisions"}],"wp:featuredmedia":[{"embeddable":true,"href":"https:\/\/www.ffw-berg.de\/wordpress\/wp-json\/wp\/v2\/media\/216374"}],"wp:attachment":[{"href":"https:\/\/www.ffw-berg.de\/wordpress\/wp-json\/wp\/v2\/media?parent=216371"}],"wp:term":[{"taxonomy":"category","embeddable":true,"href":"https:\/\/www.ffw-berg.de\/wordpress\/wp-json\/wp\/v2\/categories?post=216371"},{"taxonomy":"post_tag","embeddable":true,"href":"https:\/\/www.ffw-berg.de\/wordpress\/wp-json\/wp\/v2\/tags?post=216371"}],"curies":[{"name":"wp","href":"https:\/\/api.w.org\/{rel}","templated":true}]}}