{"id":216399,"date":"2021-09-18T21:00:00","date_gmt":"2021-09-18T19:00:00","guid":{"rendered":"https:\/\/www.ffw-berg.de\/wordpress\/?p=216399"},"modified":"2026-02-24T12:28:09","modified_gmt":"2026-02-24T11:28:09","slug":"20-jahre-jugendgruppe-berg","status":"publish","type":"post","link":"https:\/\/www.ffw-berg.de\/wordpress\/20-jahre-jugendgruppe-berg\/","title":{"rendered":"20 Jahre Jugendgruppe Feuerwehr Berg"},"content":{"rendered":"\n<h2 class=\"wp-block-heading\">Das Fundament der Wehr<\/h2>\n\n\n\n<p>Lange Zeit bangen, doch nun konnte das Jubil\u00e4um <strong>\u201e20 Jahre Jugendgruppe der Feuerwehr Berg\u201c<\/strong> gefeiert werden. Beim Ehrenabend im Feuerwehrger\u00e4tehaus gab es eine kleine Zeitreise ins Entstehen, Wachsen und Werden der Jugendgruppe und viele Dankesworte f\u00fcr den Erfolg. <\/p>\n\n\n\n<p>Kommandant Marco Kolbinger betonte, <strong>dass die Jugendgruppe das Fundament der Wehr sei<\/strong> und, dass es ohne Jugend keinen Feuerwehrnachwuchs gebe. \u201eWir haben eine gute Jugendgruppe im Berger Winkel, auf die wir stolz sein k\u00f6nnen.\u201c <\/p>\n\n\n\n<figure class=\"wp-block-image size-large\"><img loading=\"lazy\" decoding=\"async\" width=\"1080\" height=\"361\" src=\"https:\/\/www.ffw-berg.de\/wordpress\/wp-content\/uploads\/2021\/09\/jugendgruppe2021-1080x361.jpg\" alt=\"\" class=\"wp-image-216391\" srcset=\"https:\/\/www.ffw-berg.de\/wordpress\/wp-content\/uploads\/2021\/09\/jugendgruppe2021-1080x361.jpg 1080w, https:\/\/www.ffw-berg.de\/wordpress\/wp-content\/uploads\/2021\/09\/jugendgruppe2021-300x100.jpg 300w, https:\/\/www.ffw-berg.de\/wordpress\/wp-content\/uploads\/2021\/09\/jugendgruppe2021-120x40.jpg 120w, https:\/\/www.ffw-berg.de\/wordpress\/wp-content\/uploads\/2021\/09\/jugendgruppe2021-768x257.jpg 768w, https:\/\/www.ffw-berg.de\/wordpress\/wp-content\/uploads\/2021\/09\/jugendgruppe2021.jpg 1280w\" sizes=\"auto, (max-width: 1080px) 100vw, 1080px\" \/><\/figure>\n\n\n\n<p>Die Jugendlichen selbst nahmen die G\u00e4ste mit in die Vergangenheit, erinnerten an die Anf\u00e4nge der Jugendfeuerwehr Berg im Jahr 1974 auf Initiative der Kameraden und des damaligen B\u00fcrgermeisters Man- fred Wilfert. \u201eDamit sollte Nachwuchs gewonnen werden\u201c, erl\u00e4uterte Jugendwart Maximilian Schaller und erg\u00e4nzte, dass die Leitung Kommandant Manfred Fiedler, sp\u00e4ter Werner Stra\u00dfberger oblag.<\/p>\n\n\n\n<p>Ende der 1970er wurden drei Jugendgruppen ausgebildet. \u201eZu Spitzenzeiten z\u00e4hlte man 19 Jugendliche\u201c, informierte Schaller und auch, dass nach dem \u00dcbertritt in die aktive Wehr die Jugendfeuerwehr wegbrach und eine Ausbildung parallel zur aktiven Wehr erfolgte. \u201eEnde der 1990er und Anfang der 2000 nahm die Anzahl der Jugendlichen stetig zu und der damalige Kommandant Manfred Peetz entschied, wieder eine selbstst\u00e4ndige Jugendgruppe zu gr\u00fcnden, um bestm\u00f6gliche Ausbildung sicherzustellen und zugleich effektiv auf den aktiven Feuerwehrdienst vorbereiten zu k\u00f6nnen. \u201eAls Jugendwart agierte Thomas Hofmann und somit gibt es seit 2001 eine kontinuierliche Jugendarbeit.\u201c<\/p>\n\n\n\n<p>Der R\u00fcckblick erfolgte chronologisch und mit \u201eherausgepickten\u201c Ereignissen eines jeden Jahres und zugleich lief eine Dia-Show. 2001 sind Benjamin Wachter, Benjamin Wiessner, Andreas Kn\u00f6rnschild, Susanne Doberau- er, Toni Schmidt, Holger und Martin Wurzbacher per Handschlag aufgenommen wurden. In den folgenden Jahren listeten die Jugendlichen Teilnahmen an Zeltlagern, an Jugendleistungspr\u00fcfungen, Ausbildungen und Wissenstests auf, vieles von Erfolg gekr\u00f6nt. 2004 gab es einen ersten 24-Stunden-Dienst \u00e4hnlich einem Berufsfeuerwehrtag, mit Augenmerk auf Ausbildung, Spiel und Spa\u00df. Elf Anw\u00e4rter z\u00e4hlte die Jugendgruppe.<\/p>\n\n\n\n<p>2005 \u00fcbernahmen Holger und Martin Wurzbacher das Amt des Jugendwartes und verzeichneten zwei Neuzug\u00e4nge. 2007 nahmen die Jugendlichen am Zeltlager in Issigau teil, international mit der Feuerwehr aus Baden bei Wien. 2008 trat der jetzige Jugendwart Maximilian Schaller der Jugendgruppe bei und 2010 folge die Senkung des Eintrittsalters der Jugendgruppe auf zw\u00f6lf Jahre, so dass im Folgejahr elf Neueintritte zu verzeichnen waren.<\/p>\n\n\n\n<p>Als Highlight des Jahres 2013 gilt der 24-Stunden-Tag. 86 Stunden geleisteter Feuerwehrdienst pro Jugendlichen standen im Jahr 2014 auf der Agenda, wie auch ein gemeinsamer Berufsfeuerwehrtag mit Issigau, Lichtenberg, Naila und Marxgr\u00fcn in Issigau. <\/p>\n\n\n\n<p>66 Treffen und unterm Strich 209 Stunden Feuerwehrdienst leisteten die Jugendlichen 2015, im Folgejahr 79 Treffen und 256 Stunden. Zehn Jugendliche z\u00e4hlte die Jugendgruppe im Jahr 2017, von denen vier eine abgeschlossene MTA-Ausbildung vorweisen konnten. Im gleichen Jahr wurde der Jugendraum realisiert. 2018 trafen sich die Anw\u00e4rter 75-mal und brachten es auf 1602 Stunden Feuerwehr- und Arbeitsdienst. 13 Jugendliche geh\u00f6rten der Jugendgruppe an, von denen f\u00fcnf die Leistungspr\u00fcfung Wasser mit absolvierten.<\/p>\n\n\n\n<p>Aktuell z\u00e4hlt die Jugendgruppe zehn Mitglieder, die nicht nur von Jugendwart Maximilian Schaller betreut werden, sondern auch von Felix Korn, Anna Haas, Cosima Rubner und Paul R\u00f6del. \u201eErstmals fand heuer die Modulare Truppausbildung (MTA) im Berger Winkel unabh\u00e4ngig vom Landkreis statt\u201c, informierte Cosima Rubner, die sich freute, dass trotz Corona-Pandemie ohne Termine in Pr\u00e4senz alle Jugendlichen die Treue hielten.<\/p>\n\n\n\n<div class=\"wp-block-media-text alignwide has-media-on-the-right is-stacked-on-mobile is-vertically-aligned-top is-image-fill\" style=\"grid-template-columns:auto 29%\"><figure class=\"wp-block-media-text__media\" style=\"background-image:url(https:\/\/www.ffw-berg.de\/wordpress\/wp-content\/uploads\/2021\/09\/ehrungen_rubner-512x768.jpg);background-position:52% 10%\"><img loading=\"lazy\" decoding=\"async\" width=\"512\" height=\"768\" src=\"https:\/\/www.ffw-berg.de\/wordpress\/wp-content\/uploads\/2021\/09\/ehrungen_rubner-512x768.jpg\" alt=\"\" class=\"wp-image-216389 size-full\" srcset=\"https:\/\/www.ffw-berg.de\/wordpress\/wp-content\/uploads\/2021\/09\/ehrungen_rubner-512x768.jpg 512w, https:\/\/www.ffw-berg.de\/wordpress\/wp-content\/uploads\/2021\/09\/ehrungen_rubner-167x250.jpg 167w, https:\/\/www.ffw-berg.de\/wordpress\/wp-content\/uploads\/2021\/09\/ehrungen_rubner-80x120.jpg 80w, https:\/\/www.ffw-berg.de\/wordpress\/wp-content\/uploads\/2021\/09\/ehrungen_rubner.jpg 682w\" sizes=\"auto, (max-width: 512px) 100vw, 512px\" \/><\/figure><div class=\"wp-block-media-text__content\">\n<p>Jugendwart Schaller betonte, dass die Zeitreise nur Bruchteile der vielen Aktivit\u00e4ten widerspiegelten. \u201eWir haben einen hohen Ausbildungsstand, was unser Alleinstellungsmerkmal ist und sich auch in den vielen guten Platzierungen auf Landkreisebene widerspiegelt\u201c, bilanzierte Schaller und erg\u00e4nzte, dass sich die Jugendgruppe zur zentralen f\u00fcr den Berger Winkel entwickelte, um allen Anw\u00e4rtern ideale Ausbildungsvoraussetzungen zu erm\u00f6glichen. <\/p>\n\n\n\n<p>\u201eDer Aufwand an Zeit und Arbeit ist gerechtfertigt, was auch die Anzahl der vielen Jugendlichen untermauert und unser neuer Jugendraum war ein Quantensprung, der R\u00fcckzugsm\u00f6glichkeit bietet und zugleich Treffpunkt.\u201c<\/p>\n<\/div><\/div>\n\n\n\n<p>Dank richtete Schaller an den fr\u00fcheren Vorsitzenden Gerhard Br\u00fchschwein und B\u00fcrgermeisterin Patricia Rubner f\u00fcr all die Unterst\u00fctzung wie auch allen Spendern und Sponsoren. Jugendsprecher Jan Vogel versi- cherte trotz der vielen Ver\u00e4nderungen in 20 Jahren eine gleichbleibende Kameradschaft, die gepflegt werde. <\/p>\n\n\n\n<p>Zum Jubil\u00e4um geh\u00f6ren nat\u00fcrlich \u201eGeschenke\u201c und diese gab es in Form von neuen Helmen. \u201eDie Helme sind das \u00e4lteste an der pers\u00f6nlichen Schutzausr\u00fcstung der Jugendlichen und diese sind m\u00f6glich geworden durch eine Spende von Sabine Kniebaum und Unterst\u00fctzung der Firma Mr. Help, Manuel Rank\u201c, informierte der Jugendwart. <\/p>\n\n\n\n<p>Pr\u00e4sente gab es auch f\u00fcr die Unterst\u00fctzer der Jugendgruppe, Dank und Anerkennung seitens der F\u00fchrungsdienstgrade Kreisbrandrat Reiner Hoffmann und Kreisbrandinspektor Rolf Hornfischer wie auch Kommandant Marco Kolbinger und B\u00fcrgermeisterin Patricia Rubner f\u00fcr die Jugendlichen:<\/p>\n\n\n\n<p class=\"has-text-align-center has-medium-font-size\">\u201eWir sind stolz auf euch.\u201c<\/p>\n","protected":false},"excerpt":{"rendered":"<div class=\"mh-excerpt\">Das Fundament der Wehr<br \/>\nLange Zeit bangen, doch nun konnte das Jubil\u00e4um \u201e20 Jahre Jugendgruppe der Feuerwehr Berg\u201c gefeiert werden. Beim Ehrenabend im Feuerwehrger\u00e4tehaus gab es eine kleine Zeitreise ins Entstehen, Wachsen und Werden der Jugendgruppe und viele Dankesworte f\u00fcr den Erfolg.<\/div>\n<p> <a class=\"mh-excerpt-more\" href=\"https:\/\/www.ffw-berg.de\/wordpress\/20-jahre-jugendgruppe-berg\/\" title=\"20 Jahre Jugendgruppe Feuerwehr Berg\">[  Mehr &gt;&gt; ]<\/a><\/p>\n","protected":false},"author":2,"featured_media":216391,"comment_status":"closed","ping_status":"open","sticky":false,"template":"","format":"standard","meta":{"footnotes":""},"categories":[896,747,29],"tags":[1280,1281,52,1282,101,1283,104,263,342,391,660,1011,1183,1268,1276,1277,1278,1279],"class_list":{"0":"post-216399","1":"post","2":"type-post","3":"status-publish","4":"format-standard","5":"has-post-thumbnail","7":"category-pressearchiv","8":"category-wir-ueber-uns-2","9":"category-jf-activities","10":"tag-geschichte-der-jugendgruppe","11":"tag-alleinstellungsmerkmal","12":"tag-nachrichten","13":"tag-helme","14":"tag-jugendgruppe","15":"tag-20jg","16":"tag-ausbildung","17":"tag-ff-berg","18":"tag-jugendfeuerwehr","19":"tag-jugendwart","20":"tag-mta","21":"tag-leistungspruefungen","22":"tag-feuerwehrdienst","23":"tag-20-jahre-jugendgruppe-berg","24":"tag-ehrenabend","25":"tag-zeitreise","26":"tag-eintrittsalter","27":"tag-chronik"},"_links":{"self":[{"href":"https:\/\/www.ffw-berg.de\/wordpress\/wp-json\/wp\/v2\/posts\/216399","targetHints":{"allow":["GET"]}}],"collection":[{"href":"https:\/\/www.ffw-berg.de\/wordpress\/wp-json\/wp\/v2\/posts"}],"about":[{"href":"https:\/\/www.ffw-berg.de\/wordpress\/wp-json\/wp\/v2\/types\/post"}],"author":[{"embeddable":true,"href":"https:\/\/www.ffw-berg.de\/wordpress\/wp-json\/wp\/v2\/users\/2"}],"replies":[{"embeddable":true,"href":"https:\/\/www.ffw-berg.de\/wordpress\/wp-json\/wp\/v2\/comments?post=216399"}],"version-history":[{"count":0,"href":"https:\/\/www.ffw-berg.de\/wordpress\/wp-json\/wp\/v2\/posts\/216399\/revisions"}],"wp:featuredmedia":[{"embeddable":true,"href":"https:\/\/www.ffw-berg.de\/wordpress\/wp-json\/wp\/v2\/media\/216391"}],"wp:attachment":[{"href":"https:\/\/www.ffw-berg.de\/wordpress\/wp-json\/wp\/v2\/media?parent=216399"}],"wp:term":[{"taxonomy":"category","embeddable":true,"href":"https:\/\/www.ffw-berg.de\/wordpress\/wp-json\/wp\/v2\/categories?post=216399"},{"taxonomy":"post_tag","embeddable":true,"href":"https:\/\/www.ffw-berg.de\/wordpress\/wp-json\/wp\/v2\/tags?post=216399"}],"curies":[{"name":"wp","href":"https:\/\/api.w.org\/{rel}","templated":true}]}}