{"id":216406,"date":"2021-09-18T22:00:00","date_gmt":"2021-09-18T20:00:00","guid":{"rendered":"https:\/\/www.ffw-berg.de\/wordpress\/?p=216406"},"modified":"2026-02-24T12:28:49","modified_gmt":"2026-02-24T11:28:49","slug":"feuerwehr-berg-ehrt-maximilian-schaller","status":"publish","type":"post","link":"https:\/\/www.ffw-berg.de\/wordpress\/feuerwehr-berg-ehrt-maximilian-schaller\/","title":{"rendered":"Feuerwehr Berg ehrt Maximilian Schaller"},"content":{"rendered":"\n<h2 class=\"wp-block-heading\">Ehrennadel der Jugendfeuerwehr Oberfranken in W\u00fcrdigung der Verdienste um den Aufbau und die F\u00f6rderung<\/h2>\n\n\n\n<p class=\"has-text-color has-small-font-size\" style=\"color:#7a7d80\">Quelle: Amtsblatt \u201eWir im Frankenwald\u201c Ausgabe Nr. 39 vom 01.10.2021, Seite 39<\/p>\n\n\n\n<p>2008 trat Maximilian Schaller in die Jugendgruppe der St\u00fctzpunktwehr Berg ein und blickt mittlerweile auf gut 13 Jahre mit und f\u00fcr die Jugendgruppe zur\u00fcck. \u201eEs gibt viele sch\u00f6ne Erinnerungen, ob erst als Jugendli- cher oder sp\u00e4ter als Betreuer und Jugendwart\u201c, versichert Maximilian Schaller. <\/p>\n\n\n\n<p>Im Rahmen des Ehrenabends \u201e20 Jahre Jugendgruppe Berg\u201c <strong>steckte dem aktiven Brandsch\u00fctzer der Kreisbrandmeister Jugend Florian Strobel in W\u00fcrdigung der Verdienste um den Aufbau und die F\u00f6rderung der Jugendfeuerwehren in Oberfranken die Ehrennadel der Jugendfeuerwehr Oberfranken ans Revers.<\/strong> <\/p>\n\n\n\n<figure class=\"wp-block-image size-large\"><img loading=\"lazy\" decoding=\"async\" width=\"1080\" height=\"720\" src=\"https:\/\/www.ffw-berg.de\/wordpress\/wp-content\/uploads\/2021\/09\/ehrung_jugendgruppe-1080x720.jpg\" alt=\"\" class=\"wp-image-216386\" srcset=\"https:\/\/www.ffw-berg.de\/wordpress\/wp-content\/uploads\/2021\/09\/ehrung_jugendgruppe-1080x720.jpg 1080w, https:\/\/www.ffw-berg.de\/wordpress\/wp-content\/uploads\/2021\/09\/ehrung_jugendgruppe-300x200.jpg 300w, https:\/\/www.ffw-berg.de\/wordpress\/wp-content\/uploads\/2021\/09\/ehrung_jugendgruppe-120x80.jpg 120w, https:\/\/www.ffw-berg.de\/wordpress\/wp-content\/uploads\/2021\/09\/ehrung_jugendgruppe-768x512.jpg 768w, https:\/\/www.ffw-berg.de\/wordpress\/wp-content\/uploads\/2021\/09\/ehrung_jugendgruppe.jpg 1280w\" sizes=\"auto, (max-width: 1080px) 100vw, 1080px\" \/><figcaption>(von links) Kommandant Marco Kolbinger, Jugendwart Maximilian Schaller und Kreisbrandmeister Jugend Florian Strobel.<\/figcaption><\/figure>\n\n\n\n<div class=\"wp-block-media-text alignwide has-media-on-the-right is-stacked-on-mobile is-vertically-aligned-top is-image-fill\" style=\"grid-template-columns:auto 31%\"><figure class=\"wp-block-media-text__media\" style=\"background-image:url(https:\/\/www.ffw-berg.de\/wordpress\/wp-content\/uploads\/2021\/09\/jugend_urkunde2021-512x768.jpg);background-position:50% 50%\"><img loading=\"lazy\" decoding=\"async\" width=\"512\" height=\"768\" src=\"https:\/\/www.ffw-berg.de\/wordpress\/wp-content\/uploads\/2021\/09\/jugend_urkunde2021-512x768.jpg\" alt=\"\" class=\"wp-image-216390 size-full\" srcset=\"https:\/\/www.ffw-berg.de\/wordpress\/wp-content\/uploads\/2021\/09\/jugend_urkunde2021-512x768.jpg 512w, https:\/\/www.ffw-berg.de\/wordpress\/wp-content\/uploads\/2021\/09\/jugend_urkunde2021-167x250.jpg 167w, https:\/\/www.ffw-berg.de\/wordpress\/wp-content\/uploads\/2021\/09\/jugend_urkunde2021-80x120.jpg 80w, https:\/\/www.ffw-berg.de\/wordpress\/wp-content\/uploads\/2021\/09\/jugend_urkunde2021-768x1152.jpg 768w, https:\/\/www.ffw-berg.de\/wordpress\/wp-content\/uploads\/2021\/09\/jugend_urkunde2021.jpg 853w\" sizes=\"auto, (max-width: 512px) 100vw, 512px\" \/><\/figure><div class=\"wp-block-media-text__content\">\n<p>\u201eEine Jugendgruppe ist schnell gegr\u00fcndet, diese dann \u00fcber einen so langen Zeitraum weiterzuf\u00fchren ist keine Selbstverst\u00e4ndlichkeit\u201c, betonte Strobel und erinnerte, dass die Berger Jugendgruppe auf den vielen Veranstaltungen auf Landkreisebene teilnimmt. <\/p>\n\n\n\n<p>\u201eVon der Jugend f\u00fcr die Jugend\u201c, kommentierte Strobel das Engagement von Maximilian Schaller, der sich f\u00fcr die Belange der Jugendlichen rundum einsetze, nicht nur Wissen vermittelt und zu \u00dcbungen motiviert, sondern auch Spannung, Spa\u00df und Aktion durch 24-Stunden Berufsfeuerwehrtag oder Teilnahmen an Zeltlagern erm\u00f6glicht.<\/p>\n<\/div><\/div>\n\n\n\n<p>Dank und Anerkennung f\u00fcr das Engagement gab es auch von den F\u00fchrungsdienstgraden Kreisbrandrat Reiner Hoffmann, Kreisbrandinspektor Rolf Hornfischer, Kommandant Marco Kolbinger und von B\u00fcrgermeisterin Patricia Rubner. Die Jugendlichen selbst dankten ihrem Jugendwart auch und dies mit pers\u00f6nlichen Pr\u00e4senten, darunter eine <strong>Jacke mit Aufschrift \u201eFeuerwehr Berg Jugendwart\u201c<\/strong>.<\/p>\n\n\n\n<figure class=\"wp-block-image size-large\"><img loading=\"lazy\" decoding=\"async\" width=\"1080\" height=\"361\" src=\"https:\/\/www.ffw-berg.de\/wordpress\/wp-content\/uploads\/2021\/09\/jugendgruppe2021-1080x361.jpg\" alt=\"\" class=\"wp-image-216391\" srcset=\"https:\/\/www.ffw-berg.de\/wordpress\/wp-content\/uploads\/2021\/09\/jugendgruppe2021-1080x361.jpg 1080w, https:\/\/www.ffw-berg.de\/wordpress\/wp-content\/uploads\/2021\/09\/jugendgruppe2021-300x100.jpg 300w, https:\/\/www.ffw-berg.de\/wordpress\/wp-content\/uploads\/2021\/09\/jugendgruppe2021-120x40.jpg 120w, https:\/\/www.ffw-berg.de\/wordpress\/wp-content\/uploads\/2021\/09\/jugendgruppe2021-768x257.jpg 768w, https:\/\/www.ffw-berg.de\/wordpress\/wp-content\/uploads\/2021\/09\/jugendgruppe2021.jpg 1280w\" sizes=\"auto, (max-width: 1080px) 100vw, 1080px\" \/><figcaption>Unsere Jugendgruppe ist stolz auf Ihren Jugendwart!<\/figcaption><\/figure>\n\n\n\n<p class=\"has-text-align-center has-medium-font-size\">Herzlichen Gl\u00fcckwunsch und mach weiter so, Maxi!<\/p>\n","protected":false},"excerpt":{"rendered":"<div class=\"mh-excerpt\">m Rahmen des Ehrenabends \u201e20 Jahre Jugendgruppe Berg\u201c steckte dem aktiven Brandsch\u00fctzer der Kreisbrandmeister Jugend Florian Strobel in W\u00fcrdigung der Verdienste um den Aufbau und die F\u00f6rderung der Jugendfeuerwehren in Oberfranken die Ehrennadel der Jugendfeuerwehr Oberfranken ans Revers. <\/div>\n<p> <a class=\"mh-excerpt-more\" href=\"https:\/\/www.ffw-berg.de\/wordpress\/feuerwehr-berg-ehrt-maximilian-schaller\/\" title=\"Feuerwehr Berg ehrt Maximilian Schaller\">[  Mehr &gt;&gt; ]<\/a><\/p>\n","protected":false},"author":2,"featured_media":216386,"comment_status":"closed","ping_status":"open","sticky":false,"template":"","format":"standard","meta":{"footnotes":""},"categories":[896,47,6,29],"tags":[104,341,443,465,467,478,796,1270,1271,1272,1273,1274,1275],"class_list":{"0":"post-216406","1":"post","2":"type-post","3":"status-publish","4":"format-standard","5":"has-post-thumbnail","7":"category-pressearchiv","8":"category-ehrungen","9":"category-jugend","10":"category-jf-activities","11":"tag-ausbildung","12":"tag-zeltlager","13":"tag-kbr","14":"tag-ehrennadel","15":"tag-kbi","16":"tag-motivation","17":"tag-berufsfeuerwehrtag","18":"tag-20-jahre-jugendgruppe","19":"tag-ehrennadel-der-jugendfeuerwehren-oberfranken","20":"tag-wuerdigung","21":"tag-verdienste","22":"tag-kbm-jugend","23":"tag-maxi2021"},"_links":{"self":[{"href":"https:\/\/www.ffw-berg.de\/wordpress\/wp-json\/wp\/v2\/posts\/216406","targetHints":{"allow":["GET"]}}],"collection":[{"href":"https:\/\/www.ffw-berg.de\/wordpress\/wp-json\/wp\/v2\/posts"}],"about":[{"href":"https:\/\/www.ffw-berg.de\/wordpress\/wp-json\/wp\/v2\/types\/post"}],"author":[{"embeddable":true,"href":"https:\/\/www.ffw-berg.de\/wordpress\/wp-json\/wp\/v2\/users\/2"}],"replies":[{"embeddable":true,"href":"https:\/\/www.ffw-berg.de\/wordpress\/wp-json\/wp\/v2\/comments?post=216406"}],"version-history":[{"count":0,"href":"https:\/\/www.ffw-berg.de\/wordpress\/wp-json\/wp\/v2\/posts\/216406\/revisions"}],"wp:featuredmedia":[{"embeddable":true,"href":"https:\/\/www.ffw-berg.de\/wordpress\/wp-json\/wp\/v2\/media\/216386"}],"wp:attachment":[{"href":"https:\/\/www.ffw-berg.de\/wordpress\/wp-json\/wp\/v2\/media?parent=216406"}],"wp:term":[{"taxonomy":"category","embeddable":true,"href":"https:\/\/www.ffw-berg.de\/wordpress\/wp-json\/wp\/v2\/categories?post=216406"},{"taxonomy":"post_tag","embeddable":true,"href":"https:\/\/www.ffw-berg.de\/wordpress\/wp-json\/wp\/v2\/tags?post=216406"}],"curies":[{"name":"wp","href":"https:\/\/api.w.org\/{rel}","templated":true}]}}