{"id":216413,"date":"2021-09-18T21:45:00","date_gmt":"2021-09-18T19:45:00","guid":{"rendered":"https:\/\/www.ffw-berg.de\/wordpress\/?p=216413"},"modified":"2026-02-24T12:28:41","modified_gmt":"2026-02-24T11:28:41","slug":"ehrungen-und-aermelstreifen-2021","status":"publish","type":"post","link":"https:\/\/www.ffw-berg.de\/wordpress\/ehrungen-und-aermelstreifen-2021\/","title":{"rendered":"Ehrungen und \u00c4rmelstreifen 2021"},"content":{"rendered":"\n<h2 class=\"wp-block-heading\">Ehrungen im Rahmen des Ehrenabends &#8222;20 Jahre Jugendgruppe Feuerwehr Berg&#8220;<\/h2>\n\n\n\n<p class=\"has-text-color has-small-font-size\" style=\"color:#7b7b7b\">Quelle: Amtsblatt \u201eWir im Frankenwald\u201c Ausgabe Nr. 38 vom 24.09.2021, Seite 41<\/p>\n\n\n\n<p>Einen w\u00fcrdigen Rahmen f\u00fcr verdienstvolle Ehrungen bildete der Ehrenabend anl\u00e4sslich \u201e20 Jahre Jugendgruppe Berg\u201c im Feuerwehrger\u00e4tehaus mit zahlreichen Ehreng\u00e4sten. Kreisbrandrat Reiner Hoffmann und Kreisbrandinspektor Rolf Hornfischer ehrten die langj\u00e4hrigen aktiven Brandsch\u00fctzer <strong>Roger Unglaub<\/strong> (40 Jahre) und <strong>Alexander Egelkraut<\/strong> (25 Jahre) <strong>mit Urkunde und Feuerwehrehrenzeichen in Gold beziehungsweise Silber<\/strong>. <\/p>\n\n\n\n<figure class=\"wp-block-image size-large\"><img loading=\"lazy\" decoding=\"async\" width=\"1080\" height=\"729\" src=\"https:\/\/www.ffw-berg.de\/wordpress\/wp-content\/uploads\/2021\/09\/ehrungen_aktiv2021-1080x729.jpg\" alt=\"\" class=\"wp-image-216388\" srcset=\"https:\/\/www.ffw-berg.de\/wordpress\/wp-content\/uploads\/2021\/09\/ehrungen_aktiv2021-1080x729.jpg 1080w, https:\/\/www.ffw-berg.de\/wordpress\/wp-content\/uploads\/2021\/09\/ehrungen_aktiv2021-300x203.jpg 300w, https:\/\/www.ffw-berg.de\/wordpress\/wp-content\/uploads\/2021\/09\/ehrungen_aktiv2021-120x81.jpg 120w, https:\/\/www.ffw-berg.de\/wordpress\/wp-content\/uploads\/2021\/09\/ehrungen_aktiv2021-768x518.jpg 768w, https:\/\/www.ffw-berg.de\/wordpress\/wp-content\/uploads\/2021\/09\/ehrungen_aktiv2021.jpg 1280w\" sizes=\"auto, (max-width: 1080px) 100vw, 1080px\" \/><figcaption>(von links) Kommandant Marco Kolbinger, Roger Unglaub, Kreisbrandinspektor Rolf Hornfischer, Alexander Egelkraut, Kreisbrandrat Reiner Hoffmann und B\u00fcrgermeisterin Patricia Rubner.<\/figcaption><\/figure>\n\n\n\n<p>Roger Unglaub erhielt obenauf ein Pr\u00e4sent des Landkreises und einen Gutschein \u00fcber eine Woche im Feuerwehrerholungsheim \u201eSt. Florian\u201c in Bayerisch-Gmain. Beide Brandsch\u00fctzer nahmen Worte von Dank und Anerkennung f\u00fcr das ehrenamtliche Engagement, dass sie 24 Stunden, 365 Tage im Jahr leisten, entgegen. <\/p>\n\n\n\n<p>Zudem \u00fcberreichte Kommandant Marco Kolbinger an die Ehrenkommandanten Gunther Schaller und Manfred Peetz nach den neuen Feuerwehrrichtlinien f\u00fcr Funktionstr\u00e4ger die entsprechenden \u00c4rmelstreifen, die deren Verdienste dann auch f\u00fcr die \u00d6ffentlichkeit aufzeigen.<\/p>\n\n\n\n<figure class=\"wp-block-image size-large\"><img loading=\"lazy\" decoding=\"async\" width=\"1080\" height=\"720\" src=\"https:\/\/www.ffw-berg.de\/wordpress\/wp-content\/uploads\/2021\/09\/ehrung2021_1-1080x720.jpg\" alt=\"\" class=\"wp-image-216387\" srcset=\"https:\/\/www.ffw-berg.de\/wordpress\/wp-content\/uploads\/2021\/09\/ehrung2021_1-1080x720.jpg 1080w, https:\/\/www.ffw-berg.de\/wordpress\/wp-content\/uploads\/2021\/09\/ehrung2021_1-300x200.jpg 300w, https:\/\/www.ffw-berg.de\/wordpress\/wp-content\/uploads\/2021\/09\/ehrung2021_1-120x80.jpg 120w, https:\/\/www.ffw-berg.de\/wordpress\/wp-content\/uploads\/2021\/09\/ehrung2021_1-768x512.jpg 768w, https:\/\/www.ffw-berg.de\/wordpress\/wp-content\/uploads\/2021\/09\/ehrung2021_1.jpg 1280w\" sizes=\"auto, (max-width: 1080px) 100vw, 1080px\" \/><figcaption>\u00dcbergabe der \u00c4rmelabzeichen: (von links) Kommandanten Marco Kolbinger, die Ehrenkommandanten Gunther Schaller und Manfred Peetz.<\/figcaption><\/figure>\n","protected":false},"excerpt":{"rendered":"<div class=\"mh-excerpt\">Einen w\u00fcrdigen Rahmen f\u00fcr verdienstvolle Ehrungen bildete der Ehrenabend anl\u00e4sslich \u201e20 Jahre Jugendgruppe Berg\u201c im Feuerwehrger\u00e4tehaus mit zahlreichen Ehreng\u00e4sten. Kreisbrandrat Reiner Hoffmann und Kreisbrandinspektor Rolf Hornfischer ehrten langj\u00e4hrige aktive Feuerwehrkameraden.<\/div>\n<p> <a class=\"mh-excerpt-more\" href=\"https:\/\/www.ffw-berg.de\/wordpress\/ehrungen-und-aermelstreifen-2021\/\" title=\"Ehrungen und \u00c4rmelstreifen 2021\">[  Mehr &gt;&gt; ]<\/a><\/p>\n","protected":false},"author":2,"featured_media":216388,"comment_status":"closed","ping_status":"open","sticky":false,"template":"","format":"standard","meta":{"footnotes":""},"categories":[896,47,46],"tags":[261,1269,1284,1285,1286,1287,1288,1290],"class_list":{"0":"post-216413","1":"post","2":"type-post","3":"status-publish","4":"format-standard","5":"has-post-thumbnail","7":"category-pressearchiv","8":"category-ehrungen","9":"category-wir-ueber-uns","10":"tag-ehrungen","11":"tag-auszeichnungen","12":"tag-aermelabzeichen","13":"tag-st-florian-feuerwehrerholungsheim","14":"tag-bayerisch-gmain","15":"tag-feuerwehrehrenzeichen-gold","16":"tag-feuerwehrehrenzeichen-silber","17":"tag-ehrung2021"},"_links":{"self":[{"href":"https:\/\/www.ffw-berg.de\/wordpress\/wp-json\/wp\/v2\/posts\/216413","targetHints":{"allow":["GET"]}}],"collection":[{"href":"https:\/\/www.ffw-berg.de\/wordpress\/wp-json\/wp\/v2\/posts"}],"about":[{"href":"https:\/\/www.ffw-berg.de\/wordpress\/wp-json\/wp\/v2\/types\/post"}],"author":[{"embeddable":true,"href":"https:\/\/www.ffw-berg.de\/wordpress\/wp-json\/wp\/v2\/users\/2"}],"replies":[{"embeddable":true,"href":"https:\/\/www.ffw-berg.de\/wordpress\/wp-json\/wp\/v2\/comments?post=216413"}],"version-history":[{"count":0,"href":"https:\/\/www.ffw-berg.de\/wordpress\/wp-json\/wp\/v2\/posts\/216413\/revisions"}],"wp:featuredmedia":[{"embeddable":true,"href":"https:\/\/www.ffw-berg.de\/wordpress\/wp-json\/wp\/v2\/media\/216388"}],"wp:attachment":[{"href":"https:\/\/www.ffw-berg.de\/wordpress\/wp-json\/wp\/v2\/media?parent=216413"}],"wp:term":[{"taxonomy":"category","embeddable":true,"href":"https:\/\/www.ffw-berg.de\/wordpress\/wp-json\/wp\/v2\/categories?post=216413"},{"taxonomy":"post_tag","embeddable":true,"href":"https:\/\/www.ffw-berg.de\/wordpress\/wp-json\/wp\/v2\/tags?post=216413"}],"curies":[{"name":"wp","href":"https:\/\/api.w.org\/{rel}","templated":true}]}}