{"id":216469,"date":"2021-11-13T20:00:00","date_gmt":"2021-11-13T19:00:00","guid":{"rendered":"https:\/\/www.ffw-berg.de\/wordpress\/?p=216469"},"modified":"2026-02-24T12:29:19","modified_gmt":"2026-02-24T11:29:19","slug":"basismodul-der-modularen-truppausbildung-abgeschlossen","status":"publish","type":"post","link":"https:\/\/www.ffw-berg.de\/wordpress\/basismodul-der-modularen-truppausbildung-abgeschlossen\/","title":{"rendered":"Basismodul der Modularen Truppausbildung abgeschlossen"},"content":{"rendered":"\n<h2 class=\"wp-block-heading\">Erfolgreicher Abschluss mit sehr guten Leistungen f\u00fcr 14 Kameraden:innen<\/h2>\n\n\n\n<p>Am Samstag, 13.11.21,  konnten 14 Kameraden und Kameradinnen aus dem Berger Winkel und drei Kameraden der Feuerwehr Stadt Naila mit der Zwischenpr\u00fcfung das Basismodul der Modularen Truppausbildung erfolgreich abschlie\u00dfen. Neben der theoretischen Pr\u00fcfung mussten die Teilnehmer an vier praktischen Stationen die erlernten Kenntnisse aus den verschiedenen Modulen unter Beweis stellen.\u00a0<\/p>\n\n\n\n<figure class=\"wp-block-gallery columns-2 is-cropped wp-block-gallery-1 is-layout-flex wp-block-gallery-is-layout-flex\"><ul class=\"blocks-gallery-grid\"><li class=\"blocks-gallery-item\"><figure><a href=\"https:\/\/www.ffw-berg.de\/wordpress\/wp-content\/uploads\/2021\/11\/ffw_berg_MTA2021_0.jpg\"><img loading=\"lazy\" decoding=\"async\" width=\"1080\" height=\"608\" src=\"https:\/\/www.ffw-berg.de\/wordpress\/wp-content\/uploads\/2021\/11\/ffw_berg_MTA2021_0-1080x608.jpg\" alt=\"\" data-id=\"216470\" data-full-url=\"https:\/\/www.ffw-berg.de\/wordpress\/wp-content\/uploads\/2021\/11\/ffw_berg_MTA2021_0.jpg\" data-link=\"https:\/\/www.ffw-berg.de\/wordpress\/ffw_berg_mta2021_0\/\" class=\"wp-image-216470\" srcset=\"https:\/\/www.ffw-berg.de\/wordpress\/wp-content\/uploads\/2021\/11\/ffw_berg_MTA2021_0-1080x608.jpg 1080w, https:\/\/www.ffw-berg.de\/wordpress\/wp-content\/uploads\/2021\/11\/ffw_berg_MTA2021_0-300x169.jpg 300w, https:\/\/www.ffw-berg.de\/wordpress\/wp-content\/uploads\/2021\/11\/ffw_berg_MTA2021_0-120x68.jpg 120w, https:\/\/www.ffw-berg.de\/wordpress\/wp-content\/uploads\/2021\/11\/ffw_berg_MTA2021_0-768x432.jpg 768w, https:\/\/www.ffw-berg.de\/wordpress\/wp-content\/uploads\/2021\/11\/ffw_berg_MTA2021_0-1536x864.jpg 1536w, https:\/\/www.ffw-berg.de\/wordpress\/wp-content\/uploads\/2021\/11\/ffw_berg_MTA2021_0-678x381.jpg 678w, https:\/\/www.ffw-berg.de\/wordpress\/wp-content\/uploads\/2021\/11\/ffw_berg_MTA2021_0.jpg 1920w\" sizes=\"auto, (max-width: 1080px) 100vw, 1080px\" \/><\/a><\/figure><\/li><li class=\"blocks-gallery-item\"><figure><a href=\"https:\/\/www.ffw-berg.de\/wordpress\/wp-content\/uploads\/2021\/11\/ffw_berg_MTA2021_3.jpg\"><img loading=\"lazy\" decoding=\"async\" width=\"1080\" height=\"608\" src=\"https:\/\/www.ffw-berg.de\/wordpress\/wp-content\/uploads\/2021\/11\/ffw_berg_MTA2021_3-1080x608.jpg\" alt=\"\" data-id=\"216471\" data-full-url=\"https:\/\/www.ffw-berg.de\/wordpress\/wp-content\/uploads\/2021\/11\/ffw_berg_MTA2021_3.jpg\" data-link=\"https:\/\/www.ffw-berg.de\/wordpress\/ffw_berg_mta2021_3\/\" class=\"wp-image-216471\" srcset=\"https:\/\/www.ffw-berg.de\/wordpress\/wp-content\/uploads\/2021\/11\/ffw_berg_MTA2021_3-1080x608.jpg 1080w, https:\/\/www.ffw-berg.de\/wordpress\/wp-content\/uploads\/2021\/11\/ffw_berg_MTA2021_3-300x169.jpg 300w, https:\/\/www.ffw-berg.de\/wordpress\/wp-content\/uploads\/2021\/11\/ffw_berg_MTA2021_3-120x68.jpg 120w, https:\/\/www.ffw-berg.de\/wordpress\/wp-content\/uploads\/2021\/11\/ffw_berg_MTA2021_3-768x432.jpg 768w, https:\/\/www.ffw-berg.de\/wordpress\/wp-content\/uploads\/2021\/11\/ffw_berg_MTA2021_3-1536x864.jpg 1536w, https:\/\/www.ffw-berg.de\/wordpress\/wp-content\/uploads\/2021\/11\/ffw_berg_MTA2021_3-678x381.jpg 678w, https:\/\/www.ffw-berg.de\/wordpress\/wp-content\/uploads\/2021\/11\/ffw_berg_MTA2021_3.jpg 1920w\" sizes=\"auto, (max-width: 1080px) 100vw, 1080px\" \/><\/a><\/figure><\/li><\/ul><\/figure>\n\n\n\n<p>Aufgrund der coronabedingten Einschr\u00e4nkungen im Dienstbetrieb musste ein Gro\u00dfteil der Module erstmalig an mehreren Standorten in der Gemeinde Berg abgehalten werden. So wurden den Teilnehmern in den vergangen vier Monaten alle Grundt\u00e4tigkeiten und Kompetenzen, die jeder Feuerwehrangh\u00f6rige beherrschen und erwerben muss, in verschiedenen theoretischen und praktischen Bl\u00f6cken vermittelt.&nbsp;<\/p>\n\n\n\n<p>KBI Rolf Hornfischer lobte die Pr\u00fcfungsteilnehmer im Namen aller Pr\u00fcfer f\u00fcr die sehr gute Leistung und gratulierte gemeinsam mit B\u00fcrgermeisterin Patricia Rubner den Pr\u00fcflingen zum Bestehen.\u00a0\u00a0<\/p>\n\n\n\n<p>Mit dem Abschluss des Basismoduls absolvieren die Dienstleistenden in den eigenen Feuerwehren das Ausbildungs- und \u00dcbungsmodul, bevor sie anschlie\u00dfend mit der Truppf\u00fchrer-Qualifikation die Grundausbildung abschlie\u00dfen k\u00f6nnen.\u00a0<\/p>\n\n\n\n<h4 class=\"has-text-align-center wp-block-heading\">Herzlichen Gl\u00fcckwunsch an die Teilnehmer zum Abschluss des Basismoduls:&nbsp;<\/h4>\n\n\n\n<figure class=\"wp-block-gallery columns-1 is-cropped wp-block-gallery-2 is-layout-flex wp-block-gallery-is-layout-flex\"><ul class=\"blocks-gallery-grid\"><li class=\"blocks-gallery-item\"><figure><a href=\"https:\/\/www.ffw-berg.de\/wordpress\/wp-content\/uploads\/2021\/11\/ffw_berg_MTA2021_4.jpg\"><img loading=\"lazy\" decoding=\"async\" width=\"1080\" height=\"608\" src=\"https:\/\/www.ffw-berg.de\/wordpress\/wp-content\/uploads\/2021\/11\/ffw_berg_MTA2021_4-1080x608.jpg\" alt=\"\" data-id=\"216472\" data-full-url=\"https:\/\/www.ffw-berg.de\/wordpress\/wp-content\/uploads\/2021\/11\/ffw_berg_MTA2021_4.jpg\" data-link=\"https:\/\/www.ffw-berg.de\/wordpress\/ffw_berg_mta2021_4\/\" class=\"wp-image-216472\" srcset=\"https:\/\/www.ffw-berg.de\/wordpress\/wp-content\/uploads\/2021\/11\/ffw_berg_MTA2021_4-1080x608.jpg 1080w, https:\/\/www.ffw-berg.de\/wordpress\/wp-content\/uploads\/2021\/11\/ffw_berg_MTA2021_4-300x169.jpg 300w, https:\/\/www.ffw-berg.de\/wordpress\/wp-content\/uploads\/2021\/11\/ffw_berg_MTA2021_4-120x68.jpg 120w, https:\/\/www.ffw-berg.de\/wordpress\/wp-content\/uploads\/2021\/11\/ffw_berg_MTA2021_4-768x432.jpg 768w, https:\/\/www.ffw-berg.de\/wordpress\/wp-content\/uploads\/2021\/11\/ffw_berg_MTA2021_4-1536x864.jpg 1536w, https:\/\/www.ffw-berg.de\/wordpress\/wp-content\/uploads\/2021\/11\/ffw_berg_MTA2021_4-678x381.jpg 678w, https:\/\/www.ffw-berg.de\/wordpress\/wp-content\/uploads\/2021\/11\/ffw_berg_MTA2021_4.jpg 1920w\" sizes=\"auto, (max-width: 1080px) 100vw, 1080px\" \/><\/a><\/figure><\/li><\/ul><\/figure>\n\n\n\n<ul class=\"has-pale-cyan-blue-background-color has-background wp-block-list\"><li><strong>FF Berg: <\/strong>Max Eimert, Kevin Fickenscher, Lukas Herrmann, Elisa Linke, Luis Mucha, Florian M\u00fcller, Isabell M\u00fcller, Bianca Resch<\/li><li><strong>FF Eisenb\u00fchl: <\/strong>Domenik Krau\u00df<\/li><li><strong>FF Gottsmannsgr\u00fcn: <\/strong>Paul Unglaub<\/li><li><strong>FF Naila:<\/strong> Yannick Riedl, Anton Rie\u00df, Henning W\u00f6lfel<\/li><li><strong>FF Rudolphstein:<\/strong> Sina Ebert<\/li><li><strong>FF Schnarchenreuth:<\/strong> Hannes Drechsel, Max Wolfrum<\/li><li><strong>FF Tiefengr\u00fcn: <\/strong>Niklas Wolfrum<\/li><\/ul>\n\n\n\n<figure class=\"wp-block-embed is-type-rich is-provider-google-photos wp-block-embed-google-photos\"><div class=\"wp-block-embed__wrapper\">\n<blockquote class=\"embedly-card\" data-card-controls=\"0\" data-card-align=\"center\" data-card-theme=\"light\"><h4><a href=\"https:\/\/photos.app.goo.gl\/UQFvAnHnYFkiSB957\">No Title<\/a><\/h4><p>No Description<\/p><\/blockquote><script async src=\"\/\/cdn.embedly.com\/widgets\/platform.js\" charset=\"UTF-8\"><\/script>\n<\/div><\/figure>\n","protected":false},"excerpt":{"rendered":"<div class=\"mh-excerpt\">Am Samstag, 13.11.21,  konnten 14 Kameraden und Kameradinnen aus dem Berger Winkel und drei Kameraden der Feuerwehr Stadt Naila mit der Zwischenpr\u00fcfung das Basismodul der Modularen Truppausbildung erfolgreich abschlie\u00dfen.<\/div>\n<p> <a class=\"mh-excerpt-more\" href=\"https:\/\/www.ffw-berg.de\/wordpress\/basismodul-der-modularen-truppausbildung-abgeschlossen\/\" title=\"Basismodul der Modularen Truppausbildung abgeschlossen\">[  Mehr &gt;&gt; ]<\/a><\/p>\n","protected":false},"author":2,"featured_media":216472,"comment_status":"closed","ping_status":"open","sticky":false,"template":"","format":"standard","meta":{"footnotes":""},"categories":[896,659,29],"tags":[297,385,529,602,660,844,845,1034,1210,1265,1302,1303,1304],"class_list":{"0":"post-216469","1":"post","2":"type-post","3":"status-publish","4":"format-standard","5":"has-post-thumbnail","7":"category-pressearchiv","8":"category-mta","9":"category-jf-activities","10":"tag-ff-bergofr","11":"tag-ff-naila","12":"tag-modulare-truppausbildung","13":"tag-ff-gottsmannsgruen","14":"tag-mta","15":"tag-ff-tiefengruen","16":"tag-ff-rudolphstein","17":"tag-basismodul","18":"tag-ff-eisenbuehl","19":"tag-ff-schnarchenreuth","20":"tag-ausbildungsmodul","21":"tag-uebungsmodul","22":"tag-mta2021"},"_links":{"self":[{"href":"https:\/\/www.ffw-berg.de\/wordpress\/wp-json\/wp\/v2\/posts\/216469","targetHints":{"allow":["GET"]}}],"collection":[{"href":"https:\/\/www.ffw-berg.de\/wordpress\/wp-json\/wp\/v2\/posts"}],"about":[{"href":"https:\/\/www.ffw-berg.de\/wordpress\/wp-json\/wp\/v2\/types\/post"}],"author":[{"embeddable":true,"href":"https:\/\/www.ffw-berg.de\/wordpress\/wp-json\/wp\/v2\/users\/2"}],"replies":[{"embeddable":true,"href":"https:\/\/www.ffw-berg.de\/wordpress\/wp-json\/wp\/v2\/comments?post=216469"}],"version-history":[{"count":0,"href":"https:\/\/www.ffw-berg.de\/wordpress\/wp-json\/wp\/v2\/posts\/216469\/revisions"}],"wp:featuredmedia":[{"embeddable":true,"href":"https:\/\/www.ffw-berg.de\/wordpress\/wp-json\/wp\/v2\/media\/216472"}],"wp:attachment":[{"href":"https:\/\/www.ffw-berg.de\/wordpress\/wp-json\/wp\/v2\/media?parent=216469"}],"wp:term":[{"taxonomy":"category","embeddable":true,"href":"https:\/\/www.ffw-berg.de\/wordpress\/wp-json\/wp\/v2\/categories?post=216469"},{"taxonomy":"post_tag","embeddable":true,"href":"https:\/\/www.ffw-berg.de\/wordpress\/wp-json\/wp\/v2\/tags?post=216469"}],"curies":[{"name":"wp","href":"https:\/\/api.w.org\/{rel}","templated":true}]}}