{"id":216479,"date":"2021-11-29T15:24:00","date_gmt":"2021-11-29T14:24:00","guid":{"rendered":"https:\/\/www.ffw-berg.de\/wordpress\/?p=216479"},"modified":"2022-01-05T20:00:11","modified_gmt":"2022-01-05T19:00:11","slug":"einsatz-vom-29-11-21-vu-mit-pkw","status":"publish","type":"post","link":"https:\/\/www.ffw-berg.de\/wordpress\/einsatz-vom-29-11-21-vu-mit-pkw\/","title":{"rendered":"Einsatz vom 29.11.21 &#8211; VU mit PKW"},"content":{"rendered":"\n<div class=\"wp-block-columns has-2-columns is-layout-flex wp-container-core-columns-is-layout-9d6595d7 wp-block-columns-is-layout-flex\">\n<div class=\"wp-block-column is-layout-flow wp-block-column-is-layout-flow\">\n<p class=\"has-text-color\" style=\"color:#800000\"><strong>Nr.:<\/strong><\/p>\n\n\n\n<p class=\"has-text-color\" style=\"color:#800000\"><strong>Alarmzeit:<\/strong><\/p>\n\n\n\n<p class=\"has-text-color\" style=\"color:#800000\"><strong>Einsatzdauer:<\/strong><\/p>\n\n\n\n<p class=\"has-text-color\" style=\"color:#800000\"><strong>Einsatzort:<\/strong><\/p>\n\n\n\n<p class=\"has-text-color\" style=\"color:#800000\"><strong>Einsatzart:<\/strong><\/p>\n\n\n\n<p class=\"has-text-color\" style=\"color:#800000\"><strong>Eingesetzte Fahrzeuge:<\/strong><\/p>\n\n\n\n<p class=\"has-text-color\" style=\"color:#800000\"><strong>Einsatzmittel:<\/strong><br \/><\/p>\n<\/div>\n\n\n\n<div class=\"wp-block-column is-layout-flow wp-block-column-is-layout-flow\">\n<p>98<\/p>\n\n\n\n<p>15.24 Uhr<\/p>\n\n\n\n<p>0,55 Std.<\/p>\n\n\n\n<p>Stra\u00dfe Naila &#8211; Berg, H\u00f6he Wacholderreuth<\/p>\n\n\n\n<p>THL 1 | VU mit PKW<\/p>\n\n\n\n<p>HLF20<\/p>\n\n\n\n<p>Verkehrslenkung \/ Verkehrssicherung <\/p>\n<\/div>\n<\/div>\n\n\n\n<hr class=\"wp-block-separator is-style-wide\"\/>\n\n\n\n<h4 class=\"wp-block-heading\"><strong>Einsatzbericht<\/strong><\/h4>\n\n\n\n<p>Die Feuerwehr Berg wurde wegen eines VU mit PKW alarmiert.<\/p>\n\n\n\n<p>Bei Eintreffen an der Einsatzstelle lag ein PKW in H\u00f6he Wacholderreuth auf dem Dach im Stra\u00dfengraben. Die Insassen konnten sich bereits aus dem Fahrzeug befreien und befanden sich in Obhut des Rettungsdienstes. PKW auf Auslaufende Betriebsstoffe gesichtet. Sperrung der Stra\u00dfe bis zum Abr\u00fccken des Rettungsdienstes \u00fcbernommen. Anschlie\u00dfend Einsatzstelle der Polizei \u00fcbergeben.<\/p>\n\n\n\n<hr class=\"wp-block-separator has-text-color has-background has-vivid-red-background-color has-vivid-red-color is-style-wide\"\/>\n\n\n\n<h4 class=\"has-text-align-center wp-block-heading\">Einsatzfotos:<\/h4>\n\n\n\n<figure class=\"wp-block-image size-large\"><img loading=\"lazy\" decoding=\"async\" width=\"1080\" height=\"608\" src=\"https:\/\/www.ffw-berg.de\/wordpress\/wp-content\/uploads\/2021\/12\/VU_PKW_Wacholderreuth_291121-1080x608.jpeg\" alt=\"\" class=\"wp-image-216483\" srcset=\"https:\/\/www.ffw-berg.de\/wordpress\/wp-content\/uploads\/2021\/12\/VU_PKW_Wacholderreuth_291121-1080x608.jpeg 1080w, https:\/\/www.ffw-berg.de\/wordpress\/wp-content\/uploads\/2021\/12\/VU_PKW_Wacholderreuth_291121-300x169.jpeg 300w, https:\/\/www.ffw-berg.de\/wordpress\/wp-content\/uploads\/2021\/12\/VU_PKW_Wacholderreuth_291121-120x68.jpeg 120w, https:\/\/www.ffw-berg.de\/wordpress\/wp-content\/uploads\/2021\/12\/VU_PKW_Wacholderreuth_291121-768x432.jpeg 768w, https:\/\/www.ffw-berg.de\/wordpress\/wp-content\/uploads\/2021\/12\/VU_PKW_Wacholderreuth_291121-678x381.jpeg 678w, https:\/\/www.ffw-berg.de\/wordpress\/wp-content\/uploads\/2021\/12\/VU_PKW_Wacholderreuth_291121.jpeg 1200w\" sizes=\"auto, (max-width: 1080px) 100vw, 1080px\" \/><\/figure>\n","protected":false},"excerpt":{"rendered":"<div class=\"mh-excerpt\">Nr. 98 | Zeit: 15.24 Uhr | Stra\u00dfe Naila &#8211; Berg, H\u00f6he Wacholderreuth | THL<\/p>\n<p>Eingesetzte Fahrzeuge:<br \/>\nHLF20<\/p><\/div>\n<p> <a class=\"mh-excerpt-more\" href=\"https:\/\/www.ffw-berg.de\/wordpress\/einsatz-vom-29-11-21-vu-mit-pkw\/\" title=\"Einsatz vom 29.11.21 &#8211; VU mit PKW\">[  Mehr &gt;&gt; ]<\/a><\/p>\n","protected":false},"author":2,"featured_media":216483,"comment_status":"closed","ping_status":"open","sticky":false,"template":"","format":"standard","meta":{"footnotes":""},"categories":[1083],"tags":[73,78,147,163,894,1151],"class_list":{"0":"post-216479","1":"post","2":"type-post","3":"status-publish","4":"format-standard","5":"has-post-thumbnail","7":"category-einsaetze-2021","8":"tag-einsatz","9":"tag-thl","10":"tag-kommunikationsmittel","11":"tag-vu-mit-pkw","12":"tag-hlf20","13":"tag-verkehrslenkungsmittel"},"_links":{"self":[{"href":"https:\/\/www.ffw-berg.de\/wordpress\/wp-json\/wp\/v2\/posts\/216479","targetHints":{"allow":["GET"]}}],"collection":[{"href":"https:\/\/www.ffw-berg.de\/wordpress\/wp-json\/wp\/v2\/posts"}],"about":[{"href":"https:\/\/www.ffw-berg.de\/wordpress\/wp-json\/wp\/v2\/types\/post"}],"author":[{"embeddable":true,"href":"https:\/\/www.ffw-berg.de\/wordpress\/wp-json\/wp\/v2\/users\/2"}],"replies":[{"embeddable":true,"href":"https:\/\/www.ffw-berg.de\/wordpress\/wp-json\/wp\/v2\/comments?post=216479"}],"version-history":[{"count":0,"href":"https:\/\/www.ffw-berg.de\/wordpress\/wp-json\/wp\/v2\/posts\/216479\/revisions"}],"wp:featuredmedia":[{"embeddable":true,"href":"https:\/\/www.ffw-berg.de\/wordpress\/wp-json\/wp\/v2\/media\/216483"}],"wp:attachment":[{"href":"https:\/\/www.ffw-berg.de\/wordpress\/wp-json\/wp\/v2\/media?parent=216479"}],"wp:term":[{"taxonomy":"category","embeddable":true,"href":"https:\/\/www.ffw-berg.de\/wordpress\/wp-json\/wp\/v2\/categories?post=216479"},{"taxonomy":"post_tag","embeddable":true,"href":"https:\/\/www.ffw-berg.de\/wordpress\/wp-json\/wp\/v2\/tags?post=216479"}],"curies":[{"name":"wp","href":"https:\/\/api.w.org\/{rel}","templated":true}]}}