{"id":216495,"date":"2021-11-29T18:54:00","date_gmt":"2021-11-29T17:54:00","guid":{"rendered":"https:\/\/www.ffw-berg.de\/wordpress\/?p=216495"},"modified":"2022-01-05T19:59:15","modified_gmt":"2022-01-05T18:59:15","slug":"einsatz-vom-29-11-21-thl-amtshilfe","status":"publish","type":"post","link":"https:\/\/www.ffw-berg.de\/wordpress\/einsatz-vom-29-11-21-thl-amtshilfe\/","title":{"rendered":"Einsatz vom 29.11.21 &#8211; THL Amtshilfe"},"content":{"rendered":"\n<div class=\"wp-block-columns has-2-columns is-layout-flex wp-container-core-columns-is-layout-9d6595d7 wp-block-columns-is-layout-flex\">\n<div class=\"wp-block-column is-layout-flow wp-block-column-is-layout-flow\">\n<p class=\"has-text-color\" style=\"color:#800000\"><strong>Nr.:<\/strong><\/p>\n\n\n\n<p class=\"has-text-color\" style=\"color:#800000\"><strong>Alarmzeit:<\/strong><\/p>\n\n\n\n<p class=\"has-text-color\" style=\"color:#800000\"><strong>Einsatzdauer:<\/strong><\/p>\n\n\n\n<p class=\"has-text-color\" style=\"color:#800000\"><strong>Einsatzort:<\/strong><\/p>\n\n\n\n<p class=\"has-text-color\" style=\"color:#800000\"><strong>Einsatzart:<\/strong><\/p>\n\n\n\n<p class=\"has-text-color\" style=\"color:#800000\"><strong>Eingesetzte Fahrzeuge:<\/strong><\/p>\n\n\n\n<p class=\"has-text-color\" style=\"color:#800000\"><strong>Einsatzmittel:<\/strong><br \/><\/p>\n<\/div>\n\n\n\n<div class=\"wp-block-column is-layout-flow wp-block-column-is-layout-flow\">\n<p>101<\/p>\n\n\n\n<p>18.54 Uhr<\/p>\n\n\n\n<p>0,68 Std.<\/p>\n\n\n\n<p>BAB A9 Fahrtrichtung S\u00fcden, Km 248<\/p>\n\n\n\n<p>THL 1 | Sonstige Hilfeleistung<\/p>\n\n\n\n<p>MTW<\/p>\n\n\n\n<p>Beleuchtungsger\u00e4t, Chemische \u00d6lbindemittel, Kommunikationsger\u00e4t, Verkehrssicherung mit VSA<\/p>\n<\/div>\n<\/div>\n\n\n\n<hr class=\"wp-block-separator is-style-wide\"\/>\n\n\n\n<h4 class=\"wp-block-heading\"><strong>Einsatzbericht<\/strong><\/h4>\n\n\n\n<p>Ein RTW kollidierte auf der Anfahrt zur Einsatzstelle auf H\u00f6he KM 248 in Fahrtrichtung Berlin mit Tr\u00fcmmerteilen, die aus dem VU in Fahrtrichtung N\u00fcrnberg stammten (<strong><a href=\"https:\/\/www.ffw-berg.de\/wordpress\/einsatz-vom-29-11-21-vu-mit-pkw-a9\/\" data-type=\"post\" data-id=\"216490\">Einsatz Nr. 100<\/a><\/strong>).<\/p>\n\n\n\n<p>Das Fahrzeug wurde im Bereich der Gelenkwelle besch\u00e4digt. Auf Anfrage des ELRD wurde Berg 40\/1 zur Unfallstelle entsandt. Die Tr\u00fcmmerteile wurden entfernt und das Fahrzeug im Schrittempo bis zur Rastanlage Rudoplphstein begleidet und abgesichert.<br \/>Amtshilfe BRK<\/p>\n\n\n\n<hr class=\"wp-block-separator has-text-color has-background has-vivid-red-background-color has-vivid-red-color is-style-wide\"\/>\n","protected":false},"excerpt":{"rendered":"<div class=\"mh-excerpt\">Nr. 101 | Zeit: 18.54 Uhr | BAB A9 Fahrtrichtung S\u00fcden| THL<\/p>\n<p>Eingesetzte Fahrzeuge:<br \/>\nMTW<\/p><\/div>\n<p> <a class=\"mh-excerpt-more\" href=\"https:\/\/www.ffw-berg.de\/wordpress\/einsatz-vom-29-11-21-thl-amtshilfe\/\" title=\"Einsatz vom 29.11.21 &#8211; THL Amtshilfe\">[  Mehr &gt;&gt; ]<\/a><\/p>\n","protected":false},"author":2,"featured_media":212207,"comment_status":"closed","ping_status":"open","sticky":false,"template":"","format":"standard","meta":{"footnotes":""},"categories":[1083],"tags":[73,78,87,364,147,163,609,1305,1306],"class_list":{"0":"post-216495","1":"post","2":"type-post","3":"status-publish","4":"format-standard","5":"has-post-thumbnail","7":"category-einsaetze-2021","8":"tag-einsatz","9":"tag-thl","10":"tag-bab-a9","11":"tag-mtw","12":"tag-kommunikationsmittel","13":"tag-vu-mit-pkw","14":"tag-rtw","15":"tag-verkehrssicherung","16":"tag-amtshilfe"},"_links":{"self":[{"href":"https:\/\/www.ffw-berg.de\/wordpress\/wp-json\/wp\/v2\/posts\/216495","targetHints":{"allow":["GET"]}}],"collection":[{"href":"https:\/\/www.ffw-berg.de\/wordpress\/wp-json\/wp\/v2\/posts"}],"about":[{"href":"https:\/\/www.ffw-berg.de\/wordpress\/wp-json\/wp\/v2\/types\/post"}],"author":[{"embeddable":true,"href":"https:\/\/www.ffw-berg.de\/wordpress\/wp-json\/wp\/v2\/users\/2"}],"replies":[{"embeddable":true,"href":"https:\/\/www.ffw-berg.de\/wordpress\/wp-json\/wp\/v2\/comments?post=216495"}],"version-history":[{"count":0,"href":"https:\/\/www.ffw-berg.de\/wordpress\/wp-json\/wp\/v2\/posts\/216495\/revisions"}],"wp:featuredmedia":[{"embeddable":true,"href":"https:\/\/www.ffw-berg.de\/wordpress\/wp-json\/wp\/v2\/media\/212207"}],"wp:attachment":[{"href":"https:\/\/www.ffw-berg.de\/wordpress\/wp-json\/wp\/v2\/media?parent=216495"}],"wp:term":[{"taxonomy":"category","embeddable":true,"href":"https:\/\/www.ffw-berg.de\/wordpress\/wp-json\/wp\/v2\/categories?post=216495"},{"taxonomy":"post_tag","embeddable":true,"href":"https:\/\/www.ffw-berg.de\/wordpress\/wp-json\/wp\/v2\/tags?post=216495"}],"curies":[{"name":"wp","href":"https:\/\/api.w.org\/{rel}","templated":true}]}}