{"id":216507,"date":"2021-12-08T19:54:00","date_gmt":"2021-12-08T18:54:00","guid":{"rendered":"https:\/\/www.ffw-berg.de\/wordpress\/?p=216507"},"modified":"2022-01-05T19:58:30","modified_gmt":"2022-01-05T18:58:30","slug":"einsatz-vom-08-12-21-vu-mit-lkw","status":"publish","type":"post","link":"https:\/\/www.ffw-berg.de\/wordpress\/einsatz-vom-08-12-21-vu-mit-lkw\/","title":{"rendered":"Einsatz vom 08.12.21 &#8211; VU mit LKW"},"content":{"rendered":"\n<div class=\"wp-block-columns has-2-columns is-layout-flex wp-container-core-columns-is-layout-9d6595d7 wp-block-columns-is-layout-flex\">\n<div class=\"wp-block-column is-layout-flow wp-block-column-is-layout-flow\">\n<p class=\"has-text-color\" style=\"color:#800000\"><strong>Nr.:<\/strong><\/p>\n\n\n\n<p class=\"has-text-color\" style=\"color:#800000\"><strong>Alarmzeit:<\/strong><\/p>\n\n\n\n<p class=\"has-text-color\" style=\"color:#800000\"><strong>Einsatzdauer:<\/strong><\/p>\n\n\n\n<p class=\"has-text-color\" style=\"color:#800000\"><strong>Einsatzort:<\/strong><\/p>\n\n\n\n<p class=\"has-text-color\" style=\"color:#800000\"><strong>Einsatzart:<\/strong><\/p>\n\n\n\n<p class=\"has-text-color\" style=\"color:#800000\"><strong>Eingesetzte Fahrzeuge:<\/strong><\/p>\n\n\n\n<p class=\"has-text-color\" style=\"color:#800000\"><strong>Einsatzmittel:<\/strong><br \/><\/p>\n<\/div>\n\n\n\n<div class=\"wp-block-column is-layout-flow wp-block-column-is-layout-flow\">\n<p>104<\/p>\n\n\n\n<p>19.54 Uhr<\/p>\n\n\n\n<p>1,40 Std.<\/p>\n\n\n\n<p>BAB A9 Fahrtrichtung S\u00fcden, Km 255<\/p>\n\n\n\n<p>THL 4 | VU mit LKW, Person eingeklemmt<\/p>\n\n\n\n<p>HLF20, LF 8\/6, VSA<\/p>\n\n\n\n<p>Verkehrslenkungsger\u00e4t<\/p>\n<\/div>\n<\/div>\n\n\n\n<hr class=\"wp-block-separator is-style-wide\"\/>\n\n\n\n<h4 class=\"wp-block-heading\"><strong>Einsatzbericht<\/strong><\/h4>\n\n\n\n<p>Die Feuerwehr Berg wurde wegen eines VU mit LKW auf BAB alarmiert.<\/p>\n\n\n\n<p>Zwischen den AS Naila\/Selbitz und dem AD Bayerisches Vogtland kam ein Gliederzug von der Fahrbahn ab und kippte auf der Spange zur A72 um.<\/p>\n\n\n\n<p>Entgegen der Meldung war der Fahrer nicht eingeklemmt, und konnte vor Eintreffen der ersten Kr\u00e4fte bereits aus dem F\u00fchrerhaus befreit werden. Durch Berg 40\/1 wurde das Unfallfahrzeug mittels Pylonen abgesichert, Berg 42\/1 mit VSA \u00fcbernahm die Vorabsicherung auf H\u00f6he der AS Naila\/Selbitz. Nachdem das THW Naila die Vorabsicherung \u00fcbernahm, konnten die Einsatzkr\u00e4fte der FF Berg aus dem Einsatz herausgel\u00f6st werden.<\/p>\n\n\n\n<hr class=\"wp-block-separator is-style-wide\"\/>\n\n\n\n<h4 class=\"wp-block-heading\">Mehr Informationen und Berichte:<\/h4>\n\n\n\n<p>Bericht der Frankenpost vom 09.12.21 <strong><a href=\"https:\/\/www.frankenpost.de\/inhalt.a9-a72-umgekippter-lastwagen-versperrt-abfahrt.6207087f-ee26-4a21-a664-020b0428efbf.html\" data-type=\"URL\" data-id=\"https:\/\/www.frankenpost.de\/inhalt.a9-a72-umgekippter-lastwagen-versperrt-abfahrt.6207087f-ee26-4a21-a664-020b0428efbf.html\" target=\"_blank\" rel=\"noreferrer noopener\">lesen Sie hier &gt;<\/a><\/strong><\/p>\n\n\n\n<p>Bericht vom Bayerischen Rundfunk&nbsp;<strong><a href=\"https:\/\/www.br.de\/nachrichten\/bayern\/schneeglaette-sattelzug-kommt-bei-selbitz-von-der-a9-ab,Sr4Lkwf\" data-type=\"URL\" data-id=\"https:\/\/www.br.de\/nachrichten\/bayern\/schneeglaette-sattelzug-kommt-bei-selbitz-von-der-a9-ab,Sr4Lkwf\" target=\"_blank\" rel=\"noreferrer noopener\">auf BR-Online hier lesen &gt;<\/a><\/strong><\/p>\n","protected":false},"excerpt":{"rendered":"<div class=\"mh-excerpt\">Nr. 104 | Zeit: 19.54 Uhr | BAB A9 Fahrtrichtung S\u00fcden | THL<\/p>\n<p>Eingesetzte Fahrzeuge:<br \/>\nHLF20, LF 8\/6, VSA<\/p><\/div>\n<p> <a class=\"mh-excerpt-more\" href=\"https:\/\/www.ffw-berg.de\/wordpress\/einsatz-vom-08-12-21-vu-mit-lkw\/\" title=\"Einsatz vom 08.12.21 &#8211; VU mit LKW\">[  Mehr &gt;&gt; ]<\/a><\/p>\n","protected":false},"author":2,"featured_media":212207,"comment_status":"closed","ping_status":"open","sticky":false,"template":"","format":"standard","meta":{"footnotes":""},"categories":[1083],"tags":[73,78,362,87,364,149,154,894,1134],"class_list":{"0":"post-216507","1":"post","2":"type-post","3":"status-publish","4":"format-standard","5":"has-post-thumbnail","7":"category-einsaetze-2021","8":"tag-einsatz","9":"tag-thl","10":"tag-vsa","11":"tag-bab-a9","12":"tag-mtw","13":"tag-lf-86","14":"tag-lkw","15":"tag-hlf20","16":"tag-einsatzabbruch"},"_links":{"self":[{"href":"https:\/\/www.ffw-berg.de\/wordpress\/wp-json\/wp\/v2\/posts\/216507","targetHints":{"allow":["GET"]}}],"collection":[{"href":"https:\/\/www.ffw-berg.de\/wordpress\/wp-json\/wp\/v2\/posts"}],"about":[{"href":"https:\/\/www.ffw-berg.de\/wordpress\/wp-json\/wp\/v2\/types\/post"}],"author":[{"embeddable":true,"href":"https:\/\/www.ffw-berg.de\/wordpress\/wp-json\/wp\/v2\/users\/2"}],"replies":[{"embeddable":true,"href":"https:\/\/www.ffw-berg.de\/wordpress\/wp-json\/wp\/v2\/comments?post=216507"}],"version-history":[{"count":0,"href":"https:\/\/www.ffw-berg.de\/wordpress\/wp-json\/wp\/v2\/posts\/216507\/revisions"}],"wp:featuredmedia":[{"embeddable":true,"href":"https:\/\/www.ffw-berg.de\/wordpress\/wp-json\/wp\/v2\/media\/212207"}],"wp:attachment":[{"href":"https:\/\/www.ffw-berg.de\/wordpress\/wp-json\/wp\/v2\/media?parent=216507"}],"wp:term":[{"taxonomy":"category","embeddable":true,"href":"https:\/\/www.ffw-berg.de\/wordpress\/wp-json\/wp\/v2\/categories?post=216507"},{"taxonomy":"post_tag","embeddable":true,"href":"https:\/\/www.ffw-berg.de\/wordpress\/wp-json\/wp\/v2\/tags?post=216507"}],"curies":[{"name":"wp","href":"https:\/\/api.w.org\/{rel}","templated":true}]}}