{"id":216521,"date":"2021-12-25T10:19:00","date_gmt":"2021-12-25T09:19:00","guid":{"rendered":"https:\/\/www.ffw-berg.de\/wordpress\/?p=216521"},"modified":"2022-01-05T19:56:38","modified_gmt":"2022-01-05T18:56:38","slug":"einsatz-vom-25-12-21-vu-mit-pkw","status":"publish","type":"post","link":"https:\/\/www.ffw-berg.de\/wordpress\/einsatz-vom-25-12-21-vu-mit-pkw\/","title":{"rendered":"Einsatz vom 25.12.21 &#8211; VU mit PKW"},"content":{"rendered":"\n<div class=\"wp-block-columns has-2-columns is-layout-flex wp-container-core-columns-is-layout-9d6595d7 wp-block-columns-is-layout-flex\">\n<div class=\"wp-block-column is-layout-flow wp-block-column-is-layout-flow\">\n<p class=\"has-text-color\" style=\"color:#800000\"><strong>Nr.:<\/strong><\/p>\n\n\n\n<p class=\"has-text-color\" style=\"color:#800000\"><strong>Alarmzeit:<\/strong><\/p>\n\n\n\n<p class=\"has-text-color\" style=\"color:#800000\"><strong>Einsatzdauer:<\/strong><\/p>\n\n\n\n<p class=\"has-text-color\" style=\"color:#800000\"><strong>Einsatzort:<\/strong><\/p>\n\n\n\n<p class=\"has-text-color\" style=\"color:#800000\"><strong>Einsatzart:<\/strong><\/p>\n\n\n\n<p class=\"has-text-color\" style=\"color:#800000\"><strong>Eingesetzte Fahrzeuge:<\/strong><\/p>\n\n\n\n<p class=\"has-text-color\" style=\"color:#800000\"><strong>Einsatzmittel:<\/strong><br \/><\/p>\n<\/div>\n\n\n\n<div class=\"wp-block-column is-layout-flow wp-block-column-is-layout-flow\">\n<p>105<\/p>\n\n\n\n<p>10.19 Uhr<\/p>\n\n\n\n<p>1,02 Std.<\/p>\n\n\n\n<p>Tank-\/ Rastanlage Frankenwald Ost, Rudolphstein<\/p>\n\n\n\n<p>THL 1 | VU mit PKW<\/p>\n\n\n\n<p>HLF20<\/p>\n\n\n\n<p>Chemische \u00d6lbindemittel, sonstiges Material<\/p>\n<\/div>\n<\/div>\n\n\n\n<hr class=\"wp-block-separator is-style-wide\"\/>\n\n\n\n<h4 class=\"wp-block-heading\"><strong>Einsatzbericht<\/strong><\/h4>\n\n\n\n<p>Die Feuerwehr Berg wurde wegen eines VU mit PKW alarmiert.<\/p>\n\n\n\n<p>Nachdem ein PKW mit einer Zapfs\u00e4ule der Tankstelle kollidierte, kam dieser auf der Seite liegend neben der stark besch\u00e4digten Zapfs\u00e4ule zum Stehen.<\/p>\n\n\n\n<p>Bereits vor Eintreffen der ersten Einsatzkr\u00e4fte konnten die Fahrzeuginsassen aus dem Fahrzeug befreit werden. Durch Mitarbeiter der Tankstelle wurde die Zapfs\u00e4ule unmittelbar nach dem Zusammensto\u00df au\u00dfer Betrieb gesetzt und stromlos geschalten, so dass die Kraftstoffversorgung unterbrochen wurde und eine weitere Gef\u00e4hrdung ausgeschlossen werden konnte.<\/p>\n\n\n\n<p>Gemeinsam mit Einsatzkr\u00e4ften der FF Rudolphstein und Tiefengr\u00fcn wurde das Unfallfahrzeug mittels Unterlegkeilen gesichert, die auslaufenden Betriebsstoffe gebunden und der Brandschutz sichergestellt.<\/p>\n\n\n\n<hr class=\"wp-block-separator has-text-color has-background has-vivid-red-background-color has-vivid-red-color is-style-wide\"\/>\n\n\n\n<h4 class=\"has-text-align-center wp-block-heading\">Einsatzfotos:<\/h4>\n\n\n\n<figure class=\"wp-block-gallery columns-2 is-cropped wp-block-gallery-1 is-layout-flex wp-block-gallery-is-layout-flex\"><ul class=\"blocks-gallery-grid\"><li class=\"blocks-gallery-item\"><figure><img loading=\"lazy\" decoding=\"async\" width=\"1080\" height=\"608\" src=\"https:\/\/www.ffw-berg.de\/wordpress\/wp-content\/uploads\/2021\/12\/2021_12_25_vu2-1080x608.jpg\" alt=\"\" data-id=\"216525\" data-full-url=\"https:\/\/www.ffw-berg.de\/wordpress\/wp-content\/uploads\/2021\/12\/2021_12_25_vu2.jpg\" data-link=\"https:\/\/www.ffw-berg.de\/wordpress\/2021_12_25_vu2\/\" class=\"wp-image-216525\" srcset=\"https:\/\/www.ffw-berg.de\/wordpress\/wp-content\/uploads\/2021\/12\/2021_12_25_vu2-1080x608.jpg 1080w, https:\/\/www.ffw-berg.de\/wordpress\/wp-content\/uploads\/2021\/12\/2021_12_25_vu2-300x169.jpg 300w, https:\/\/www.ffw-berg.de\/wordpress\/wp-content\/uploads\/2021\/12\/2021_12_25_vu2-120x68.jpg 120w, https:\/\/www.ffw-berg.de\/wordpress\/wp-content\/uploads\/2021\/12\/2021_12_25_vu2-768x432.jpg 768w, https:\/\/www.ffw-berg.de\/wordpress\/wp-content\/uploads\/2021\/12\/2021_12_25_vu2-1536x864.jpg 1536w, https:\/\/www.ffw-berg.de\/wordpress\/wp-content\/uploads\/2021\/12\/2021_12_25_vu2-678x381.jpg 678w, https:\/\/www.ffw-berg.de\/wordpress\/wp-content\/uploads\/2021\/12\/2021_12_25_vu2.jpg 1920w\" sizes=\"auto, (max-width: 1080px) 100vw, 1080px\" \/><\/figure><\/li><li class=\"blocks-gallery-item\"><figure><img loading=\"lazy\" decoding=\"async\" width=\"1080\" height=\"608\" src=\"https:\/\/www.ffw-berg.de\/wordpress\/wp-content\/uploads\/2021\/12\/2021_12_25_vu1-1080x608.jpg\" alt=\"\" data-id=\"216524\" data-full-url=\"https:\/\/www.ffw-berg.de\/wordpress\/wp-content\/uploads\/2021\/12\/2021_12_25_vu1.jpg\" data-link=\"https:\/\/www.ffw-berg.de\/wordpress\/2021_12_25_vu1\/\" class=\"wp-image-216524\" srcset=\"https:\/\/www.ffw-berg.de\/wordpress\/wp-content\/uploads\/2021\/12\/2021_12_25_vu1-1080x608.jpg 1080w, https:\/\/www.ffw-berg.de\/wordpress\/wp-content\/uploads\/2021\/12\/2021_12_25_vu1-300x169.jpg 300w, https:\/\/www.ffw-berg.de\/wordpress\/wp-content\/uploads\/2021\/12\/2021_12_25_vu1-120x68.jpg 120w, https:\/\/www.ffw-berg.de\/wordpress\/wp-content\/uploads\/2021\/12\/2021_12_25_vu1-768x432.jpg 768w, https:\/\/www.ffw-berg.de\/wordpress\/wp-content\/uploads\/2021\/12\/2021_12_25_vu1-1536x864.jpg 1536w, https:\/\/www.ffw-berg.de\/wordpress\/wp-content\/uploads\/2021\/12\/2021_12_25_vu1-678x381.jpg 678w, https:\/\/www.ffw-berg.de\/wordpress\/wp-content\/uploads\/2021\/12\/2021_12_25_vu1.jpg 1920w\" sizes=\"auto, (max-width: 1080px) 100vw, 1080px\" \/><\/figure><\/li><li class=\"blocks-gallery-item\"><figure><img loading=\"lazy\" decoding=\"async\" width=\"1080\" height=\"608\" src=\"https:\/\/www.ffw-berg.de\/wordpress\/wp-content\/uploads\/2021\/12\/2021_12_25_vu0-1080x608.jpg\" alt=\"\" data-id=\"216523\" data-full-url=\"https:\/\/www.ffw-berg.de\/wordpress\/wp-content\/uploads\/2021\/12\/2021_12_25_vu0.jpg\" data-link=\"https:\/\/www.ffw-berg.de\/wordpress\/2021_12_25_vu0\/\" class=\"wp-image-216523\" srcset=\"https:\/\/www.ffw-berg.de\/wordpress\/wp-content\/uploads\/2021\/12\/2021_12_25_vu0-1080x608.jpg 1080w, https:\/\/www.ffw-berg.de\/wordpress\/wp-content\/uploads\/2021\/12\/2021_12_25_vu0-300x169.jpg 300w, https:\/\/www.ffw-berg.de\/wordpress\/wp-content\/uploads\/2021\/12\/2021_12_25_vu0-120x68.jpg 120w, https:\/\/www.ffw-berg.de\/wordpress\/wp-content\/uploads\/2021\/12\/2021_12_25_vu0-768x432.jpg 768w, https:\/\/www.ffw-berg.de\/wordpress\/wp-content\/uploads\/2021\/12\/2021_12_25_vu0-678x381.jpg 678w, https:\/\/www.ffw-berg.de\/wordpress\/wp-content\/uploads\/2021\/12\/2021_12_25_vu0.jpg 1536w\" sizes=\"auto, (max-width: 1080px) 100vw, 1080px\" \/><\/figure><\/li><\/ul><\/figure>\n\n\n\n<h4 class=\"wp-block-heading\">Weitere Informationen und Berichte<\/h4>\n\n\n\n<p>Bericht der <strong>Frankenpost<\/strong> <strong><a rel=\"noreferrer noopener\" href=\"https:\/\/www.frankenpost.de\/inhalt.rastanlage-frankenwald-auto-rammt-zapfsaeule-und-ueberschlaegt-sich.ce9066b2-725d-47e1-a2f2-67c01aa39d77.html?fbclid=IwAR1e-NX3k9gYGHFWepnX0jblCOv5NxeC9nB_rWOXRt77R3Tg9nl4PxLvKLQ\" data-type=\"URL\" data-id=\"https:\/\/www.frankenpost.de\/inhalt.rastanlage-frankenwald-auto-rammt-zapfsaeule-und-ueberschlaegt-sich.ce9066b2-725d-47e1-a2f2-67c01aa39d77.html?fbclid=IwAR1e-NX3k9gYGHFWepnX0jblCOv5NxeC9nB_rWOXRt77R3Tg9nl4PxLvKLQ\" target=\"_blank\">vom 25.12.21 hier &gt;<\/a><\/strong><\/p>\n\n\n\n<p>Bericht\/Video von <strong>BR24 des Bayerischen Rundfunks<\/strong> vom <strong><a rel=\"noreferrer noopener\" href=\"https:\/\/www.br.de\/nachrichten\/bayern\/a9-auto-rammt-zapfsaeule-auf-rastanlage-frankenwald-ost-und-kippt-um,SsbIk3N?fbclid=IwAR2duRQ_lopiDRzKDywebSTbVp448bw8tkelMFAIfP6-XcxM5TrFgp_pfaA\" data-type=\"URL\" data-id=\"https:\/\/www.br.de\/nachrichten\/bayern\/a9-auto-rammt-zapfsaeule-auf-rastanlage-frankenwald-ost-und-kippt-um,SsbIk3N?fbclid=IwAR2duRQ_lopiDRzKDywebSTbVp448bw8tkelMFAIfP6-XcxM5TrFgp_pfaA\" target=\"_blank\">25.12.21 hier ><\/a><\/strong><\/p>\n","protected":false},"excerpt":{"rendered":"<div class=\"mh-excerpt\">Nr. 105 | Zeit: 10.19 Uhr | Tank-\/ Rastanlage Frankenwald Ost, Rudolphstein | THL<\/p>\n<p>Eingesetzte Fahrzeuge:<br \/>\nHLF20<\/p><\/div>\n<p> <a class=\"mh-excerpt-more\" href=\"https:\/\/www.ffw-berg.de\/wordpress\/einsatz-vom-25-12-21-vu-mit-pkw\/\" title=\"Einsatz vom 25.12.21 &#8211; VU mit PKW\">[  Mehr &gt;&gt; ]<\/a><\/p>\n","protected":false},"author":2,"featured_media":216523,"comment_status":"closed","ping_status":"open","sticky":false,"template":"","format":"standard","meta":{"footnotes":""},"categories":[1083],"tags":[73,78,147,163,894,1151],"class_list":{"0":"post-216521","1":"post","2":"type-post","3":"status-publish","4":"format-standard","5":"has-post-thumbnail","7":"category-einsaetze-2021","8":"tag-einsatz","9":"tag-thl","10":"tag-kommunikationsmittel","11":"tag-vu-mit-pkw","12":"tag-hlf20","13":"tag-verkehrslenkungsmittel"},"_links":{"self":[{"href":"https:\/\/www.ffw-berg.de\/wordpress\/wp-json\/wp\/v2\/posts\/216521","targetHints":{"allow":["GET"]}}],"collection":[{"href":"https:\/\/www.ffw-berg.de\/wordpress\/wp-json\/wp\/v2\/posts"}],"about":[{"href":"https:\/\/www.ffw-berg.de\/wordpress\/wp-json\/wp\/v2\/types\/post"}],"author":[{"embeddable":true,"href":"https:\/\/www.ffw-berg.de\/wordpress\/wp-json\/wp\/v2\/users\/2"}],"replies":[{"embeddable":true,"href":"https:\/\/www.ffw-berg.de\/wordpress\/wp-json\/wp\/v2\/comments?post=216521"}],"version-history":[{"count":0,"href":"https:\/\/www.ffw-berg.de\/wordpress\/wp-json\/wp\/v2\/posts\/216521\/revisions"}],"wp:featuredmedia":[{"embeddable":true,"href":"https:\/\/www.ffw-berg.de\/wordpress\/wp-json\/wp\/v2\/media\/216523"}],"wp:attachment":[{"href":"https:\/\/www.ffw-berg.de\/wordpress\/wp-json\/wp\/v2\/media?parent=216521"}],"wp:term":[{"taxonomy":"category","embeddable":true,"href":"https:\/\/www.ffw-berg.de\/wordpress\/wp-json\/wp\/v2\/categories?post=216521"},{"taxonomy":"post_tag","embeddable":true,"href":"https:\/\/www.ffw-berg.de\/wordpress\/wp-json\/wp\/v2\/tags?post=216521"}],"curies":[{"name":"wp","href":"https:\/\/api.w.org\/{rel}","templated":true}]}}