{"id":216596,"date":"2022-02-06T19:44:00","date_gmt":"2022-02-06T18:44:00","guid":{"rendered":"https:\/\/www.ffw-berg.de\/wordpress\/?p=216596"},"modified":"2023-01-07T10:49:10","modified_gmt":"2023-01-07T09:49:10","slug":"einsatz-vom-06-02-22-thl-hochwasser","status":"publish","type":"post","link":"https:\/\/www.ffw-berg.de\/wordpress\/einsatz-vom-06-02-22-thl-hochwasser\/","title":{"rendered":"Einsatz vom 06.02.22 &#8211; THL &#8211; Hochwasser"},"content":{"rendered":"\n<div class=\"wp-block-columns has-2-columns is-layout-flex wp-container-core-columns-is-layout-9d6595d7 wp-block-columns-is-layout-flex\">\n<div class=\"wp-block-column is-layout-flow wp-block-column-is-layout-flow\">\n<p class=\"has-text-color\" style=\"color:#800000\"><strong>Nr.:<\/strong><\/p>\n\n\n\n<p class=\"has-text-color\" style=\"color:#800000\"><strong>Alarmzeit:<\/strong><\/p>\n\n\n\n<p class=\"has-text-color\" style=\"color:#800000\"><strong>Einsatzdauer:<\/strong><\/p>\n\n\n\n<p class=\"has-text-color\" style=\"color:#800000\"><strong>Einsatzort:<\/strong><\/p>\n\n\n\n<p class=\"has-text-color\" style=\"color:#800000\"><strong>Einsatzart:<\/strong><\/p>\n\n\n\n<p class=\"has-text-color\" style=\"color:#800000\"><strong>Eingesetzte Fahrzeuge:<\/strong><\/p>\n\n\n\n<p class=\"has-text-color\" style=\"color:#800000\"><strong>Einsatzmittel:<\/strong><br \/><\/p>\n<\/div>\n\n\n\n<div class=\"wp-block-column is-layout-flow wp-block-column-is-layout-flow\">\n<p>05<\/p>\n\n\n\n<p>19.44 Uhr<\/p>\n\n\n\n<p>1,25 Std.<\/p>\n\n\n\n<p>Espichweg, Berg<\/p>\n\n\n\n<p>THL 1 | Stra\u00dfe \u00fcberschwemmt<\/p>\n\n\n\n<p>HLF20<\/p>\n\n\n\n<p>Tauchpumpe, Tragkraftspritze, sonstiges Material<\/p>\n<\/div>\n<\/div>\n\n\n\n<hr class=\"wp-block-separator is-style-wide\"\/>\n\n\n\n<h4 class=\"wp-block-heading\" id=\"einsatzbericht\"><strong>Einsatzbericht<\/strong><\/h4>\n\n\n\n<p>Die Feuerwehr Berg wurde wegen \u00fcberschwemmter Stra\u00dfe alarmiert.<\/p>\n\n\n\n<p>Aufgrund ergiebigen Niederschlags und Schneeschmelze sammelte sich im Bereich des Espichweges unter der Br\u00fccke der Staatsstra\u00dfe eine gr\u00f6\u00dfere Menge Oberfl\u00e4chenwasser, welches durch mehrere verstopfte Gullis und Schachteinl\u00e4ufe nicht ablaufen konnte und in die Dorfmitte von Bruck geschwemmt wurde.<\/p>\n\n\n\n<p>Mittels Sands\u00e4cken wurde das Wasser in mehrere freie Gullis umgeleitet und ein Anwesen gesichert. Gemeinsam mit den Kameraden der FF Gottsmannsgr\u00fcn wurden zwei ca. 40 cm unter Wasser stehende Felsenkeller mittels Tragkraftspritze und Tauchpumpe abgepumpt. Des Weiteren wurden entlang des Espichwegs alle Gullis gereinigt und die Schmutzk\u00f6rbe entleert.<\/p>\n","protected":false},"excerpt":{"rendered":"<div class=\"mh-excerpt\">Nr. 05 | Zeit: 19.44 Uhr | Espichweg, Berg| THL<\/p>\n<p>Eingesetzte Fahrzeuge:<br \/>\nHLF20<\/p><\/div>\n<p> <a class=\"mh-excerpt-more\" href=\"https:\/\/www.ffw-berg.de\/wordpress\/einsatz-vom-06-02-22-thl-hochwasser\/\" title=\"Einsatz vom 06.02.22 &#8211; THL &#8211; Hochwasser\">[  Mehr &gt;&gt; ]<\/a><\/p>\n","protected":false},"author":2,"featured_media":212207,"comment_status":"closed","ping_status":"open","sticky":false,"template":"","format":"standard","meta":{"footnotes":""},"categories":[1154],"tags":[73,78,390,618,894,1315,1316],"class_list":{"0":"post-216596","1":"post","2":"type-post","3":"status-publish","4":"format-standard","5":"has-post-thumbnail","7":"category-einsaetze-2022","8":"tag-einsatz","9":"tag-thl","10":"tag-sonstiges-materialgeraet","11":"tag-tauchpumpe","12":"tag-hlf20","13":"tag-tragkraftspritze","14":"tag-ueberschwemmung"},"_links":{"self":[{"href":"https:\/\/www.ffw-berg.de\/wordpress\/wp-json\/wp\/v2\/posts\/216596","targetHints":{"allow":["GET"]}}],"collection":[{"href":"https:\/\/www.ffw-berg.de\/wordpress\/wp-json\/wp\/v2\/posts"}],"about":[{"href":"https:\/\/www.ffw-berg.de\/wordpress\/wp-json\/wp\/v2\/types\/post"}],"author":[{"embeddable":true,"href":"https:\/\/www.ffw-berg.de\/wordpress\/wp-json\/wp\/v2\/users\/2"}],"replies":[{"embeddable":true,"href":"https:\/\/www.ffw-berg.de\/wordpress\/wp-json\/wp\/v2\/comments?post=216596"}],"version-history":[{"count":0,"href":"https:\/\/www.ffw-berg.de\/wordpress\/wp-json\/wp\/v2\/posts\/216596\/revisions"}],"wp:featuredmedia":[{"embeddable":true,"href":"https:\/\/www.ffw-berg.de\/wordpress\/wp-json\/wp\/v2\/media\/212207"}],"wp:attachment":[{"href":"https:\/\/www.ffw-berg.de\/wordpress\/wp-json\/wp\/v2\/media?parent=216596"}],"wp:term":[{"taxonomy":"category","embeddable":true,"href":"https:\/\/www.ffw-berg.de\/wordpress\/wp-json\/wp\/v2\/categories?post=216596"},{"taxonomy":"post_tag","embeddable":true,"href":"https:\/\/www.ffw-berg.de\/wordpress\/wp-json\/wp\/v2\/tags?post=216596"}],"curies":[{"name":"wp","href":"https:\/\/api.w.org\/{rel}","templated":true}]}}