{"id":216797,"date":"2022-02-17T06:45:00","date_gmt":"2022-02-17T05:45:00","guid":{"rendered":"https:\/\/www.ffw-berg.de\/wordpress\/?p=216797"},"modified":"2023-01-07T10:48:19","modified_gmt":"2023-01-07T09:48:19","slug":"einsatz-vom-17-02-22-besetzung-afuest","status":"publish","type":"post","link":"https:\/\/www.ffw-berg.de\/wordpress\/einsatz-vom-17-02-22-besetzung-afuest\/","title":{"rendered":"Einsatz vom 17.02.22 &#8211; Besetzung AF\u00fcSt"},"content":{"rendered":"\n<div class=\"wp-block-columns has-2-columns is-layout-flex wp-container-core-columns-is-layout-9d6595d7 wp-block-columns-is-layout-flex\">\n<div class=\"wp-block-column is-layout-flow wp-block-column-is-layout-flow\">\n<p class=\"has-text-color\" style=\"color:#800000\"><strong>Nr.<\/strong><\/p>\n\n\n\n<p class=\"has-text-color\" style=\"color:#800000\"><strong>Alarmzeit<\/strong><\/p>\n\n\n\n<p class=\"has-text-color\" style=\"color:#800000\"><strong>Einsatzdauer<\/strong><\/p>\n\n\n\n<p class=\"has-text-color\" style=\"color:#800000\"><strong>Einsatzort<\/strong><\/p>\n\n\n\n<p class=\"has-text-color\" style=\"color:#800000\"><strong>Einsatzart&nbsp;<\/strong><\/p>\n\n\n\n<p class=\"has-text-color\" style=\"color:#800000\"><strong>Eingesetzte Fahrzeuge&nbsp;<\/strong><\/p>\n\n\n\n<p class=\"has-text-color\" style=\"color:#800000\"><strong>Einsatzmittel<\/strong><\/p>\n<\/div>\n\n\n\n<div class=\"wp-block-column is-layout-flow wp-block-column-is-layout-flow\">\n<p>10<\/p>\n\n\n\n<p>06.45 Uhr<\/p>\n\n\n\n<p>08,75 Std.<\/p>\n\n\n\n<p>Ger\u00e4tehaus, Einsatzabschnittsf\u00fchrungsstelle<\/p>\n\n\n\n<p>Besetzen der AF\u00fcSt<\/p>\n\n\n\n<p>keine<\/p>\n\n\n\n<p>Kommunikation- und EDV-Mittel<\/p>\n<\/div>\n<\/div>\n\n\n\n<hr class=\"wp-block-separator is-style-wide\"\/>\n\n\n\n<h4 class=\"wp-block-heading\"><strong><span style=\"font-family: arial, helvetica, sans-serif;color: #993300\">Einsatzbericht<\/span><\/strong><\/h4>\n\n\n\n<p>Wachbesetzung aufgrund Sturmtief &#8222;Ylenia&#8220;.<\/p>\n\n\n\n<p>Nach Abschw\u00e4chen des Sturmtiefs wurden die AF\u00fcSt Berg und Issigau gegen 11:00 Uhr zusammengefasst und bis 15:00 Uhr im Ger\u00e4tehaus Berg mit Personal besetzt.<\/p>\n","protected":false},"excerpt":{"rendered":"<div class=\"mh-excerpt\">Nr. 10 | Zeit: 06.45 Uhr | Ger\u00e4tehaus, Berg| THL<\/p>\n<p>Eingesetzte Fahrzeuge: keine<\/p><\/div>\n<p> <a class=\"mh-excerpt-more\" href=\"https:\/\/www.ffw-berg.de\/wordpress\/einsatz-vom-17-02-22-besetzung-afuest\/\" title=\"Einsatz vom 17.02.22 &#8211; Besetzung AF\u00fcSt\">[  Mehr &gt;&gt; ]<\/a><\/p>\n","protected":false},"author":2,"featured_media":212207,"comment_status":"closed","ping_status":"open","sticky":false,"template":"","format":"standard","meta":{"footnotes":""},"categories":[1154],"tags":[78,253,875,1319],"class_list":{"0":"post-216797","1":"post","2":"type-post","3":"status-publish","4":"format-standard","5":"has-post-thumbnail","7":"category-einsaetze-2022","8":"tag-thl","9":"tag-geraetehaus","10":"tag-sturmschaden","11":"tag-einsatzabschnittsfuehrungsstelle"},"_links":{"self":[{"href":"https:\/\/www.ffw-berg.de\/wordpress\/wp-json\/wp\/v2\/posts\/216797","targetHints":{"allow":["GET"]}}],"collection":[{"href":"https:\/\/www.ffw-berg.de\/wordpress\/wp-json\/wp\/v2\/posts"}],"about":[{"href":"https:\/\/www.ffw-berg.de\/wordpress\/wp-json\/wp\/v2\/types\/post"}],"author":[{"embeddable":true,"href":"https:\/\/www.ffw-berg.de\/wordpress\/wp-json\/wp\/v2\/users\/2"}],"replies":[{"embeddable":true,"href":"https:\/\/www.ffw-berg.de\/wordpress\/wp-json\/wp\/v2\/comments?post=216797"}],"version-history":[{"count":0,"href":"https:\/\/www.ffw-berg.de\/wordpress\/wp-json\/wp\/v2\/posts\/216797\/revisions"}],"wp:featuredmedia":[{"embeddable":true,"href":"https:\/\/www.ffw-berg.de\/wordpress\/wp-json\/wp\/v2\/media\/212207"}],"wp:attachment":[{"href":"https:\/\/www.ffw-berg.de\/wordpress\/wp-json\/wp\/v2\/media?parent=216797"}],"wp:term":[{"taxonomy":"category","embeddable":true,"href":"https:\/\/www.ffw-berg.de\/wordpress\/wp-json\/wp\/v2\/categories?post=216797"},{"taxonomy":"post_tag","embeddable":true,"href":"https:\/\/www.ffw-berg.de\/wordpress\/wp-json\/wp\/v2\/tags?post=216797"}],"curies":[{"name":"wp","href":"https:\/\/api.w.org\/{rel}","templated":true}]}}