{"id":216834,"date":"2022-05-04T11:59:00","date_gmt":"2022-05-04T09:59:00","guid":{"rendered":"https:\/\/www.ffw-berg.de\/wordpress\/?p=216834"},"modified":"2023-01-07T10:46:45","modified_gmt":"2023-01-07T09:46:45","slug":"einsatz-vom-04-05-22-brand-traktor","status":"publish","type":"post","link":"https:\/\/www.ffw-berg.de\/wordpress\/einsatz-vom-04-05-22-brand-traktor\/","title":{"rendered":"Einsatz vom 04.05.22 &#8211; Brand Traktor"},"content":{"rendered":"\n<div class=\"wp-block-columns has-2-columns is-layout-flex wp-container-core-columns-is-layout-9d6595d7 wp-block-columns-is-layout-flex\">\n<div class=\"wp-block-column is-layout-flow wp-block-column-is-layout-flow\">\n<p class=\"has-text-color\" style=\"color:#800000\"><strong>Nr.:<\/strong><\/p>\n\n\n\n<p class=\"has-text-color\" style=\"color:#800000\"><strong>Alarmzeit:<\/strong><\/p>\n\n\n\n<p class=\"has-text-color\" style=\"color:#800000\"><strong>Einsatzdauer:<\/strong><\/p>\n\n\n\n<p class=\"has-text-color\" style=\"color:#800000\"><strong>Einsatzort:<\/strong><\/p>\n\n\n\n<p class=\"has-text-color\" style=\"color:#800000\"><strong>Einsatzart:<\/strong><\/p>\n\n\n\n<p class=\"has-text-color\" style=\"color:#800000\"><strong>Eingesetzte Fahrzeuge:<\/strong><\/p>\n\n\n\n<p class=\"has-text-color\" style=\"color:#800000\"><strong>Einsatzmittel:<\/strong><br \/><\/p>\n<\/div>\n\n\n\n<div class=\"wp-block-column is-layout-flow wp-block-column-is-layout-flow\">\n<p>21<\/p>\n\n\n\n<p>11.59 Uhr<\/p>\n\n\n\n<p>1,40 Std.<\/p>\n\n\n\n<p>Maihof, Berg<\/p>\n\n\n\n<p>B3 | Brand landwirt. Fahrzeug<\/p>\n\n\n\n<p>HLF20, LF 8\/6<\/p>\n\n\n\n<p>Fahrzeugl\u00f6schwasserbeh\u00e4lter 2000 ltr, WBK, C-\/D-Rohre, Sonderl\u00f6schmittel Schaum, sonstiges Ger\u00e4t<\/p>\n<\/div>\n<\/div>\n\n\n\n<hr class=\"wp-block-separator is-style-wide\"\/>\n\n\n\n<h4 class=\"wp-block-heading\"><strong>Einsatzbericht<\/strong><\/h4>\n\n\n\n<p>Die Feuerwehr Berg wurde wegen eines Traktor-Brandes alarmiert.<\/p>\n\n\n\n<p>Bei Ankunft stand das Fahrzeug in Brand. Brandbek\u00e4mpfung mit L\u00f6schwasser und Sonderl\u00f6schmittel. Brandnachschau mit WBK.<\/p>\n\n\n\n<hr class=\"wp-block-separator is-style-wide\"\/>\n\n\n\n<h4 class=\"has-text-align-center wp-block-heading\">Einsatzfotos<\/h4>\n\n\n\n<figure class=\"wp-block-gallery has-nested-images columns-2 is-cropped wp-block-gallery-1 is-layout-flex wp-block-gallery-is-layout-flex\">\n<figure class=\"wp-block-image size-large\"><a href=\"https:\/\/www.ffw-berg.de\/wordpress\/wp-content\/uploads\/2022\/05\/2022_05_04_b_traktor0.jpg\"><img loading=\"lazy\" decoding=\"async\" width=\"1321\" height=\"743\" data-id=\"216839\" src=\"https:\/\/www.ffw-berg.de\/wordpress\/wp-content\/uploads\/2022\/05\/2022_05_04_b_traktor0.jpg\" alt=\"\" class=\"wp-image-216839\" srcset=\"https:\/\/www.ffw-berg.de\/wordpress\/wp-content\/uploads\/2022\/05\/2022_05_04_b_traktor0.jpg 1321w, https:\/\/www.ffw-berg.de\/wordpress\/wp-content\/uploads\/2022\/05\/2022_05_04_b_traktor0-300x169.jpg 300w, https:\/\/www.ffw-berg.de\/wordpress\/wp-content\/uploads\/2022\/05\/2022_05_04_b_traktor0-1080x607.jpg 1080w, https:\/\/www.ffw-berg.de\/wordpress\/wp-content\/uploads\/2022\/05\/2022_05_04_b_traktor0-120x67.jpg 120w, https:\/\/www.ffw-berg.de\/wordpress\/wp-content\/uploads\/2022\/05\/2022_05_04_b_traktor0-768x432.jpg 768w, https:\/\/www.ffw-berg.de\/wordpress\/wp-content\/uploads\/2022\/05\/2022_05_04_b_traktor0-678x381.jpg 678w\" sizes=\"auto, (max-width: 1321px) 100vw, 1321px\" \/><\/a><\/figure>\n\n\n\n<figure class=\"wp-block-image size-large\"><a href=\"https:\/\/www.ffw-berg.de\/wordpress\/wp-content\/uploads\/2022\/05\/2022_05_04_b_traktor2.jpg\"><img loading=\"lazy\" decoding=\"async\" width=\"1500\" height=\"843\" data-id=\"216841\" src=\"https:\/\/www.ffw-berg.de\/wordpress\/wp-content\/uploads\/2022\/05\/2022_05_04_b_traktor2.jpg\" alt=\"\" class=\"wp-image-216841\" srcset=\"https:\/\/www.ffw-berg.de\/wordpress\/wp-content\/uploads\/2022\/05\/2022_05_04_b_traktor2.jpg 1500w, https:\/\/www.ffw-berg.de\/wordpress\/wp-content\/uploads\/2022\/05\/2022_05_04_b_traktor2-300x169.jpg 300w, https:\/\/www.ffw-berg.de\/wordpress\/wp-content\/uploads\/2022\/05\/2022_05_04_b_traktor2-1080x607.jpg 1080w, https:\/\/www.ffw-berg.de\/wordpress\/wp-content\/uploads\/2022\/05\/2022_05_04_b_traktor2-120x67.jpg 120w, https:\/\/www.ffw-berg.de\/wordpress\/wp-content\/uploads\/2022\/05\/2022_05_04_b_traktor2-768x432.jpg 768w, https:\/\/www.ffw-berg.de\/wordpress\/wp-content\/uploads\/2022\/05\/2022_05_04_b_traktor2-678x381.jpg 678w\" sizes=\"auto, (max-width: 1500px) 100vw, 1500px\" \/><\/a><\/figure>\n\n\n\n<figure class=\"wp-block-image size-large\"><a href=\"https:\/\/www.ffw-berg.de\/wordpress\/wp-content\/uploads\/2022\/05\/2022_05_04_b_traktor1.jpg\"><img loading=\"lazy\" decoding=\"async\" width=\"1920\" height=\"1080\" data-id=\"216840\" src=\"https:\/\/www.ffw-berg.de\/wordpress\/wp-content\/uploads\/2022\/05\/2022_05_04_b_traktor1.jpg\" alt=\"\" class=\"wp-image-216840\" srcset=\"https:\/\/www.ffw-berg.de\/wordpress\/wp-content\/uploads\/2022\/05\/2022_05_04_b_traktor1.jpg 1920w, https:\/\/www.ffw-berg.de\/wordpress\/wp-content\/uploads\/2022\/05\/2022_05_04_b_traktor1-300x169.jpg 300w, https:\/\/www.ffw-berg.de\/wordpress\/wp-content\/uploads\/2022\/05\/2022_05_04_b_traktor1-1080x608.jpg 1080w, https:\/\/www.ffw-berg.de\/wordpress\/wp-content\/uploads\/2022\/05\/2022_05_04_b_traktor1-120x68.jpg 120w, https:\/\/www.ffw-berg.de\/wordpress\/wp-content\/uploads\/2022\/05\/2022_05_04_b_traktor1-768x432.jpg 768w, https:\/\/www.ffw-berg.de\/wordpress\/wp-content\/uploads\/2022\/05\/2022_05_04_b_traktor1-1536x864.jpg 1536w, https:\/\/www.ffw-berg.de\/wordpress\/wp-content\/uploads\/2022\/05\/2022_05_04_b_traktor1-678x381.jpg 678w\" sizes=\"auto, (max-width: 1920px) 100vw, 1920px\" \/><\/a><\/figure>\n<\/figure>\n\n\n\n<hr class=\"wp-block-separator is-style-wide\"\/>\n\n\n\n<h4 class=\"wp-block-heading\">Weitere Berichte:<\/h4>\n\n\n\n<p>Bericht mit Bildern der Frankenpost vom 04.05.22 <a rel=\"noreferrer noopener\" href=\"https:\/\/www.frankenpost.de\/inhalt.berg-traktor-in-flammen-landwirt-verhindert-schlimmeres.29acbc1c-c100-4a32-bd09-99179214f8a2.html\" data-type=\"URL\" data-id=\"https:\/\/www.frankenpost.de\/inhalt.berg-traktor-in-flammen-landwirt-verhindert-schlimmeres.29acbc1c-c100-4a32-bd09-99179214f8a2.html\" target=\"_blank\"><strong>hier nachlesen ><\/strong><\/a><\/p>\n","protected":false},"excerpt":{"rendered":"<div class=\"mh-excerpt\">Nr. 21 | Zeit: 11.59 Uhr | Maihof, Berg| B<\/p>\n<p>Eingesetzte Fahrzeuge:<br \/>\nHLF20, LF 8\/6<\/p><\/div>\n<p> <a class=\"mh-excerpt-more\" href=\"https:\/\/www.ffw-berg.de\/wordpress\/einsatz-vom-04-05-22-brand-traktor\/\" title=\"Einsatz vom 04.05.22 &#8211; Brand Traktor\">[  Mehr &gt;&gt; ]<\/a><\/p>\n","protected":false},"author":2,"featured_media":216841,"comment_status":"closed","ping_status":"open","sticky":false,"template":"","format":"standard","meta":{"footnotes":""},"categories":[1154],"tags":[71,72,73,82,567,801,894,1323,1324],"class_list":{"0":"post-216834","1":"post","2":"type-post","3":"status-publish","4":"format-standard","5":"has-post-thumbnail","7":"category-einsaetze-2022","8":"tag-wbk","9":"tag-brand","10":"tag-einsatz","11":"tag-lf86","12":"tag-c-d-rohre","13":"tag-sonderloeschmittel","14":"tag-hlf20","15":"tag-feuerwehrfahrzeugloeschwasser","16":"tag-brand-traktor"},"_links":{"self":[{"href":"https:\/\/www.ffw-berg.de\/wordpress\/wp-json\/wp\/v2\/posts\/216834","targetHints":{"allow":["GET"]}}],"collection":[{"href":"https:\/\/www.ffw-berg.de\/wordpress\/wp-json\/wp\/v2\/posts"}],"about":[{"href":"https:\/\/www.ffw-berg.de\/wordpress\/wp-json\/wp\/v2\/types\/post"}],"author":[{"embeddable":true,"href":"https:\/\/www.ffw-berg.de\/wordpress\/wp-json\/wp\/v2\/users\/2"}],"replies":[{"embeddable":true,"href":"https:\/\/www.ffw-berg.de\/wordpress\/wp-json\/wp\/v2\/comments?post=216834"}],"version-history":[{"count":0,"href":"https:\/\/www.ffw-berg.de\/wordpress\/wp-json\/wp\/v2\/posts\/216834\/revisions"}],"wp:featuredmedia":[{"embeddable":true,"href":"https:\/\/www.ffw-berg.de\/wordpress\/wp-json\/wp\/v2\/media\/216841"}],"wp:attachment":[{"href":"https:\/\/www.ffw-berg.de\/wordpress\/wp-json\/wp\/v2\/media?parent=216834"}],"wp:term":[{"taxonomy":"category","embeddable":true,"href":"https:\/\/www.ffw-berg.de\/wordpress\/wp-json\/wp\/v2\/categories?post=216834"},{"taxonomy":"post_tag","embeddable":true,"href":"https:\/\/www.ffw-berg.de\/wordpress\/wp-json\/wp\/v2\/tags?post=216834"}],"curies":[{"name":"wp","href":"https:\/\/api.w.org\/{rel}","templated":true}]}}