{"id":216848,"date":"2022-05-10T19:01:00","date_gmt":"2022-05-10T17:01:00","guid":{"rendered":"https:\/\/www.ffw-berg.de\/wordpress\/?p=216848"},"modified":"2023-01-07T10:46:31","modified_gmt":"2023-01-07T09:46:31","slug":"einsatz-vom-10-05-22-vu-mit-pkw","status":"publish","type":"post","link":"https:\/\/www.ffw-berg.de\/wordpress\/einsatz-vom-10-05-22-vu-mit-pkw\/","title":{"rendered":"Einsatz vom 10.05.22 &#8211; VU mit PKW"},"content":{"rendered":"\n<div class=\"wp-block-columns has-2-columns is-layout-flex wp-container-core-columns-is-layout-9d6595d7 wp-block-columns-is-layout-flex\">\n<div class=\"wp-block-column is-layout-flow wp-block-column-is-layout-flow\">\n<p class=\"has-text-color\" style=\"color:#800000\"><strong>Nr.:<\/strong><\/p>\n\n\n\n<p class=\"has-text-color\" style=\"color:#800000\"><strong>Alarmzeit:<\/strong><\/p>\n\n\n\n<p class=\"has-text-color\" style=\"color:#800000\"><strong>Einsatzdauer:<\/strong><\/p>\n\n\n\n<p class=\"has-text-color\" style=\"color:#800000\"><strong>Einsatzort:<\/strong><\/p>\n\n\n\n<p class=\"has-text-color\" style=\"color:#800000\"><strong>Einsatzart:<\/strong><\/p>\n\n\n\n<p class=\"has-text-color\" style=\"color:#800000\"><strong>Eingesetzte Fahrzeuge:<\/strong><\/p>\n\n\n\n<p class=\"has-text-color\" style=\"color:#800000\"><strong>Einsatzmittel:<\/strong><br \/><\/p>\n<\/div>\n\n\n\n<div class=\"wp-block-column is-layout-flow wp-block-column-is-layout-flow\">\n<p>23<\/p>\n\n\n\n<p>17.59 Uhr<\/p>\n\n\n\n<p>2,70 Std.<\/p>\n\n\n\n<p>BAB A9 Fahrtrichtung S\u00fcden, Km 254<\/p>\n\n\n\n<p>THL 3 | VU mit PKW, P eingeklemmt<\/p>\n\n\n\n<p>HLF20, LF 8\/6, VSA, MTW<\/p>\n\n\n\n<p>Kommunikationsmittel, Verkehrslenkungsmittel, sonstiges Material<\/p>\n<\/div>\n<\/div>\n\n\n\n<hr class=\"wp-block-separator is-style-wide\"\/>\n\n\n\n<h4 class=\"wp-block-heading\"><strong>Einsatzbericht<\/strong><\/h4>\n\n\n\n<p>Die Feuerwehr Berg wurde wegen eines VU mit PKW alarmiert.<\/p>\n\n\n\n<p>Ein PKW kam im Abfahrtsbereich der AS Naila\/Selbitz von der Fahrbahn ab, kollidierte mit der Leitplanke, \u00fcberschlug sich und kam schlie\u00dflich auf der Seite liegend hinter der Leitplanke zum Stehen.<\/p>\n\n\n\n<p>Der Fahrer des Unfall-PKW konnte sich noch vor Eintreffen der ersten Einsatzkr\u00e4fte mit Hilfe von Ersthelfern selbstst\u00e4ndig aus dem Fahrzeug befreien. Mittels Berg 42\/1 mit VSA und Berg 14\/1 wurde die Abfahrt der AS Naila\/Selbitz komplett gesperrt. Berg 40\/1 \u00fcbernahm die Sicherstellung des Brandschutzes und Sperrung des Auffahrtsbereich an der B173 in Fahrtrichtung M\u00fcnchen. Nach Abschluss der Unfallaufnahme wurde au\u00dferdem die Fahrbahn von Erdreich und Tr\u00fcmmerteilen ges\u00e4ubert. Im weiteren Einsatzverlauf \u00fcbernahm die VPI Hof die Absicherung der Einsatzstelle.<\/p>\n\n\n\n<hr class=\"wp-block-separator has-text-color has-background has-vivid-red-background-color has-vivid-red-color is-style-wide\"\/>\n\n\n\n<h4 class=\"has-text-align-center wp-block-heading\">Einsatzfotos:<\/h4>\n\n\n\n<figure class=\"wp-block-gallery has-nested-images columns-2 is-cropped wp-block-gallery-1 is-layout-flex wp-block-gallery-is-layout-flex\">\n<figure class=\"wp-block-image size-large\"><a href=\"https:\/\/www.ffw-berg.de\/wordpress\/wp-content\/uploads\/2022\/05\/2022_05_10_vuP1.jpg\"><img loading=\"lazy\" decoding=\"async\" width=\"1920\" height=\"1080\" data-id=\"216837\" src=\"https:\/\/www.ffw-berg.de\/wordpress\/wp-content\/uploads\/2022\/05\/2022_05_10_vuP1.jpg\" alt=\"\" class=\"wp-image-216837\" srcset=\"https:\/\/www.ffw-berg.de\/wordpress\/wp-content\/uploads\/2022\/05\/2022_05_10_vuP1.jpg 1920w, https:\/\/www.ffw-berg.de\/wordpress\/wp-content\/uploads\/2022\/05\/2022_05_10_vuP1-300x169.jpg 300w, https:\/\/www.ffw-berg.de\/wordpress\/wp-content\/uploads\/2022\/05\/2022_05_10_vuP1-1080x608.jpg 1080w, https:\/\/www.ffw-berg.de\/wordpress\/wp-content\/uploads\/2022\/05\/2022_05_10_vuP1-120x68.jpg 120w, https:\/\/www.ffw-berg.de\/wordpress\/wp-content\/uploads\/2022\/05\/2022_05_10_vuP1-768x432.jpg 768w, https:\/\/www.ffw-berg.de\/wordpress\/wp-content\/uploads\/2022\/05\/2022_05_10_vuP1-1536x864.jpg 1536w, https:\/\/www.ffw-berg.de\/wordpress\/wp-content\/uploads\/2022\/05\/2022_05_10_vuP1-678x381.jpg 678w\" sizes=\"auto, (max-width: 1920px) 100vw, 1920px\" \/><\/a><\/figure>\n\n\n\n<figure class=\"wp-block-image size-large\"><a href=\"https:\/\/www.ffw-berg.de\/wordpress\/wp-content\/uploads\/2022\/05\/2022_05_10_vuP2.jpg\"><img loading=\"lazy\" decoding=\"async\" width=\"1920\" height=\"1080\" data-id=\"216838\" src=\"https:\/\/www.ffw-berg.de\/wordpress\/wp-content\/uploads\/2022\/05\/2022_05_10_vuP2.jpg\" alt=\"\" class=\"wp-image-216838\" srcset=\"https:\/\/www.ffw-berg.de\/wordpress\/wp-content\/uploads\/2022\/05\/2022_05_10_vuP2.jpg 1920w, https:\/\/www.ffw-berg.de\/wordpress\/wp-content\/uploads\/2022\/05\/2022_05_10_vuP2-300x169.jpg 300w, https:\/\/www.ffw-berg.de\/wordpress\/wp-content\/uploads\/2022\/05\/2022_05_10_vuP2-1080x608.jpg 1080w, https:\/\/www.ffw-berg.de\/wordpress\/wp-content\/uploads\/2022\/05\/2022_05_10_vuP2-120x68.jpg 120w, https:\/\/www.ffw-berg.de\/wordpress\/wp-content\/uploads\/2022\/05\/2022_05_10_vuP2-768x432.jpg 768w, https:\/\/www.ffw-berg.de\/wordpress\/wp-content\/uploads\/2022\/05\/2022_05_10_vuP2-1536x864.jpg 1536w, https:\/\/www.ffw-berg.de\/wordpress\/wp-content\/uploads\/2022\/05\/2022_05_10_vuP2-678x381.jpg 678w\" sizes=\"auto, (max-width: 1920px) 100vw, 1920px\" \/><\/a><\/figure>\n\n\n\n<figure class=\"wp-block-image size-large\"><a href=\"https:\/\/www.ffw-berg.de\/wordpress\/wp-content\/uploads\/2022\/05\/2022_05_10_vuP0.jpeg\"><img loading=\"lazy\" decoding=\"async\" width=\"1920\" height=\"1080\" data-id=\"216836\" src=\"https:\/\/www.ffw-berg.de\/wordpress\/wp-content\/uploads\/2022\/05\/2022_05_10_vuP0.jpeg\" alt=\"\" class=\"wp-image-216836\" srcset=\"https:\/\/www.ffw-berg.de\/wordpress\/wp-content\/uploads\/2022\/05\/2022_05_10_vuP0.jpeg 1920w, https:\/\/www.ffw-berg.de\/wordpress\/wp-content\/uploads\/2022\/05\/2022_05_10_vuP0-300x169.jpeg 300w, https:\/\/www.ffw-berg.de\/wordpress\/wp-content\/uploads\/2022\/05\/2022_05_10_vuP0-1080x608.jpeg 1080w, https:\/\/www.ffw-berg.de\/wordpress\/wp-content\/uploads\/2022\/05\/2022_05_10_vuP0-120x68.jpeg 120w, https:\/\/www.ffw-berg.de\/wordpress\/wp-content\/uploads\/2022\/05\/2022_05_10_vuP0-768x432.jpeg 768w, https:\/\/www.ffw-berg.de\/wordpress\/wp-content\/uploads\/2022\/05\/2022_05_10_vuP0-1536x864.jpeg 1536w, https:\/\/www.ffw-berg.de\/wordpress\/wp-content\/uploads\/2022\/05\/2022_05_10_vuP0-678x381.jpeg 678w\" sizes=\"auto, (max-width: 1920px) 100vw, 1920px\" \/><\/a><\/figure>\n<\/figure>\n\n\n\n<hr class=\"wp-block-separator is-style-wide\"\/>\n\n\n\n<h4 class=\"wp-block-heading\">Weitere Berichte<\/h4>\n\n\n\n<p>Bericht TV-Oberfranken <strong><a href=\"https:\/\/www.tvo.de\/selbitz-hollaender-fliegt-an-der-a9-anschlussstelle-aus-der-kurve-587468\/\" data-type=\"URL\" data-id=\"https:\/\/www.tvo.de\/selbitz-hollaender-fliegt-an-der-a9-anschlussstelle-aus-der-kurve-587468\/\" target=\"_blank\" rel=\"noreferrer noopener\">hier nachlesen ><\/a><\/strong><\/p>\n","protected":false},"excerpt":{"rendered":"<div class=\"mh-excerpt\">Nr. 23 | Zeit: 19.01 Uhr | BAB A9 Fahrtrichtung S\u00fcden, Km 254 | THL<\/p>\n<p>Eingesetzte Fahrzeuge:<br \/>\nHLF20, LF 8\/6, VSA, MTW<\/p><\/div>\n<p> <a class=\"mh-excerpt-more\" href=\"https:\/\/www.ffw-berg.de\/wordpress\/einsatz-vom-10-05-22-vu-mit-pkw\/\" title=\"Einsatz vom 10.05.22 &#8211; VU mit PKW\">[  Mehr &gt;&gt; ]<\/a><\/p>\n","protected":false},"author":2,"featured_media":216836,"comment_status":"closed","ping_status":"open","sticky":false,"template":"","format":"standard","meta":{"footnotes":""},"categories":[1154],"tags":[73,78,82,364,147,163,894,1151],"class_list":{"0":"post-216848","1":"post","2":"type-post","3":"status-publish","4":"format-standard","5":"has-post-thumbnail","7":"category-einsaetze-2022","8":"tag-einsatz","9":"tag-thl","10":"tag-lf86","11":"tag-mtw","12":"tag-kommunikationsmittel","13":"tag-vu-mit-pkw","14":"tag-hlf20","15":"tag-verkehrslenkungsmittel"},"_links":{"self":[{"href":"https:\/\/www.ffw-berg.de\/wordpress\/wp-json\/wp\/v2\/posts\/216848","targetHints":{"allow":["GET"]}}],"collection":[{"href":"https:\/\/www.ffw-berg.de\/wordpress\/wp-json\/wp\/v2\/posts"}],"about":[{"href":"https:\/\/www.ffw-berg.de\/wordpress\/wp-json\/wp\/v2\/types\/post"}],"author":[{"embeddable":true,"href":"https:\/\/www.ffw-berg.de\/wordpress\/wp-json\/wp\/v2\/users\/2"}],"replies":[{"embeddable":true,"href":"https:\/\/www.ffw-berg.de\/wordpress\/wp-json\/wp\/v2\/comments?post=216848"}],"version-history":[{"count":0,"href":"https:\/\/www.ffw-berg.de\/wordpress\/wp-json\/wp\/v2\/posts\/216848\/revisions"}],"wp:featuredmedia":[{"embeddable":true,"href":"https:\/\/www.ffw-berg.de\/wordpress\/wp-json\/wp\/v2\/media\/216836"}],"wp:attachment":[{"href":"https:\/\/www.ffw-berg.de\/wordpress\/wp-json\/wp\/v2\/media?parent=216848"}],"wp:term":[{"taxonomy":"category","embeddable":true,"href":"https:\/\/www.ffw-berg.de\/wordpress\/wp-json\/wp\/v2\/categories?post=216848"},{"taxonomy":"post_tag","embeddable":true,"href":"https:\/\/www.ffw-berg.de\/wordpress\/wp-json\/wp\/v2\/tags?post=216848"}],"curies":[{"name":"wp","href":"https:\/\/api.w.org\/{rel}","templated":true}]}}