{"id":216985,"date":"2022-07-09T23:02:00","date_gmt":"2022-07-09T21:02:00","guid":{"rendered":"https:\/\/www.ffw-berg.de\/wordpress\/?p=216985"},"modified":"2026-02-24T12:09:58","modified_gmt":"2026-02-24T11:09:58","slug":"jhv-2022-maximilian-schaller-ist-neuer-kommandant","status":"publish","type":"post","link":"https:\/\/www.ffw-berg.de\/wordpress\/jhv-2022-maximilian-schaller-ist-neuer-kommandant\/","title":{"rendered":"JHV 2022 &#8211; Maximilian Schaller ist neuer Kommandant"},"content":{"rendered":"\n<h2 class=\"wp-block-heading\">Jahreshauptversammlung bei der St\u00fctzpunktfeuerwehr Berg<\/h2>\n\n\n\n<p class=\"has-cyan-bluish-gray-color has-text-color has-small-font-size\"><em>Quelle: Amtliche Bekanntmachungen der Gemeinde Berg in \u201eWir im Frankenwald\u201c vom 15.07.22 |&nbsp;<\/em><em>Autorin: Sandra H\u00fcttner<\/em><\/p>\n\n\n\n<p>Die Berger St\u00fctzpunktfeuerwehr hat mit dem 28-j\u00e4hrigen Maximilian Schaller einen neuen Kommandanten, Gunther Schaller unterst\u00fctzt als erfahrener Brandsch\u00fctzer im Amt des Stellvertreters. <\/p>\n\n\n<div class=\"wp-block-image\">\n<figure class=\"aligncenter size-large\"><img loading=\"lazy\" decoding=\"async\" width=\"1080\" height=\"360\" src=\"https:\/\/www.ffw-berg.de\/wordpress\/wp-content\/uploads\/2022\/07\/jhv2022_0-1080x360.jpg\" alt=\"\" class=\"wp-image-216992\" srcset=\"https:\/\/www.ffw-berg.de\/wordpress\/wp-content\/uploads\/2022\/07\/jhv2022_0-1080x360.jpg 1080w, https:\/\/www.ffw-berg.de\/wordpress\/wp-content\/uploads\/2022\/07\/jhv2022_0-300x100.jpg 300w, https:\/\/www.ffw-berg.de\/wordpress\/wp-content\/uploads\/2022\/07\/jhv2022_0-120x40.jpg 120w, https:\/\/www.ffw-berg.de\/wordpress\/wp-content\/uploads\/2022\/07\/jhv2022_0-768x256.jpg 768w, https:\/\/www.ffw-berg.de\/wordpress\/wp-content\/uploads\/2022\/07\/jhv2022_0-1536x512.jpg 1536w, https:\/\/www.ffw-berg.de\/wordpress\/wp-content\/uploads\/2022\/07\/jhv2022_0.jpg 1920w\" sizes=\"auto, (max-width: 1080px) 100vw, 1080px\" \/><figcaption>Bef\u00f6rderungen und Ehrungen<\/figcaption><\/figure>\n<\/div>\n\n\n<p>Der kommissarische Kommandant Marco Kolbinger stand nach 14 Jahren als stellvertretender Kommandant f\u00fcr eine Wiederwahl nicht mehr zur Verf\u00fcgung. \u201eEin Ehrenamt macht nur so lange Spa\u00df, solange es nicht zur Belastung wird und manchmal war in ich an meinen eigenen Grenzen angelangt\u201c, erkl\u00e4rte Kolbinger und erinnerte an die Herausforderung im Jahr 2020. Kolbinger dankte nicht nur Gunther Schaller f\u00fcr seine sofortige Zusage zum Wohle der Berger Feuerwehr, sondern auch allen f\u00fcr die Unterst\u00fctzung in der schwierigen Zeit. \u201eNur gemeinsam sind wir stark und ich hoffe, euch immer das Gef\u00fchl gegeben zu haben, ein Teamplayer zu sein\u201c, sagte Marco Kolbinger und erg\u00e4nzte, dass die prognostizierten Austritte nicht stattfanden. \u201eIhr seid alle an Bord geblieben\u201c, freute sich Kolbinger und hob den wenig sp\u00e4ter neu gew\u00e4hlten Kommandanten Maximilian Schaller hervor. \u201eEr hat mit seinem au\u00dfergew\u00f6hnlichen Engagement dazu beigetragen, dass manches noch viel besser gelaufen ist, als man es sich vorstellen konnte\u201c, betonte Kolbinger.<\/p>\n\n\n\n<p>\u201eEin besonderer Dank geht an unseren Jugendwart und Zugf\u00fchrer Maximilian Schaller f\u00fcr seine Unterst\u00fctzung.\u201c Kolbinger bef\u00f6rderte Maximilian Schaller zum Oberl\u00f6schmeister und erinnerte auch an die erfolgreiche Ausbildung zum \u201eLeiter einer Feuerwehr\u201c wie auch zum Zugf\u00fchrer. Zudem \u00fcberreichte Kolbinger an den neuen Kommandanten die M\u00fctzenschnur, Kragenspiegel, \u00c4rmelabzeichen und das Funkger\u00e4t mit dem Funkrufnamen &#8222;Florian Berg 1&#8220;. Das \u00c4rmelabzeichen zur Kennzeichnung \u201estellvertretender Kommandant\u201c erhielt auch Gunther Schaller. <\/p>\n\n\n<div class=\"wp-block-image\">\n<figure class=\"aligncenter size-large\"><img loading=\"lazy\" decoding=\"async\" width=\"1080\" height=\"554\" src=\"https:\/\/www.ffw-berg.de\/wordpress\/wp-content\/uploads\/2022\/07\/jhv2022_2-e1658666009546-1080x554.jpg\" alt=\"\" class=\"wp-image-216994\" srcset=\"https:\/\/www.ffw-berg.de\/wordpress\/wp-content\/uploads\/2022\/07\/jhv2022_2-e1658666009546-1080x554.jpg 1080w, https:\/\/www.ffw-berg.de\/wordpress\/wp-content\/uploads\/2022\/07\/jhv2022_2-e1658666009546-300x154.jpg 300w, https:\/\/www.ffw-berg.de\/wordpress\/wp-content\/uploads\/2022\/07\/jhv2022_2-e1658666009546-120x62.jpg 120w, https:\/\/www.ffw-berg.de\/wordpress\/wp-content\/uploads\/2022\/07\/jhv2022_2-e1658666009546-768x394.jpg 768w, https:\/\/www.ffw-berg.de\/wordpress\/wp-content\/uploads\/2022\/07\/jhv2022_2-e1658666009546-1536x787.jpg 1536w, https:\/\/www.ffw-berg.de\/wordpress\/wp-content\/uploads\/2022\/07\/jhv2022_2-e1658666009546.jpg 1920w\" sizes=\"auto, (max-width: 1080px) 100vw, 1080px\" \/><figcaption>Von links: Vertauensmann Marco Kolbinger, Stellv. Kommandant Gunther Schaller, neuer Kommandant Maximilian Schaller und B\u00fcrgermeisterin Patricia Rubner<\/figcaption><\/figure>\n<\/div>\n\n\n<p>Maximilian Schaller dankte f\u00fcr das Vertrauen. \u201eIch freue mich, dass ihr trotz meines jungen Alters so geschlossen hinter mir steht\u201c, freute sich Maximilian Schaller, der auf die Zusammenarbeit mit dem erfahrenen Stellvertreter setzt und daf\u00fcr dankt. \u201eEs wird kein Ich oder zwei Ein- zelmeinungen geben, sondern nur ein Wir in der Berger Wehr\u201c, betonte der neue Kommandant und auch, dass jeder Einzelne Teil des gro\u00dfen Ganzen sei. <\/p>\n\n\n\n<p>2008 trat Maximilian Schaller in die Jugendgruppe der St\u00fctzpunktwehr Berg ein und blickt mittler- weile auf 14 Jahre mit und f\u00fcr die Jugendgruppe zur\u00fcck. Im vergangenen Jahr erhielt der engagierte Brandsch\u00fctzer vom Kreisbrandmeister Jugend Florian Strobel in W\u00fcrdigung der <a href=\"https:\/\/www.ffw-berg.de\/wordpress\/feuerwehr-berg-ehrt-maximilian-schaller\/\" data-type=\"post\" data-id=\"216406\"><strong>Verdienste um den Aufbau und die F\u00f6rderung der Jugendfeuerwehren in Oberfranken<\/strong><\/a> die Ehrennadel der Jugendfeuerwehr Oberfranken. \u201eVon der Jugend f\u00fcr die Jugend\u201c, kommentierte Strobel das Engagement von Maximilian Schaller, der sich f\u00fcr die Belange der Jugendlichen rundum einsetze, nicht nur Wissen vermittele und zu \u00dcbungen motiviere, sondern auch Spannung, Spa\u00df und Aktion durch 24-Stunden Berufsfeuerwehrtag oder Teilnahmen an Zeltlagern erm\u00f6gliche. <\/p>\n\n\n\n<p>Nun wird Maximilian Schaller sich f\u00fcr die gesamte Wehr einsetzen, zu deren Wohle und der Bev\u00f6lkerung im Berger Winkel. <\/p>\n\n\n\n<p>Gratulation und Dank sagte B\u00fcrgermeisterin Patricia Rubner f\u00fcr die \u00dcbernahme der Verantwortung, freiwillig und ehrenamtlich.<\/p>\n\n\n\n<p class=\"has-small-font-size\">Bericht: Sandra H\u00fcttner<\/p>\n\n\n\n<hr class=\"wp-block-separator has-alpha-channel-opacity\"\/>\n\n\n\n<h3 class=\"wp-block-heading\">Einsatzdaten der St\u00fctzpunktwehr:<\/h3>\n\n\n\n<p>Im Jahr 2020 wurde die Feuerwehr Berg zu insgesamt 57 Eins\u00e4tzen alarmiert, diese gliedern sich auf in 30 Brandeins\u00e4tze, 18 THL-Eins\u00e4tze, 5 Sicherheitswachen, 4 Gefahrguteins\u00e4tze und 8 Fehlalarme. Insgesamt wurden 807 Einsatzstunden geleistet.<br \/>Im Vergleich zu 2021 wurde die Wehr zu 105 Eins\u00e4tzen gerufen, welche sich in 14 Brandeins\u00e4tze, 78 Technische Hilfeleistungen, 8 Sicherheitswachen, 5 Gefahrguteins\u00e4tze und 7 Fehlalarme aufgliederten und bei denen 1574 Einsatzstunden geleistet wurden.<\/p>\n\n\n\n<h3 class=\"wp-block-heading\">Personaldaten der St\u00fctzpunktwehr<\/h3>\n\n\n\n<p>In den vergangenen zwei Jahren konnten 7 Neueintritte in die Wehr verzeichnet werden. Leonie R\u00f6del, Lennox H\u00f6hne, Zoe Schmidt, Leon Fickenscher und Patrick Reinhold wurden per Handschlag in die Wehr aufgenommen, zus\u00e4tzlich unterst\u00fctzen Sebastian Brandler und Max Wolfrum die Wehr als Doppelmitglieder. <strong>Somit leisten derzeit 63 Aktive in der Wehr aktiven Feuerwehrdienst, darunter 10 Jugendliche<\/strong>.<br \/>Auf passiver Seite konnte ebenfalls wieder ein Zuwachs an Mitglieder verzeichnet werden, aktuell hat der Feuerwehrverein <strong>72 passive Mitglieder, 2 f\u00f6rdernde Mitglieder und 4 Ehrenmitglieder<\/strong>.<\/p>\n\n\n<div class=\"wp-block-image\">\n<figure class=\"aligncenter size-large\"><img loading=\"lazy\" decoding=\"async\" width=\"1080\" height=\"540\" src=\"https:\/\/www.ffw-berg.de\/wordpress\/wp-content\/uploads\/2022\/07\/jhv2022_1-1080x540.jpg\" alt=\"\" class=\"wp-image-216993\" srcset=\"https:\/\/www.ffw-berg.de\/wordpress\/wp-content\/uploads\/2022\/07\/jhv2022_1-1080x540.jpg 1080w, https:\/\/www.ffw-berg.de\/wordpress\/wp-content\/uploads\/2022\/07\/jhv2022_1-300x150.jpg 300w, https:\/\/www.ffw-berg.de\/wordpress\/wp-content\/uploads\/2022\/07\/jhv2022_1-120x60.jpg 120w, https:\/\/www.ffw-berg.de\/wordpress\/wp-content\/uploads\/2022\/07\/jhv2022_1-768x384.jpg 768w, https:\/\/www.ffw-berg.de\/wordpress\/wp-content\/uploads\/2022\/07\/jhv2022_1-1536x768.jpg 1536w, https:\/\/www.ffw-berg.de\/wordpress\/wp-content\/uploads\/2022\/07\/jhv2022_1.jpg 1920w\" sizes=\"auto, (max-width: 1080px) 100vw, 1080px\" \/><figcaption>Neu gew\u00e4hlte Kameradinnen und Kameraden f\u00fcr die \u00c4mter in Aktiver Wehr und Verein<\/figcaption><\/figure>\n<\/div>\n\n\n<h3 class=\"wp-block-heading\">Ehrungen, Bef\u00f6rderungen und Neuwahlen<\/h3>\n\n\n\n<p>Ehrungen und Bef\u00f6rderungen 2022 <strong><a href=\"https:\/\/www.ffw-berg.de\/wordpress\/jhv-2022-ehrungen-und-befoerderungen\/\" data-type=\"post\" data-id=\"217008\">findet Ihr hier &gt;<\/a><\/strong><\/p>\n\n\n\n<p>Ergebnis der <strong><a href=\"https:\/\/www.ffw-berg.de\/wordpress\/jhv-2022-neuwahlen-aktive-wehr-und-verein\/\" data-type=\"post\" data-id=\"217013\">Neuwahlen 2022 hier ><\/a><\/strong><\/p>\n","protected":false},"excerpt":{"rendered":"<div class=\"mh-excerpt\">Die Berger St\u00fctzpunktfeuerwehr hat mit dem 28-j\u00e4hrigen Maximilian Schaller einen neuen Kommandanten, Gunther Schaller unterst\u00fctzt als erfahrener Brandsch\u00fctzer im Amt des Stellvertreters. Neuwahlen in aktiver Wehr und Verein.<\/div>\n<p> <a class=\"mh-excerpt-more\" href=\"https:\/\/www.ffw-berg.de\/wordpress\/jhv-2022-maximilian-schaller-ist-neuer-kommandant\/\" title=\"JHV 2022 &#8211; Maximilian Schaller ist neuer Kommandant\">[  Mehr &gt;&gt; ]<\/a><\/p>\n","protected":false},"author":2,"featured_media":216994,"comment_status":"closed","ping_status":"open","sticky":false,"template":"","format":"standard","meta":{"footnotes":""},"categories":[271,896,47,48,46,747],"tags":[259,266,411,424,1338,1339,1340],"class_list":{"0":"post-216985","1":"post","2":"type-post","3":"status-publish","4":"format-standard","5":"has-post-thumbnail","7":"category-jahreshauptversammlung","8":"category-pressearchiv","9":"category-ehrungen","10":"category-press_rss","11":"category-wir-ueber-uns","12":"category-wir-ueber-uns-2","13":"tag-jahreshauptversammlung","14":"tag-jhv","15":"tag-neuwahlen","16":"tag-kommandant","17":"tag-jhv2022","18":"tag-einsatzdaten-2021","19":"tag-personaldaten-2022"},"_links":{"self":[{"href":"https:\/\/www.ffw-berg.de\/wordpress\/wp-json\/wp\/v2\/posts\/216985","targetHints":{"allow":["GET"]}}],"collection":[{"href":"https:\/\/www.ffw-berg.de\/wordpress\/wp-json\/wp\/v2\/posts"}],"about":[{"href":"https:\/\/www.ffw-berg.de\/wordpress\/wp-json\/wp\/v2\/types\/post"}],"author":[{"embeddable":true,"href":"https:\/\/www.ffw-berg.de\/wordpress\/wp-json\/wp\/v2\/users\/2"}],"replies":[{"embeddable":true,"href":"https:\/\/www.ffw-berg.de\/wordpress\/wp-json\/wp\/v2\/comments?post=216985"}],"version-history":[{"count":0,"href":"https:\/\/www.ffw-berg.de\/wordpress\/wp-json\/wp\/v2\/posts\/216985\/revisions"}],"wp:featuredmedia":[{"embeddable":true,"href":"https:\/\/www.ffw-berg.de\/wordpress\/wp-json\/wp\/v2\/media\/216994"}],"wp:attachment":[{"href":"https:\/\/www.ffw-berg.de\/wordpress\/wp-json\/wp\/v2\/media?parent=216985"}],"wp:term":[{"taxonomy":"category","embeddable":true,"href":"https:\/\/www.ffw-berg.de\/wordpress\/wp-json\/wp\/v2\/categories?post=216985"},{"taxonomy":"post_tag","embeddable":true,"href":"https:\/\/www.ffw-berg.de\/wordpress\/wp-json\/wp\/v2\/tags?post=216985"}],"curies":[{"name":"wp","href":"https:\/\/api.w.org\/{rel}","templated":true}]}}