{"id":217013,"date":"2022-07-09T23:00:00","date_gmt":"2022-07-09T21:00:00","guid":{"rendered":"https:\/\/www.ffw-berg.de\/wordpress\/?p=217013"},"modified":"2022-07-25T10:52:36","modified_gmt":"2022-07-25T08:52:36","slug":"jhv-2022-neuwahlen-aktive-wehr-und-verein","status":"publish","type":"post","link":"https:\/\/www.ffw-berg.de\/wordpress\/jhv-2022-neuwahlen-aktive-wehr-und-verein\/","title":{"rendered":"JHV 2022 &#8211; Neuwahlen Aktive Wehr und Verein"},"content":{"rendered":"\n<p>Bei der Jahreshauptversammlung der St\u00fctzpunktwehr Berg standen nicht nur Wahlen der Kommandantur an, sondern, nach dem R\u00fccktritt der Vereinsvorstandes, auch f\u00fcr die Vereinsf\u00fchrung. \u201eWir wollen f\u00fcr Vereinsf\u00fchrung und Kommandantur wieder den gleichen Wahlrhythmus\u201c, erkl\u00e4rte Vorsitzender Fabian Korn, der wenig sp\u00e4ter in seiner Funktion best\u00e4tigt wurde.&nbsp;<\/p>\n\n\n<div class=\"wp-block-image\">\n<figure class=\"aligncenter size-large\"><img loading=\"lazy\" decoding=\"async\" width=\"1080\" height=\"540\" src=\"https:\/\/www.ffw-berg.de\/wordpress\/wp-content\/uploads\/2022\/07\/jhv2022_1-1080x540.jpg\" alt=\"\" class=\"wp-image-216993\" srcset=\"https:\/\/www.ffw-berg.de\/wordpress\/wp-content\/uploads\/2022\/07\/jhv2022_1-1080x540.jpg 1080w, https:\/\/www.ffw-berg.de\/wordpress\/wp-content\/uploads\/2022\/07\/jhv2022_1-300x150.jpg 300w, https:\/\/www.ffw-berg.de\/wordpress\/wp-content\/uploads\/2022\/07\/jhv2022_1-120x60.jpg 120w, https:\/\/www.ffw-berg.de\/wordpress\/wp-content\/uploads\/2022\/07\/jhv2022_1-768x384.jpg 768w, https:\/\/www.ffw-berg.de\/wordpress\/wp-content\/uploads\/2022\/07\/jhv2022_1-1536x768.jpg 1536w, https:\/\/www.ffw-berg.de\/wordpress\/wp-content\/uploads\/2022\/07\/jhv2022_1.jpg 1920w\" sizes=\"auto, (max-width: 1080px) 100vw, 1080px\" \/><figcaption>Von links: Gunther Schaller (Stellv. Kommandant), <br \/>Alexander Hofmann (Vertrauensperson), <br \/>Fabian Korn (Vorstand Verein), <br \/>Marco Kolbinger (Vertrauensperson), <br \/>Bianca Resch (Vertrauensperson), <br \/>Alexander Egelkraut (Stellv. Vorstand), <br \/>Elisa Linke (Schriftf\u00fchrerin), <br \/>Roger Unglaub (Kassier), <br \/>Nicolas Fichna (Vertrauensperson), <br \/>Maximilian Schaller (Kommandant)<\/figcaption><\/figure>\n<\/div>\n\n\n<p>Ehrungen und Bef\u00f6rderungen 2022 <strong><a href=\"https:\/\/www.ffw-berg.de\/wordpress\/jhv-2022-ehrungen-und-befoerderungen\/\" data-type=\"post\" data-id=\"217008\">findet Ihr hier ><\/a><\/strong><\/p>\n\n\n\n<p>Den ausf\u00fchrlichen <strong><a href=\"https:\/\/www.ffw-berg.de\/wordpress\/jhv-2022-maximilian-schaller-ist-neuer-kommandant\/\" data-type=\"post\" data-id=\"216985\">Bericht zur JHV 2022 hier ><\/a><\/strong><\/p>\n","protected":false},"excerpt":{"rendered":"<div class=\"mh-excerpt\">Bei der Jahreshauptversammlung standen nicht nur Wahlen der Kommandantur an, sondern, nach dem R\u00fccktritt der Vereinsvorstandes, auch f\u00fcr die Vereinsf\u00fchrung.<br \/>\n\u201eWir wollen f\u00fcr Vereinsf\u00fchrung und Kommandantur wieder den gleichen Wahlrhythmus\u201c, erkl\u00e4rte Vorsitzender Fabian Korn.<\/div>\n<p> <a class=\"mh-excerpt-more\" href=\"https:\/\/www.ffw-berg.de\/wordpress\/jhv-2022-neuwahlen-aktive-wehr-und-verein\/\" title=\"JHV 2022 &#8211; Neuwahlen Aktive Wehr und Verein\">[  Mehr &gt;&gt; ]<\/a><\/p>\n","protected":false},"author":2,"featured_media":216993,"comment_status":"closed","ping_status":"open","sticky":false,"template":"","format":"standard","meta":{"footnotes":""},"categories":[271,421,47,46],"tags":[259,266,411,425,1341,1342],"class_list":{"0":"post-217013","1":"post","2":"type-post","3":"status-publish","4":"format-standard","5":"has-post-thumbnail","7":"category-jahreshauptversammlung","8":"category-neuwahlen","9":"category-ehrungen","10":"category-wir-ueber-uns","11":"tag-jahreshauptversammlung","12":"tag-jhv","13":"tag-neuwahlen","14":"tag-stellv-kommandant","15":"tag-jhv2022_wahl","16":"tag-kmommandant"},"_links":{"self":[{"href":"https:\/\/www.ffw-berg.de\/wordpress\/wp-json\/wp\/v2\/posts\/217013","targetHints":{"allow":["GET"]}}],"collection":[{"href":"https:\/\/www.ffw-berg.de\/wordpress\/wp-json\/wp\/v2\/posts"}],"about":[{"href":"https:\/\/www.ffw-berg.de\/wordpress\/wp-json\/wp\/v2\/types\/post"}],"author":[{"embeddable":true,"href":"https:\/\/www.ffw-berg.de\/wordpress\/wp-json\/wp\/v2\/users\/2"}],"replies":[{"embeddable":true,"href":"https:\/\/www.ffw-berg.de\/wordpress\/wp-json\/wp\/v2\/comments?post=217013"}],"version-history":[{"count":0,"href":"https:\/\/www.ffw-berg.de\/wordpress\/wp-json\/wp\/v2\/posts\/217013\/revisions"}],"wp:featuredmedia":[{"embeddable":true,"href":"https:\/\/www.ffw-berg.de\/wordpress\/wp-json\/wp\/v2\/media\/216993"}],"wp:attachment":[{"href":"https:\/\/www.ffw-berg.de\/wordpress\/wp-json\/wp\/v2\/media?parent=217013"}],"wp:term":[{"taxonomy":"category","embeddable":true,"href":"https:\/\/www.ffw-berg.de\/wordpress\/wp-json\/wp\/v2\/categories?post=217013"},{"taxonomy":"post_tag","embeddable":true,"href":"https:\/\/www.ffw-berg.de\/wordpress\/wp-json\/wp\/v2\/tags?post=217013"}],"curies":[{"name":"wp","href":"https:\/\/api.w.org\/{rel}","templated":true}]}}