{"id":217038,"date":"2022-07-28T16:35:00","date_gmt":"2022-07-28T14:35:00","guid":{"rendered":"https:\/\/www.ffw-berg.de\/wordpress\/?p=217038"},"modified":"2023-01-07T10:44:55","modified_gmt":"2023-01-07T09:44:55","slug":"einsatz-vom-28-07-22-brand-freiflaeche","status":"publish","type":"post","link":"https:\/\/www.ffw-berg.de\/wordpress\/einsatz-vom-28-07-22-brand-freiflaeche\/","title":{"rendered":"Einsatz vom 28.07.22 &#8211; Brand Freifl\u00e4che"},"content":{"rendered":"\n<div class=\"wp-block-columns has-2-columns is-layout-flex wp-container-core-columns-is-layout-9d6595d7 wp-block-columns-is-layout-flex\">\n<div class=\"wp-block-column is-layout-flow wp-block-column-is-layout-flow\">\n<p class=\"has-text-color\" style=\"color:#800000\"><strong>Nr.:<\/strong><\/p>\n\n\n\n<p class=\"has-text-color\" style=\"color:#800000\"><strong>Alarmzeit:<\/strong><\/p>\n\n\n\n<p class=\"has-text-color\" style=\"color:#800000\"><strong>Einsatzdauer:<\/strong><\/p>\n\n\n\n<p class=\"has-text-color\" style=\"color:#800000\"><strong>Einsatzort:<\/strong><\/p>\n\n\n\n<p class=\"has-text-color\" style=\"color:#800000\"><strong>Einsatzart:<\/strong><\/p>\n\n\n\n<p class=\"has-text-color\" style=\"color:#800000\"><strong>Eingesetzte Fahrzeuge:<\/strong><\/p>\n\n\n\n<p class=\"has-text-color\" style=\"color:#800000\"><strong>Einsatzmittel:<\/strong><br \/><\/p>\n<\/div>\n\n\n\n<div class=\"wp-block-column is-layout-flow wp-block-column-is-layout-flow\">\n<p>34<\/p>\n\n\n\n<p>16.35 Uhr<\/p>\n\n\n\n<p>1,53 Std.<\/p>\n\n\n\n<p>Moos, Berg<\/p>\n\n\n\n<p>B2 | Brand Freifl\u00e4che gro\u00df<\/p>\n\n\n\n<p>HLF20, LF 8\/6, MTW<\/p>\n\n\n\n<p>Fahrzeugl\u00f6schwasserbeh\u00e4lter 2000 ltr und 600 ltr., WBK,  C-\/D-Rohre, L\u00f6schwasserentnahme aus Schwemmf\u00e4ssern 30000 ltr.<\/p>\n<\/div>\n<\/div>\n\n\n\n<hr class=\"wp-block-separator has-css-opacity is-style-wide\"\/>\n\n\n\n<h4 class=\"wp-block-heading\"><strong>Einsatzbericht<\/strong><\/h4>\n\n\n\n<p>Die Feuerwehr Berg wurde wegen eines Fl\u00e4chenbrandes alarmiert.<\/p>\n\n\n\n<p>Bei Erntearbeiten gerieten ca. 20.000 m2 eines Feldes zwischen dem Ortsteil Moos und der BAB 9 in Brand. Durch mehrere Landwirte wurde der betroffene Bereich vom Rest des Feldes abgetrennt und mittels Bodenbearbeitungsger\u00e4ten Schneisen um die Fl\u00e4che gezogen, um eine weitere Brandausbreitung zu verhindern. Durch Berg 40\/1 und Kameraden der FF Rudolphstein erfolgte die Brandbek\u00e4mpfung im s\u00fcdlichen Bereich Richtung Eisenb\u00fchl mittels 2 C-Strahlrohren, durch Berg 42\/1 mit der FF Tiefengr\u00fcn erfolgte die Brandbek\u00e4mpfung im n\u00f6rdlichen Bereich Richtung Rudolphstein. Nachdem bereits Teile der B\u00f6schung der angrenzenden BAB 9 Feuer gefangen hatten, wurde der B\u00f6schungsbereich im weiteren Einsatzverlauf gro\u00dffl\u00e4chig gew\u00e4ssert. Die L\u00f6schwasserversorgung wurde durch mehrere Tankl\u00f6schfahrzeuge der Feuerwehren Bad Steben, Naila und Selbitz sichergestellt.<\/p>\n\n\n\n<p>Die L\u00f6scharbeiten wurden au\u00dferdem durch mehrere Landwirte mit Schwemmf\u00e4ssern unterst\u00fctzt.<\/p>\n\n\n\n<h4 class=\"has-text-align-center wp-block-heading\">Einsatzfotos:<\/h4>\n\n\n\n<figure class=\"wp-block-gallery has-nested-images columns-4 is-cropped wp-block-gallery-1 is-layout-flex wp-block-gallery-is-layout-flex\">\n<figure class=\"wp-block-image size-large\"><img loading=\"lazy\" decoding=\"async\" width=\"1080\" height=\"608\" data-id=\"217043\" src=\"https:\/\/www.ffw-berg.de\/wordpress\/wp-content\/uploads\/2022\/08\/2022_08_28_b3-1080x608.jpg\" alt=\"\" class=\"wp-image-217043\" srcset=\"https:\/\/www.ffw-berg.de\/wordpress\/wp-content\/uploads\/2022\/08\/2022_08_28_b3-1080x608.jpg 1080w, https:\/\/www.ffw-berg.de\/wordpress\/wp-content\/uploads\/2022\/08\/2022_08_28_b3-300x169.jpg 300w, https:\/\/www.ffw-berg.de\/wordpress\/wp-content\/uploads\/2022\/08\/2022_08_28_b3-120x68.jpg 120w, https:\/\/www.ffw-berg.de\/wordpress\/wp-content\/uploads\/2022\/08\/2022_08_28_b3-768x432.jpg 768w, https:\/\/www.ffw-berg.de\/wordpress\/wp-content\/uploads\/2022\/08\/2022_08_28_b3-1536x864.jpg 1536w, https:\/\/www.ffw-berg.de\/wordpress\/wp-content\/uploads\/2022\/08\/2022_08_28_b3-678x381.jpg 678w, https:\/\/www.ffw-berg.de\/wordpress\/wp-content\/uploads\/2022\/08\/2022_08_28_b3.jpg 1920w\" sizes=\"auto, (max-width: 1080px) 100vw, 1080px\" \/><\/figure>\n\n\n\n<figure class=\"wp-block-image size-large\"><img loading=\"lazy\" decoding=\"async\" width=\"1080\" height=\"608\" data-id=\"217044\" src=\"https:\/\/www.ffw-berg.de\/wordpress\/wp-content\/uploads\/2022\/08\/2022_08_28_b1-1080x608.jpg\" alt=\"\" class=\"wp-image-217044\" srcset=\"https:\/\/www.ffw-berg.de\/wordpress\/wp-content\/uploads\/2022\/08\/2022_08_28_b1-1080x608.jpg 1080w, https:\/\/www.ffw-berg.de\/wordpress\/wp-content\/uploads\/2022\/08\/2022_08_28_b1-300x169.jpg 300w, https:\/\/www.ffw-berg.de\/wordpress\/wp-content\/uploads\/2022\/08\/2022_08_28_b1-120x68.jpg 120w, https:\/\/www.ffw-berg.de\/wordpress\/wp-content\/uploads\/2022\/08\/2022_08_28_b1-768x432.jpg 768w, https:\/\/www.ffw-berg.de\/wordpress\/wp-content\/uploads\/2022\/08\/2022_08_28_b1-1536x864.jpg 1536w, https:\/\/www.ffw-berg.de\/wordpress\/wp-content\/uploads\/2022\/08\/2022_08_28_b1-678x381.jpg 678w, https:\/\/www.ffw-berg.de\/wordpress\/wp-content\/uploads\/2022\/08\/2022_08_28_b1.jpg 1920w\" sizes=\"auto, (max-width: 1080px) 100vw, 1080px\" \/><\/figure>\n\n\n\n<figure class=\"wp-block-image size-large\"><img loading=\"lazy\" decoding=\"async\" width=\"1080\" height=\"608\" data-id=\"217045\" src=\"https:\/\/www.ffw-berg.de\/wordpress\/wp-content\/uploads\/2022\/08\/2022_08_28_b4-1080x608.jpg\" alt=\"\" class=\"wp-image-217045\" srcset=\"https:\/\/www.ffw-berg.de\/wordpress\/wp-content\/uploads\/2022\/08\/2022_08_28_b4-1080x608.jpg 1080w, https:\/\/www.ffw-berg.de\/wordpress\/wp-content\/uploads\/2022\/08\/2022_08_28_b4-300x169.jpg 300w, https:\/\/www.ffw-berg.de\/wordpress\/wp-content\/uploads\/2022\/08\/2022_08_28_b4-120x68.jpg 120w, https:\/\/www.ffw-berg.de\/wordpress\/wp-content\/uploads\/2022\/08\/2022_08_28_b4-768x432.jpg 768w, https:\/\/www.ffw-berg.de\/wordpress\/wp-content\/uploads\/2022\/08\/2022_08_28_b4-1536x864.jpg 1536w, https:\/\/www.ffw-berg.de\/wordpress\/wp-content\/uploads\/2022\/08\/2022_08_28_b4-678x381.jpg 678w, https:\/\/www.ffw-berg.de\/wordpress\/wp-content\/uploads\/2022\/08\/2022_08_28_b4.jpg 1920w\" sizes=\"auto, (max-width: 1080px) 100vw, 1080px\" \/><\/figure>\n\n\n\n<figure class=\"wp-block-image size-large\"><img loading=\"lazy\" decoding=\"async\" width=\"1080\" height=\"608\" data-id=\"217041\" src=\"https:\/\/www.ffw-berg.de\/wordpress\/wp-content\/uploads\/2022\/08\/2022_08_28_b0-1080x608.jpg\" alt=\"\" class=\"wp-image-217041\" srcset=\"https:\/\/www.ffw-berg.de\/wordpress\/wp-content\/uploads\/2022\/08\/2022_08_28_b0-1080x608.jpg 1080w, https:\/\/www.ffw-berg.de\/wordpress\/wp-content\/uploads\/2022\/08\/2022_08_28_b0-300x169.jpg 300w, https:\/\/www.ffw-berg.de\/wordpress\/wp-content\/uploads\/2022\/08\/2022_08_28_b0-120x68.jpg 120w, https:\/\/www.ffw-berg.de\/wordpress\/wp-content\/uploads\/2022\/08\/2022_08_28_b0-768x432.jpg 768w, https:\/\/www.ffw-berg.de\/wordpress\/wp-content\/uploads\/2022\/08\/2022_08_28_b0-678x381.jpg 678w, https:\/\/www.ffw-berg.de\/wordpress\/wp-content\/uploads\/2022\/08\/2022_08_28_b0.jpg 1152w\" sizes=\"auto, (max-width: 1080px) 100vw, 1080px\" \/><\/figure>\n\n\n\n<figure class=\"wp-block-image size-large\"><img loading=\"lazy\" decoding=\"async\" width=\"1080\" height=\"608\" data-id=\"217042\" src=\"https:\/\/www.ffw-berg.de\/wordpress\/wp-content\/uploads\/2022\/08\/2022_08_28_b5-1080x608.jpg\" alt=\"\" class=\"wp-image-217042\" srcset=\"https:\/\/www.ffw-berg.de\/wordpress\/wp-content\/uploads\/2022\/08\/2022_08_28_b5-1080x608.jpg 1080w, https:\/\/www.ffw-berg.de\/wordpress\/wp-content\/uploads\/2022\/08\/2022_08_28_b5-300x169.jpg 300w, https:\/\/www.ffw-berg.de\/wordpress\/wp-content\/uploads\/2022\/08\/2022_08_28_b5-120x68.jpg 120w, https:\/\/www.ffw-berg.de\/wordpress\/wp-content\/uploads\/2022\/08\/2022_08_28_b5-768x432.jpg 768w, https:\/\/www.ffw-berg.de\/wordpress\/wp-content\/uploads\/2022\/08\/2022_08_28_b5-1536x864.jpg 1536w, https:\/\/www.ffw-berg.de\/wordpress\/wp-content\/uploads\/2022\/08\/2022_08_28_b5-678x381.jpg 678w, https:\/\/www.ffw-berg.de\/wordpress\/wp-content\/uploads\/2022\/08\/2022_08_28_b5.jpg 1920w\" sizes=\"auto, (max-width: 1080px) 100vw, 1080px\" \/><\/figure>\n<\/figure>\n","protected":false},"excerpt":{"rendered":"<div class=\"mh-excerpt\">Nr. 34 | Zeit: 16.35 Uhr | Moos, Berg | B<\/p>\n<p>Eingesetzte Fahrzeuge:<br \/>\nHLF20, LF 8\/6, MTW<\/p><\/div>\n<p> <a class=\"mh-excerpt-more\" href=\"https:\/\/www.ffw-berg.de\/wordpress\/einsatz-vom-28-07-22-brand-freiflaeche\/\" title=\"Einsatz vom 28.07.22 &#8211; Brand Freifl\u00e4che\">[  Mehr &gt;&gt; ]<\/a><\/p>\n","protected":false},"author":2,"featured_media":217042,"comment_status":"closed","ping_status":"open","sticky":false,"template":"","format":"standard","meta":{"footnotes":""},"categories":[1154],"tags":[71,72,73,364,313,380,567,572,801,894,1343],"class_list":{"0":"post-217038","1":"post","2":"type-post","3":"status-publish","4":"format-standard","5":"has-post-thumbnail","7":"category-einsaetze-2022","8":"tag-wbk","9":"tag-brand","10":"tag-einsatz","11":"tag-mtw","12":"tag-fahrzeugloeschwasserbehaelter","13":"tag-pkw-brand","14":"tag-c-d-rohre","15":"tag-verkehrslenkungsgeraet","16":"tag-sonderloeschmittel","17":"tag-hlf20","18":"tag-boeschungsbrand"},"_links":{"self":[{"href":"https:\/\/www.ffw-berg.de\/wordpress\/wp-json\/wp\/v2\/posts\/217038","targetHints":{"allow":["GET"]}}],"collection":[{"href":"https:\/\/www.ffw-berg.de\/wordpress\/wp-json\/wp\/v2\/posts"}],"about":[{"href":"https:\/\/www.ffw-berg.de\/wordpress\/wp-json\/wp\/v2\/types\/post"}],"author":[{"embeddable":true,"href":"https:\/\/www.ffw-berg.de\/wordpress\/wp-json\/wp\/v2\/users\/2"}],"replies":[{"embeddable":true,"href":"https:\/\/www.ffw-berg.de\/wordpress\/wp-json\/wp\/v2\/comments?post=217038"}],"version-history":[{"count":0,"href":"https:\/\/www.ffw-berg.de\/wordpress\/wp-json\/wp\/v2\/posts\/217038\/revisions"}],"wp:featuredmedia":[{"embeddable":true,"href":"https:\/\/www.ffw-berg.de\/wordpress\/wp-json\/wp\/v2\/media\/217042"}],"wp:attachment":[{"href":"https:\/\/www.ffw-berg.de\/wordpress\/wp-json\/wp\/v2\/media?parent=217038"}],"wp:term":[{"taxonomy":"category","embeddable":true,"href":"https:\/\/www.ffw-berg.de\/wordpress\/wp-json\/wp\/v2\/categories?post=217038"},{"taxonomy":"post_tag","embeddable":true,"href":"https:\/\/www.ffw-berg.de\/wordpress\/wp-json\/wp\/v2\/tags?post=217038"}],"curies":[{"name":"wp","href":"https:\/\/api.w.org\/{rel}","templated":true}]}}