{"id":217087,"date":"2022-10-03T08:08:00","date_gmt":"2022-10-03T06:08:00","guid":{"rendered":"https:\/\/www.ffw-berg.de\/wordpress\/?p=217087"},"modified":"2023-01-07T10:30:40","modified_gmt":"2023-01-07T09:30:40","slug":"einsatz-vom-03-10-22-thl-verkehrsabsicherung","status":"publish","type":"post","link":"https:\/\/www.ffw-berg.de\/wordpress\/einsatz-vom-03-10-22-thl-verkehrsabsicherung\/","title":{"rendered":"Einsatz vom 03.10.22 &#8211; THL Verkehrsabsicherung"},"content":{"rendered":"\n<p><span style=\"font-family: arial, helvetica, sans-serif\"><\/span><\/p>\n\n\n\n<div class=\"wp-block-columns has-2-columns is-layout-flex wp-container-core-columns-is-layout-9d6595d7 wp-block-columns-is-layout-flex\">\n<div class=\"wp-block-column is-layout-flow wp-block-column-is-layout-flow\">\n<p class=\"has-text-color\" style=\"color:#800000\"><strong>Nr.:<\/strong><\/p>\n\n\n\n<p class=\"has-text-color\" style=\"color:#800000\"><strong>Alarmzeit:<\/strong><\/p>\n\n\n\n<p class=\"has-text-color\" style=\"color:#800000\"><strong>Einsatzdauer:<\/strong><\/p>\n\n\n\n<p class=\"has-text-color\" style=\"color:#800000\"><strong>Einsatzort:<\/strong><\/p>\n\n\n\n<p class=\"has-text-color\" style=\"color:#800000\"><strong>Einsatzart:<\/strong><\/p>\n\n\n\n<p class=\"has-text-color\" style=\"color:#800000\"><strong>Eingesetzte Fahrzeuge:<\/strong><\/p>\n\n\n\n<p class=\"has-text-color\" style=\"color:#800000\"><strong>Einsatzmittel:<\/strong><br \/><\/p>\n<\/div>\n\n\n\n<div class=\"wp-block-column is-layout-flow wp-block-column-is-layout-flow\">\n<p>44<\/p>\n\n\n\n<p>09.08 Uhr<\/p>\n\n\n\n<p>2,48 Std.<\/p>\n\n\n\n<p>Gemeindegebiet Berg<\/p>\n\n\n\n<p>THL 1 | Verkehrsabsicherung<\/p>\n\n\n\n<p>MZF<\/p>\n\n\n\n<p>Verkehrslenkungsger\u00e4t<\/p>\n<\/div>\n<\/div>\n\n\n\n<hr class=\"wp-block-separator has-css-opacity is-style-wide\"\/>\n\n\n\n<h4 class=\"wp-block-heading\"><strong>Einsatzbericht<\/strong><\/h4>\n\n\n\n<p>Verkehrsabsicherung anl\u00e4sslich der Grenzlandwanderung in den Ortsdurchfahren Schnarchenreuth (St2198), Tiefengr\u00fcn (St2198) undGottsmannsgr\u00fcn (HO8).<\/p>\n","protected":false},"excerpt":{"rendered":"<div class=\"mh-excerpt\">Nr. 44 | Zeit: 09.08 Uhr | Gemeindegebiet Berg | THL<\/p>\n<p>Eingesetzte Fahrzeuge:<br \/>\nMFZ<\/p><\/div>\n<p> <a class=\"mh-excerpt-more\" href=\"https:\/\/www.ffw-berg.de\/wordpress\/einsatz-vom-03-10-22-thl-verkehrsabsicherung\/\" title=\"Einsatz vom 03.10.22 &#8211; THL Verkehrsabsicherung\">[  Mehr &gt;&gt; ]<\/a><\/p>\n","protected":false},"author":2,"featured_media":212207,"comment_status":"closed","ping_status":"open","sticky":false,"template":"","format":"standard","meta":{"footnotes":""},"categories":[1154],"tags":[81,284,1259,1298,1347],"class_list":{"0":"post-217087","1":"post","2":"type-post","3":"status-publish","4":"format-standard","5":"has-post-thumbnail","7":"category-einsaetze-2022","8":"tag-verkehrsabsicherung","9":"tag-gemeinde-berg","10":"tag-mfz","11":"tag-ffw-berg-ofr","12":"tag-grenzlandwanderung"},"_links":{"self":[{"href":"https:\/\/www.ffw-berg.de\/wordpress\/wp-json\/wp\/v2\/posts\/217087","targetHints":{"allow":["GET"]}}],"collection":[{"href":"https:\/\/www.ffw-berg.de\/wordpress\/wp-json\/wp\/v2\/posts"}],"about":[{"href":"https:\/\/www.ffw-berg.de\/wordpress\/wp-json\/wp\/v2\/types\/post"}],"author":[{"embeddable":true,"href":"https:\/\/www.ffw-berg.de\/wordpress\/wp-json\/wp\/v2\/users\/2"}],"replies":[{"embeddable":true,"href":"https:\/\/www.ffw-berg.de\/wordpress\/wp-json\/wp\/v2\/comments?post=217087"}],"version-history":[{"count":0,"href":"https:\/\/www.ffw-berg.de\/wordpress\/wp-json\/wp\/v2\/posts\/217087\/revisions"}],"wp:featuredmedia":[{"embeddable":true,"href":"https:\/\/www.ffw-berg.de\/wordpress\/wp-json\/wp\/v2\/media\/212207"}],"wp:attachment":[{"href":"https:\/\/www.ffw-berg.de\/wordpress\/wp-json\/wp\/v2\/media?parent=217087"}],"wp:term":[{"taxonomy":"category","embeddable":true,"href":"https:\/\/www.ffw-berg.de\/wordpress\/wp-json\/wp\/v2\/categories?post=217087"},{"taxonomy":"post_tag","embeddable":true,"href":"https:\/\/www.ffw-berg.de\/wordpress\/wp-json\/wp\/v2\/tags?post=217087"}],"curies":[{"name":"wp","href":"https:\/\/api.w.org\/{rel}","templated":true}]}}