{"id":217094,"date":"2022-09-17T22:00:00","date_gmt":"2022-09-17T20:00:00","guid":{"rendered":"https:\/\/www.ffw-berg.de\/wordpress\/?p=217094"},"modified":"2026-02-24T12:10:24","modified_gmt":"2026-02-24T11:10:24","slug":"berufsfeuerwehrtag-2022","status":"publish","type":"post","link":"https:\/\/www.ffw-berg.de\/wordpress\/berufsfeuerwehrtag-2022\/","title":{"rendered":"Berufsfeuerwehrtag 2022"},"content":{"rendered":"\n<p>Am 17.09.2022 konnte der Berufsfeuerwehrtag der Jugendgruppe der Freiwilligen Feuerwehr Berg nach 2-j\u00e4hriger Corona-Pause endlich wieder stattfinden! Gemeinsam mit der Bereitschaftsjugend der BRK Bereitschaft Berg wurde von insgesamt 19 Jugendlichen eine 24h-Schicht der Berufsfeuerwehr und des Rettungsdienstes simuliert. <\/p>\n\n\n\n<p>P\u00fcnktlich um 8 Uhr morgens startete die Schicht mit einer Aufteilung der Einsatzkr\u00e4fte auf die Einsatzfahrzeuge. Im Einsatz waren das Hilfeleistungsl\u00f6schgruppenfahrzeug (HLF 20), das L\u00f6schgruppenfahrzeug(LF 8\/6) und der Mannschaftstransportwagen (MTW) der Feuerwehr Berg, das Tragkraftspritzenfahrzeug-Wasser (TSF-W) der Feuerwehr Bruck-Bug, ein Rettungswagen (RTW) a.D. des BRK-Kreisverbands Hof und das First-Responder Fahrzeug (HvO) der BRK-Bereitschaft Berg. <\/p>\n\n\n\n<p>Anschlie\u00dfend folgte ein gemeinsames Fr\u00fchst\u00fcck im Mehrzweckgeb\u00e4ude Berg zur St\u00e4rkung f\u00fcr die kommenden 24 Stunden. Hier wurden sodann auch die Feldbetten f\u00fcr die bevorstehende Nacht aufgebaut. <\/p>\n\n\n\n<figure class=\"wp-block-image size-large\"><img loading=\"lazy\" decoding=\"async\" width=\"1024\" height=\"768\" src=\"https:\/\/www.ffw-berg.de\/wordpress\/wp-content\/uploads\/2022\/11\/bf_tag_2022_62-1024x768.jpg\" alt=\"\" class=\"wp-image-217151\" srcset=\"https:\/\/www.ffw-berg.de\/wordpress\/wp-content\/uploads\/2022\/11\/bf_tag_2022_62-1024x768.jpg 1024w, https:\/\/www.ffw-berg.de\/wordpress\/wp-content\/uploads\/2022\/11\/bf_tag_2022_62-300x225.jpg 300w, https:\/\/www.ffw-berg.de\/wordpress\/wp-content\/uploads\/2022\/11\/bf_tag_2022_62-120x90.jpg 120w, https:\/\/www.ffw-berg.de\/wordpress\/wp-content\/uploads\/2022\/11\/bf_tag_2022_62-768x576.jpg 768w, https:\/\/www.ffw-berg.de\/wordpress\/wp-content\/uploads\/2022\/11\/bf_tag_2022_62-1536x1152.jpg 1536w, https:\/\/www.ffw-berg.de\/wordpress\/wp-content\/uploads\/2022\/11\/bf_tag_2022_62-678x509.jpg 678w, https:\/\/www.ffw-berg.de\/wordpress\/wp-content\/uploads\/2022\/11\/bf_tag_2022_62-326x245.jpg 326w, https:\/\/www.ffw-berg.de\/wordpress\/wp-content\/uploads\/2022\/11\/bf_tag_2022_62-80x60.jpg 80w, https:\/\/www.ffw-berg.de\/wordpress\/wp-content\/uploads\/2022\/11\/bf_tag_2022_62.jpg 1920w\" sizes=\"auto, (max-width: 1024px) 100vw, 1024px\" \/><figcaption class=\"wp-element-caption\">Fr\u00fchst\u00fcck zur St\u00e4rkung auf die n\u00e4chsten 24 Stunden<\/figcaption><\/figure>\n\n\n\n<p>Gemeinsam starteten die Jugendlichen den Dienst mit einer Fahrzeugkunde an ihren eingeteilten Fahrzeugen, um im Ernstfall zu wissen, wo welches Ger\u00e4t zu finden ist. Um 09.15 Uhr wurde dann der erste Einsatz von der eigens im Feuerwehrger\u00e4tehaus Berg eingerichteten Leitstelle f\u00fcr die Besatzung des First-Responder Fahrzeugs alarmiert. Die Erstmeldung lautete \u201e<strong>Kl\u00e4rw\u00e4rter zusammen mit Partner bei Wartungsarbeiten im Pumpwerk; 1 Person kollabiert (vermutlich CO-Intoxikation)<\/strong>\u201c. Innerhalb weniger Minuten wurde der Einsatzort, das Abwasserpumpwerk in der Sieggrubenstra\u00dfe in Berg, erreicht. Die Jugendlichen erkundeten den Einsatzort stets selbstst\u00e4ndig, wobei ihnen immer ein Betreuer mit Rat und Tat zur Seite stand. Nach erster Erkundung wurde eine Lagemeldung an die Leitstelle abgegeben und zeitnah das L\u00f6schgruppenfahrzeug zur Unterst\u00fctzung nachalarmiert. Das Abwasserpumpwerk wurde nach \u00dcberpr\u00fcfung auf Gasaustritt \u00fcber eine Leiter bestiegen und die verunfallte Person, die bei Bewusstsein war, mit Brustbund gesichert durch einen Jugendlichen ans Tageslicht begleitet. <\/p>\n\n\n\n<figure class=\"wp-block-gallery has-nested-images columns-default is-cropped wp-block-gallery-1 is-layout-flex wp-block-gallery-is-layout-flex\">\n<figure class=\"wp-block-image size-large\"><a href=\"https:\/\/www.ffw-berg.de\/wordpress\/wp-content\/uploads\/2022\/11\/bf_tag_2022_56.jpg\"><img loading=\"lazy\" decoding=\"async\" width=\"576\" height=\"768\" data-id=\"217149\" src=\"https:\/\/www.ffw-berg.de\/wordpress\/wp-content\/uploads\/2022\/11\/bf_tag_2022_56-576x768.jpg\" alt=\"\" class=\"wp-image-217149\" srcset=\"https:\/\/www.ffw-berg.de\/wordpress\/wp-content\/uploads\/2022\/11\/bf_tag_2022_56-576x768.jpg 576w, https:\/\/www.ffw-berg.de\/wordpress\/wp-content\/uploads\/2022\/11\/bf_tag_2022_56-188x250.jpg 188w, https:\/\/www.ffw-berg.de\/wordpress\/wp-content\/uploads\/2022\/11\/bf_tag_2022_56-90x120.jpg 90w, https:\/\/www.ffw-berg.de\/wordpress\/wp-content\/uploads\/2022\/11\/bf_tag_2022_56-768x1024.jpg 768w, https:\/\/www.ffw-berg.de\/wordpress\/wp-content\/uploads\/2022\/11\/bf_tag_2022_56-1152x1536.jpg 1152w, https:\/\/www.ffw-berg.de\/wordpress\/wp-content\/uploads\/2022\/11\/bf_tag_2022_56.jpg 1440w\" sizes=\"auto, (max-width: 576px) 100vw, 576px\" \/><\/a><\/figure>\n\n\n\n<figure class=\"wp-block-image size-large\"><a href=\"https:\/\/www.ffw-berg.de\/wordpress\/wp-content\/uploads\/2022\/11\/bf_tag_2022_57.jpg\"><img loading=\"lazy\" decoding=\"async\" width=\"576\" height=\"768\" data-id=\"217150\" src=\"https:\/\/www.ffw-berg.de\/wordpress\/wp-content\/uploads\/2022\/11\/bf_tag_2022_57-576x768.jpg\" alt=\"\" class=\"wp-image-217150\" srcset=\"https:\/\/www.ffw-berg.de\/wordpress\/wp-content\/uploads\/2022\/11\/bf_tag_2022_57-576x768.jpg 576w, https:\/\/www.ffw-berg.de\/wordpress\/wp-content\/uploads\/2022\/11\/bf_tag_2022_57-188x250.jpg 188w, https:\/\/www.ffw-berg.de\/wordpress\/wp-content\/uploads\/2022\/11\/bf_tag_2022_57-90x120.jpg 90w, https:\/\/www.ffw-berg.de\/wordpress\/wp-content\/uploads\/2022\/11\/bf_tag_2022_57-768x1024.jpg 768w, https:\/\/www.ffw-berg.de\/wordpress\/wp-content\/uploads\/2022\/11\/bf_tag_2022_57-1152x1536.jpg 1152w, https:\/\/www.ffw-berg.de\/wordpress\/wp-content\/uploads\/2022\/11\/bf_tag_2022_57.jpg 1440w\" sizes=\"auto, (max-width: 576px) 100vw, 576px\" \/><\/a><\/figure>\n<\/figure>\n\n\n\n<p>Zeitgleich lief ein weiterer Einsatz f\u00fcr die Besatzung des RTW und des TSF-W auf der Gemeindeverbindungsstra\u00dfe Tiefengr\u00fcn-Gottsmannsgr\u00fcn. Alarmstichwort war \u201e<strong>Verkehrsunfall mit Fahrrad \u2013THL 1<\/strong>\u201c. Die Jugendlichen mussten sich insgesamt um 3 verletzte Personen k\u00fcmmern und arbeiteten den Einsatz ruhig und besonnen mit Erfolg ab. <\/p>\n\n\n\n<figure class=\"wp-block-image size-full\"><a href=\"https:\/\/www.ffw-berg.de\/wordpress\/wp-content\/uploads\/2022\/11\/bf_tag_2022_16.jpg\"><img loading=\"lazy\" decoding=\"async\" width=\"1024\" height=\"768\" src=\"https:\/\/www.ffw-berg.de\/wordpress\/wp-content\/uploads\/2022\/11\/bf_tag_2022_16.jpg\" alt=\"\" class=\"wp-image-217144\" srcset=\"https:\/\/www.ffw-berg.de\/wordpress\/wp-content\/uploads\/2022\/11\/bf_tag_2022_16.jpg 1024w, https:\/\/www.ffw-berg.de\/wordpress\/wp-content\/uploads\/2022\/11\/bf_tag_2022_16-300x225.jpg 300w, https:\/\/www.ffw-berg.de\/wordpress\/wp-content\/uploads\/2022\/11\/bf_tag_2022_16-120x90.jpg 120w, https:\/\/www.ffw-berg.de\/wordpress\/wp-content\/uploads\/2022\/11\/bf_tag_2022_16-768x576.jpg 768w, https:\/\/www.ffw-berg.de\/wordpress\/wp-content\/uploads\/2022\/11\/bf_tag_2022_16-678x509.jpg 678w, https:\/\/www.ffw-berg.de\/wordpress\/wp-content\/uploads\/2022\/11\/bf_tag_2022_16-326x245.jpg 326w, https:\/\/www.ffw-berg.de\/wordpress\/wp-content\/uploads\/2022\/11\/bf_tag_2022_16-80x60.jpg 80w\" sizes=\"auto, (max-width: 1024px) 100vw, 1024px\" \/><\/a><\/figure>\n\n\n\n<p>Ohne Pause ging es weiter zum Wanderparkplatz Eisenb\u00fchl, dortiges Einsatzstichwortlautete \u201e<strong>Waldarbeiterunfall \u20131 Person eingeklemmt<\/strong>\u201c. Die Besatzungen von LF, TSF-W, RTW und First-Responder Fahrzeug halfen zusammen und konnten auch diesen Einsatz erfolgreich abarbeiten. <\/p>\n\n\n<div class=\"wp-block-image\">\n<figure class=\"aligncenter size-large\"><img loading=\"lazy\" decoding=\"async\" width=\"576\" height=\"768\" src=\"https:\/\/www.ffw-berg.de\/wordpress\/wp-content\/uploads\/2022\/11\/bf_tag_2022_51-576x768.jpg\" alt=\"\" class=\"wp-image-217148\" srcset=\"https:\/\/www.ffw-berg.de\/wordpress\/wp-content\/uploads\/2022\/11\/bf_tag_2022_51-576x768.jpg 576w, https:\/\/www.ffw-berg.de\/wordpress\/wp-content\/uploads\/2022\/11\/bf_tag_2022_51-188x250.jpg 188w, https:\/\/www.ffw-berg.de\/wordpress\/wp-content\/uploads\/2022\/11\/bf_tag_2022_51-90x120.jpg 90w, https:\/\/www.ffw-berg.de\/wordpress\/wp-content\/uploads\/2022\/11\/bf_tag_2022_51-768x1024.jpg 768w, https:\/\/www.ffw-berg.de\/wordpress\/wp-content\/uploads\/2022\/11\/bf_tag_2022_51-1152x1536.jpg 1152w, https:\/\/www.ffw-berg.de\/wordpress\/wp-content\/uploads\/2022\/11\/bf_tag_2022_51.jpg 1440w\" sizes=\"auto, (max-width: 576px) 100vw, 576px\" \/><\/figure>\n<\/div>\n\n\n<p>Nach R\u00fcckkehr zum Ger\u00e4tehaus stand eine wohlverdiente Mittagspausean, bei der sich die Jugendlichen Nudeln mit Bolognese-So\u00dfe schmecken lassen konnten. Um Fettp\u00f6lsterchen keine Chance zu geben, wurde sich im Anschluss zu Fu\u00df zum World Clean-Up Day aufgemacht. <strong><a href=\"https:\/\/worldcleanupday.de\" data-type=\"URL\" data-id=\"https:\/\/worldcleanupday.de\" target=\"_blank\" rel=\"noreferrer noopener\">Der World Clean-Up Day findet j\u00e4hrlich am dritten September-Wochenende statt<\/a><\/strong>. Menschen aus aller Welt sammeln an diesem Wochenende zugunsten der Umwelt M\u00fcll. <\/p>\n\n\n\n<figure class=\"wp-block-image size-large\"><a href=\"https:\/\/www.ffw-berg.de\/wordpress\/wp-content\/uploads\/2022\/11\/bf_tag_2022_2.jpg\"><img loading=\"lazy\" decoding=\"async\" width=\"1024\" height=\"768\" src=\"https:\/\/www.ffw-berg.de\/wordpress\/wp-content\/uploads\/2022\/11\/bf_tag_2022_2-1024x768.jpg\" alt=\"\" class=\"wp-image-217142\" srcset=\"https:\/\/www.ffw-berg.de\/wordpress\/wp-content\/uploads\/2022\/11\/bf_tag_2022_2-1024x768.jpg 1024w, https:\/\/www.ffw-berg.de\/wordpress\/wp-content\/uploads\/2022\/11\/bf_tag_2022_2-300x225.jpg 300w, https:\/\/www.ffw-berg.de\/wordpress\/wp-content\/uploads\/2022\/11\/bf_tag_2022_2-120x90.jpg 120w, https:\/\/www.ffw-berg.de\/wordpress\/wp-content\/uploads\/2022\/11\/bf_tag_2022_2-768x576.jpg 768w, https:\/\/www.ffw-berg.de\/wordpress\/wp-content\/uploads\/2022\/11\/bf_tag_2022_2-1536x1152.jpg 1536w, https:\/\/www.ffw-berg.de\/wordpress\/wp-content\/uploads\/2022\/11\/bf_tag_2022_2-678x509.jpg 678w, https:\/\/www.ffw-berg.de\/wordpress\/wp-content\/uploads\/2022\/11\/bf_tag_2022_2-326x245.jpg 326w, https:\/\/www.ffw-berg.de\/wordpress\/wp-content\/uploads\/2022\/11\/bf_tag_2022_2-80x60.jpg 80w, https:\/\/www.ffw-berg.de\/wordpress\/wp-content\/uploads\/2022\/11\/bf_tag_2022_2.jpg 1920w\" sizes=\"auto, (max-width: 1024px) 100vw, 1024px\" \/><\/a><figcaption class=\"wp-element-caption\">Teilnahme am World Cleanup Day 2022<\/figcaption><\/figure>\n\n\n\n<p>Bei R\u00fcckkunft am Ger\u00e4tehaus stand auch direkt die n\u00e4chste Fitnesseinheit im Sinne von Dienstsport an. Der Dienstsport soll die Feuerwehrdienstleistenden dazu bef\u00e4higen, ihren Dienst ordnungsgem\u00e4\u00df und ohne Gefahren f\u00fcr das eigene Leben oder die Gesundheit aus\u00fcben zu k\u00f6nnen. Hierbei kommt es weniger auf H\u00f6chstleistungen an, aber auf das Ausf\u00fchren von \u00dcbungen, die im weiteren Sinne dem Feuerwehrdienst nutzen. In Kleingruppen absolvierten die Jugendlichen verschiedene \u00dcbungen unter Anleitung der Jugendbetreuer. <\/p>\n\n\n\n<p>Am Nachmittag wurden sodann 3 weitere, parallel laufende Eins\u00e4tze alarmiert. HvO und Rettungsdienst wurden zu einem Sturz in der Schulstra\u00dfe alarmiert, die Besatzung des TSF-W zu einem <strong>M\u00fclleimerbrand <\/strong>nach Gottsmannsgr\u00fcn und anschlie\u00dfend zu einem <strong>mit Wasser vollgelaufenen Keller<\/strong>, ebenfalls in Gottsmannsgr\u00fcn. <\/p>\n\n\n<div class=\"wp-block-image\">\n<figure class=\"aligncenter size-large\"><img loading=\"lazy\" decoding=\"async\" width=\"512\" height=\"768\" src=\"https:\/\/www.ffw-berg.de\/wordpress\/wp-content\/uploads\/2022\/11\/bf_tag_2022_75-512x768.jpg\" alt=\"\" class=\"wp-image-217152\" srcset=\"https:\/\/www.ffw-berg.de\/wordpress\/wp-content\/uploads\/2022\/11\/bf_tag_2022_75-512x768.jpg 512w, https:\/\/www.ffw-berg.de\/wordpress\/wp-content\/uploads\/2022\/11\/bf_tag_2022_75-167x250.jpg 167w, https:\/\/www.ffw-berg.de\/wordpress\/wp-content\/uploads\/2022\/11\/bf_tag_2022_75-80x120.jpg 80w, https:\/\/www.ffw-berg.de\/wordpress\/wp-content\/uploads\/2022\/11\/bf_tag_2022_75-768x1153.jpg 768w, https:\/\/www.ffw-berg.de\/wordpress\/wp-content\/uploads\/2022\/11\/bf_tag_2022_75-1023x1536.jpg 1023w, https:\/\/www.ffw-berg.de\/wordpress\/wp-content\/uploads\/2022\/11\/bf_tag_2022_75.jpg 1279w\" sizes=\"auto, (max-width: 512px) 100vw, 512px\" \/><\/figure>\n<\/div>\n\n\n<p>Das HLF fuhr mit dem Alarmstichwort \u201e<strong>Rettung aus unwegsamem Gel\u00e4nde<\/strong>\u201c zum Parkplatz HO 11 zwischen Rudolphstein und Eisenb\u00fchl. Die Erstmeldung \u201e<strong>1 Person bei Waldarbeiten abgest\u00fcrzt<\/strong>\u201c bewahrheitete sich und die Person musste mittels Schleifkorbtrage gerettet werden. RTW und HvO wurden zur Erstversorgung des Patienten nachalarmiert. <\/p>\n\n\n\n<figure class=\"wp-block-image size-large\"><a href=\"https:\/\/www.ffw-berg.de\/wordpress\/wp-content\/uploads\/2022\/11\/bf_tag_2022_32.jpg\"><img loading=\"lazy\" decoding=\"async\" width=\"1024\" height=\"768\" src=\"https:\/\/www.ffw-berg.de\/wordpress\/wp-content\/uploads\/2022\/11\/bf_tag_2022_32-1024x768.jpg\" alt=\"\" class=\"wp-image-217145\" srcset=\"https:\/\/www.ffw-berg.de\/wordpress\/wp-content\/uploads\/2022\/11\/bf_tag_2022_32-1024x768.jpg 1024w, https:\/\/www.ffw-berg.de\/wordpress\/wp-content\/uploads\/2022\/11\/bf_tag_2022_32-300x225.jpg 300w, https:\/\/www.ffw-berg.de\/wordpress\/wp-content\/uploads\/2022\/11\/bf_tag_2022_32-120x90.jpg 120w, https:\/\/www.ffw-berg.de\/wordpress\/wp-content\/uploads\/2022\/11\/bf_tag_2022_32-768x576.jpg 768w, https:\/\/www.ffw-berg.de\/wordpress\/wp-content\/uploads\/2022\/11\/bf_tag_2022_32-1536x1152.jpg 1536w, https:\/\/www.ffw-berg.de\/wordpress\/wp-content\/uploads\/2022\/11\/bf_tag_2022_32-678x509.jpg 678w, https:\/\/www.ffw-berg.de\/wordpress\/wp-content\/uploads\/2022\/11\/bf_tag_2022_32-326x245.jpg 326w, https:\/\/www.ffw-berg.de\/wordpress\/wp-content\/uploads\/2022\/11\/bf_tag_2022_32-80x60.jpg 80w, https:\/\/www.ffw-berg.de\/wordpress\/wp-content\/uploads\/2022\/11\/bf_tag_2022_32.jpg 1920w\" sizes=\"auto, (max-width: 1024px) 100vw, 1024px\" \/><\/a><\/figure>\n\n\n\n<p>Nachdem sich alle Gruppenf\u00fchrer inklusive Mannschaft mit \u201eStatus 2 \u2013Einsatzklar auf Wache\u201c zur\u00fcckgemeldet hatten, wurde sich eine kurze Verschnaufpause geg\u00f6nnt, bevor es zum Highlight des BF-Tages \u00fcberging: die Schau\u00fcbung am Hackschnitzelheizwerk in Bruck gemeinsam mit der Jugendfeuerwehr K\u00f6ditz. Angenommen wurde hier ein Brand mit mehreren vermissten Personen. Insgesamt wurden 4 Personen gerettet und erstversorgt. Der Einsatzort wurde in 2 Einsatzabschnitte gegliedert, wor\u00fcber die Brandbek\u00e4mpfung vorgenommen wurde. Aus dem angrenzenden Dorfteich wurde Wasser entnommen, um den L\u00f6schwasserbedarf sicherzustellen. Zur\u00fcck am Ger\u00e4tehaus in Berg rundeten Bratw\u00fcrste und Steaks vom Grill sowie k\u00fchle Getr\u00e4nke und unterhaltsame Gespr\u00e4che die erfolgreiche \u00dcbung ab. <\/p>\n\n\n\n<figure class=\"wp-block-gallery has-nested-images columns-2 is-cropped wp-block-gallery-2 is-layout-flex wp-block-gallery-is-layout-flex\">\n<figure class=\"wp-block-image size-large\"><a href=\"https:\/\/www.ffw-berg.de\/wordpress\/wp-content\/uploads\/2022\/11\/bf_tag_2022_89.jpg\"><img loading=\"lazy\" decoding=\"async\" width=\"1080\" height=\"719\" data-id=\"217153\" src=\"https:\/\/www.ffw-berg.de\/wordpress\/wp-content\/uploads\/2022\/11\/bf_tag_2022_89-1080x719.jpg\" alt=\"\" class=\"wp-image-217153\" srcset=\"https:\/\/www.ffw-berg.de\/wordpress\/wp-content\/uploads\/2022\/11\/bf_tag_2022_89-1080x719.jpg 1080w, https:\/\/www.ffw-berg.de\/wordpress\/wp-content\/uploads\/2022\/11\/bf_tag_2022_89-300x200.jpg 300w, https:\/\/www.ffw-berg.de\/wordpress\/wp-content\/uploads\/2022\/11\/bf_tag_2022_89-120x80.jpg 120w, https:\/\/www.ffw-berg.de\/wordpress\/wp-content\/uploads\/2022\/11\/bf_tag_2022_89-768x512.jpg 768w, https:\/\/www.ffw-berg.de\/wordpress\/wp-content\/uploads\/2022\/11\/bf_tag_2022_89-1536x1023.jpg 1536w, https:\/\/www.ffw-berg.de\/wordpress\/wp-content\/uploads\/2022\/11\/bf_tag_2022_89.jpg 1920w\" sizes=\"auto, (max-width: 1080px) 100vw, 1080px\" \/><\/a><\/figure>\n\n\n\n<figure class=\"wp-block-image size-large\"><a href=\"https:\/\/www.ffw-berg.de\/wordpress\/wp-content\/uploads\/2022\/11\/bf_tag_2022_109.jpg\"><img loading=\"lazy\" decoding=\"async\" width=\"1080\" height=\"719\" data-id=\"217155\" src=\"https:\/\/www.ffw-berg.de\/wordpress\/wp-content\/uploads\/2022\/11\/bf_tag_2022_109-1080x719.jpg\" alt=\"\" class=\"wp-image-217155\" srcset=\"https:\/\/www.ffw-berg.de\/wordpress\/wp-content\/uploads\/2022\/11\/bf_tag_2022_109-1080x719.jpg 1080w, https:\/\/www.ffw-berg.de\/wordpress\/wp-content\/uploads\/2022\/11\/bf_tag_2022_109-300x200.jpg 300w, https:\/\/www.ffw-berg.de\/wordpress\/wp-content\/uploads\/2022\/11\/bf_tag_2022_109-120x80.jpg 120w, https:\/\/www.ffw-berg.de\/wordpress\/wp-content\/uploads\/2022\/11\/bf_tag_2022_109-768x512.jpg 768w, https:\/\/www.ffw-berg.de\/wordpress\/wp-content\/uploads\/2022\/11\/bf_tag_2022_109-1536x1023.jpg 1536w, https:\/\/www.ffw-berg.de\/wordpress\/wp-content\/uploads\/2022\/11\/bf_tag_2022_109.jpg 1920w\" sizes=\"auto, (max-width: 1080px) 100vw, 1080px\" \/><\/a><\/figure>\n\n\n\n<figure class=\"wp-block-image size-large\"><a href=\"https:\/\/www.ffw-berg.de\/wordpress\/wp-content\/uploads\/2022\/11\/bf_tag_2022_102.jpg\"><img loading=\"lazy\" decoding=\"async\" width=\"512\" height=\"768\" data-id=\"217154\" src=\"https:\/\/www.ffw-berg.de\/wordpress\/wp-content\/uploads\/2022\/11\/bf_tag_2022_102-512x768.jpg\" alt=\"\" class=\"wp-image-217154\" srcset=\"https:\/\/www.ffw-berg.de\/wordpress\/wp-content\/uploads\/2022\/11\/bf_tag_2022_102-512x768.jpg 512w, https:\/\/www.ffw-berg.de\/wordpress\/wp-content\/uploads\/2022\/11\/bf_tag_2022_102-167x250.jpg 167w, https:\/\/www.ffw-berg.de\/wordpress\/wp-content\/uploads\/2022\/11\/bf_tag_2022_102-80x120.jpg 80w, https:\/\/www.ffw-berg.de\/wordpress\/wp-content\/uploads\/2022\/11\/bf_tag_2022_102-768x1153.jpg 768w, https:\/\/www.ffw-berg.de\/wordpress\/wp-content\/uploads\/2022\/11\/bf_tag_2022_102-1023x1536.jpg 1023w, https:\/\/www.ffw-berg.de\/wordpress\/wp-content\/uploads\/2022\/11\/bf_tag_2022_102.jpg 1279w\" sizes=\"auto, (max-width: 512px) 100vw, 512px\" \/><\/a><\/figure>\n\n\n\n<figure class=\"wp-block-image size-large\"><a href=\"https:\/\/www.ffw-berg.de\/wordpress\/wp-content\/uploads\/2022\/11\/bf_tag_2022_112.jpg\"><img loading=\"lazy\" decoding=\"async\" width=\"1080\" height=\"719\" data-id=\"217156\" src=\"https:\/\/www.ffw-berg.de\/wordpress\/wp-content\/uploads\/2022\/11\/bf_tag_2022_112-1080x719.jpg\" alt=\"\" class=\"wp-image-217156\" srcset=\"https:\/\/www.ffw-berg.de\/wordpress\/wp-content\/uploads\/2022\/11\/bf_tag_2022_112-1080x719.jpg 1080w, https:\/\/www.ffw-berg.de\/wordpress\/wp-content\/uploads\/2022\/11\/bf_tag_2022_112-300x200.jpg 300w, https:\/\/www.ffw-berg.de\/wordpress\/wp-content\/uploads\/2022\/11\/bf_tag_2022_112-120x80.jpg 120w, https:\/\/www.ffw-berg.de\/wordpress\/wp-content\/uploads\/2022\/11\/bf_tag_2022_112-768x512.jpg 768w, https:\/\/www.ffw-berg.de\/wordpress\/wp-content\/uploads\/2022\/11\/bf_tag_2022_112-1536x1023.jpg 1536w, https:\/\/www.ffw-berg.de\/wordpress\/wp-content\/uploads\/2022\/11\/bf_tag_2022_112.jpg 1920w\" sizes=\"auto, (max-width: 1080px) 100vw, 1080px\" \/><\/a><\/figure>\n<\/figure>\n\n\n\n<p>Jedoch war noch keine Nachtruhe in Sicht. Nach Einbruch der Dunkelheit lautete ein erneutes Alarmstichwort \u201e<strong>Brand LKW B3<\/strong>\u201cauf dem Gel\u00e4nde der Firma Lauterbach in Berg, vermutlich ausgel\u00f6st durch \u00fcberhitze Bremsen am Auflieger. <\/p>\n\n\n\n<figure class=\"wp-block-image size-large\"><img loading=\"lazy\" decoding=\"async\" width=\"1440\" height=\"810\" src=\"https:\/\/www.ffw-berg.de\/wordpress\/wp-content\/uploads\/2022\/11\/bf_tag_2022_1-edited.jpg\" alt=\"\" class=\"wp-image-217162\" srcset=\"https:\/\/www.ffw-berg.de\/wordpress\/wp-content\/uploads\/2022\/11\/bf_tag_2022_1-edited.jpg 1440w, https:\/\/www.ffw-berg.de\/wordpress\/wp-content\/uploads\/2022\/11\/bf_tag_2022_1-edited-300x169.jpg 300w, https:\/\/www.ffw-berg.de\/wordpress\/wp-content\/uploads\/2022\/11\/bf_tag_2022_1-edited-1080x608.jpg 1080w, https:\/\/www.ffw-berg.de\/wordpress\/wp-content\/uploads\/2022\/11\/bf_tag_2022_1-edited-120x68.jpg 120w, https:\/\/www.ffw-berg.de\/wordpress\/wp-content\/uploads\/2022\/11\/bf_tag_2022_1-edited-768x432.jpg 768w, https:\/\/www.ffw-berg.de\/wordpress\/wp-content\/uploads\/2022\/11\/bf_tag_2022_1-edited-678x381.jpg 678w\" sizes=\"auto, (max-width: 1440px) 100vw, 1440px\" \/><\/figure>\n\n\n\n<p>Nach erfolgreichem Abschluss des Einsatzes erwartete die Jugendlichen ein Lagerfeuer, an dem der Abend mit Stockbrot und Marshmallows gem\u00fctlich ausklang, bevor um 0.00 Uhr das Bettenlager bezogen wurde. Die Nachtruhe w\u00e4hrte nicht lang, denn um 05.00 Uhr ert\u00f6nte der Einsatzgong erneut, Einsatzstichwort \u201e<strong>Schussverletzung<\/strong>\u201c im Windpark Espich mit der Erstmeldung, dass ein J\u00e4ger versehentlich einen Wanderer angeschossen hatte und die Person nicht ansprechbar sei. Der alarmierte Rettungswagen und das First-Responder-Fahrzeug forderten das L\u00f6schgruppenfahrzeug sowie das TSF-W zum Ausleuchten der Einsatzstelle f\u00fcr die Hubschrauberlandung nach. <\/p>\n\n\n\n<figure class=\"wp-block-image size-large\"><a href=\"https:\/\/www.ffw-berg.de\/wordpress\/wp-content\/uploads\/2022\/11\/bf_tag_2022_44.jpg\"><img loading=\"lazy\" decoding=\"async\" width=\"1080\" height=\"608\" src=\"https:\/\/www.ffw-berg.de\/wordpress\/wp-content\/uploads\/2022\/11\/bf_tag_2022_44-1080x608.jpg\" alt=\"\" class=\"wp-image-217146\" srcset=\"https:\/\/www.ffw-berg.de\/wordpress\/wp-content\/uploads\/2022\/11\/bf_tag_2022_44-1080x608.jpg 1080w, https:\/\/www.ffw-berg.de\/wordpress\/wp-content\/uploads\/2022\/11\/bf_tag_2022_44-300x169.jpg 300w, https:\/\/www.ffw-berg.de\/wordpress\/wp-content\/uploads\/2022\/11\/bf_tag_2022_44-120x68.jpg 120w, https:\/\/www.ffw-berg.de\/wordpress\/wp-content\/uploads\/2022\/11\/bf_tag_2022_44-768x432.jpg 768w, https:\/\/www.ffw-berg.de\/wordpress\/wp-content\/uploads\/2022\/11\/bf_tag_2022_44-1536x864.jpg 1536w, https:\/\/www.ffw-berg.de\/wordpress\/wp-content\/uploads\/2022\/11\/bf_tag_2022_44-678x381.jpg 678w, https:\/\/www.ffw-berg.de\/wordpress\/wp-content\/uploads\/2022\/11\/bf_tag_2022_44.jpg 1920w\" sizes=\"auto, (max-width: 1080px) 100vw, 1080px\" \/><\/a><\/figure>\n\n\n\n<p>Der BF-Tag neigte sich mit diesem Einsatz langsam dem Ende zu. Es folgte das gemeinsame Aufr\u00e4umen im Mehrzweckgeb\u00e4ude und dem Feuerwehrhaus und einem gemeinsamen Abschlussfr\u00fchst\u00fcck, mit dem der Berufsfeuerwehrtag 2022 offiziell beendet wurde. <\/p>\n\n\n\n<figure class=\"wp-block-image size-large\"><img loading=\"lazy\" decoding=\"async\" width=\"1920\" height=\"1080\" src=\"https:\/\/www.ffw-berg.de\/wordpress\/wp-content\/uploads\/2022\/11\/bf_tag_2022_126-edited.jpg\" alt=\"\" class=\"wp-image-217160\" srcset=\"https:\/\/www.ffw-berg.de\/wordpress\/wp-content\/uploads\/2022\/11\/bf_tag_2022_126-edited.jpg 1920w, https:\/\/www.ffw-berg.de\/wordpress\/wp-content\/uploads\/2022\/11\/bf_tag_2022_126-edited-300x169.jpg 300w, https:\/\/www.ffw-berg.de\/wordpress\/wp-content\/uploads\/2022\/11\/bf_tag_2022_126-edited-1080x608.jpg 1080w, https:\/\/www.ffw-berg.de\/wordpress\/wp-content\/uploads\/2022\/11\/bf_tag_2022_126-edited-120x68.jpg 120w, https:\/\/www.ffw-berg.de\/wordpress\/wp-content\/uploads\/2022\/11\/bf_tag_2022_126-edited-768x432.jpg 768w, https:\/\/www.ffw-berg.de\/wordpress\/wp-content\/uploads\/2022\/11\/bf_tag_2022_126-edited-1536x864.jpg 1536w, https:\/\/www.ffw-berg.de\/wordpress\/wp-content\/uploads\/2022\/11\/bf_tag_2022_126-edited-678x381.jpg 678w\" sizes=\"auto, (max-width: 1920px) 100vw, 1920px\" \/><figcaption class=\"wp-element-caption\">Alle Teilnehmer, Funktionspersonal und Helfer! Vielen Dank!<\/figcaption><\/figure>\n\n\n\n<p>Ein herzlicher Dank ergeht an dieser Stelle den Jugendlichen von Feuerwehr und BRK f\u00fcr die rege Teilnahme, den Gruppenf\u00fchrern und Maschinisten der Feuerwehr Berg, die w\u00e4hrend der Eins\u00e4tze ihre Unterst\u00fctzung leisteten, der Feuerwehr Bruck-Bugund Hof, der BRK-Bereitschaft Bergund dem BRK Kreisverband Hoff\u00fcr das Bereitstellen von Fahrzeugen und Ger\u00e4ten, der Jugendfeuerwehr K\u00f6ditz f\u00fcr die erfolgreiche Zusammenarbeit bei der Schau\u00fcbung sowie allen voran an Elke Berger und Nicole Langbein-R\u00f6del f\u00fcr die Verpflegung, die von allen Beteiligten in h\u00f6chsten T\u00f6nen gelobt wurde.<\/p>\n\n\n\n<p class=\"has-small-font-size\">Bericht: Cosima Rubner<\/p>\n\n\n\n<h4 class=\"has-text-align-center wp-block-heading\">Alle Bilder in unserem Album bei<\/h4>\n\n\n\n<figure class=\"wp-block-embed is-type-rich is-provider-google-photos wp-block-embed-google-photos\"><div class=\"wp-block-embed__wrapper\">\n<blockquote class=\"embedly-card\" data-card-controls=\"0\" data-card-align=\"center\" data-card-theme=\"light\"><h4><a href=\"https:\/\/photos.app.goo.gl\/zNcU6dnzSPdTjToM8\">No Title<\/a><\/h4><p>No Description<\/p><\/blockquote><script async src=\"\/\/cdn.embedly.com\/widgets\/platform.js\" charset=\"UTF-8\"><\/script>\n<\/div><\/figure>\n","protected":false},"excerpt":{"rendered":"<div class=\"mh-excerpt\">Am 17.09.2022 konnte der Berufsfeuerwehrtag der Jugendgruppe der FFw Berg nach 2-j\u00e4hriger Corona-Pause endlich wieder stattfinden! Gemeinsam mit der Bereitschaftsjugend der BRK Bereitschaft Berg wurde von insgesamt 19 Jugendlichen eine 24h-Schicht der Berufsfeuerwehr und des Rettungsdienstes simuliert.<\/div>\n<p> <a class=\"mh-excerpt-more\" href=\"https:\/\/www.ffw-berg.de\/wordpress\/berufsfeuerwehrtag-2022\/\" title=\"Berufsfeuerwehrtag 2022\">[  Mehr &gt;&gt; ]<\/a><\/p>\n","protected":false},"author":2,"featured_media":217144,"comment_status":"closed","ping_status":"open","sticky":false,"template":"","format":"standard","meta":{"footnotes":""},"categories":[6,30],"tags":[1354,1355,77,1356,103,1357,364,1358,148,1359,149,1360,158,1366,253,403,471,560,609,796,894,1023],"class_list":{"0":"post-217094","1":"post","2":"type-post","3":"status-publish","4":"format-standard","5":"has-post-thumbnail","7":"category-jugend","8":"category-jf-24h","9":"tag-bf-tag-2022","10":"tag-tsf-w","11":"tag-vu","12":"tag-peronenrettung","13":"tag-uebungen","14":"tag-world-cleanup-day","15":"tag-mtw","16":"tag-muelleimerbrand","17":"tag-person-eingeklemmt","18":"tag-keller-auspumpen","19":"tag-lf-86","20":"tag-bruck-bug","21":"tag-brand-lkw","22":"tag-bft2022","23":"tag-geraetehaus","24":"tag-gottsmannsgruen","25":"tag-brk-bereitschaft-berg","26":"tag-hvo-berg","27":"tag-rtw","28":"tag-berufsfeuerwehrtag","29":"tag-hlf20","30":"tag-loeschwasserentnahme"},"_links":{"self":[{"href":"https:\/\/www.ffw-berg.de\/wordpress\/wp-json\/wp\/v2\/posts\/217094","targetHints":{"allow":["GET"]}}],"collection":[{"href":"https:\/\/www.ffw-berg.de\/wordpress\/wp-json\/wp\/v2\/posts"}],"about":[{"href":"https:\/\/www.ffw-berg.de\/wordpress\/wp-json\/wp\/v2\/types\/post"}],"author":[{"embeddable":true,"href":"https:\/\/www.ffw-berg.de\/wordpress\/wp-json\/wp\/v2\/users\/2"}],"replies":[{"embeddable":true,"href":"https:\/\/www.ffw-berg.de\/wordpress\/wp-json\/wp\/v2\/comments?post=217094"}],"version-history":[{"count":0,"href":"https:\/\/www.ffw-berg.de\/wordpress\/wp-json\/wp\/v2\/posts\/217094\/revisions"}],"wp:featuredmedia":[{"embeddable":true,"href":"https:\/\/www.ffw-berg.de\/wordpress\/wp-json\/wp\/v2\/media\/217144"}],"wp:attachment":[{"href":"https:\/\/www.ffw-berg.de\/wordpress\/wp-json\/wp\/v2\/media?parent=217094"}],"wp:term":[{"taxonomy":"category","embeddable":true,"href":"https:\/\/www.ffw-berg.de\/wordpress\/wp-json\/wp\/v2\/categories?post=217094"},{"taxonomy":"post_tag","embeddable":true,"href":"https:\/\/www.ffw-berg.de\/wordpress\/wp-json\/wp\/v2\/tags?post=217094"}],"curies":[{"name":"wp","href":"https:\/\/api.w.org\/{rel}","templated":true}]}}