{"id":217098,"date":"2022-11-03T22:00:44","date_gmt":"2022-11-03T21:00:44","guid":{"rendered":"https:\/\/www.ffw-berg.de\/wordpress\/?p=217098"},"modified":"2026-02-24T12:11:09","modified_gmt":"2026-02-24T11:11:09","slug":"neue-atemschutzgeraetetraeger-fuer-den-berger-winkel","status":"publish","type":"post","link":"https:\/\/www.ffw-berg.de\/wordpress\/neue-atemschutzgeraetetraeger-fuer-den-berger-winkel\/","title":{"rendered":"Neue Atemschutzger\u00e4tetr\u00e4ger f\u00fcr den Berger Winkel"},"content":{"rendered":"\n<div class=\"wp-block-media-text alignwide has-media-on-the-right is-stacked-on-mobile is-vertically-aligned-top\"><div class=\"wp-block-media-text__content\">\n<p>In den vergangenen Monaten konnten insgesamt 8 Kameradinnen und Kameraden aus unserem Gemeindegebiet die Atemschutzausbildung mit den Zusatzausbildungen W\u00e4rmeschutzkleidung, W\u00e4rmebildkamera und \u00dcberdruckl\u00fcftung absolvieren.<\/p>\n\n\n\n<p>Ab sofort unterst\u00fctzen sie unsere Wehr und die Feuerwehr Bruck\/Bug bei Eins\u00e4tzen als Atemschutzger\u00e4tetr\u00e4ger.<\/p>\n\n\n\n<p class=\"has-text-align-left\"><strong><em>Herzlichen Gl\u00fcckwunsch&nbsp;an alle Teilnehmer und vor allem eine immer unfallfreie R\u00fcckkehr von all Euren Eins\u00e4tzen!<\/em><\/strong><\/p>\n<\/div><figure class=\"wp-block-media-text__media\"><img loading=\"lazy\" decoding=\"async\" width=\"576\" height=\"768\" src=\"https:\/\/www.ffw-berg.de\/wordpress\/wp-content\/uploads\/2022\/11\/atemschutz_2022_0-576x768.jpg\" alt=\"\" class=\"wp-image-217107 size-full\" srcset=\"https:\/\/www.ffw-berg.de\/wordpress\/wp-content\/uploads\/2022\/11\/atemschutz_2022_0-576x768.jpg 576w, https:\/\/www.ffw-berg.de\/wordpress\/wp-content\/uploads\/2022\/11\/atemschutz_2022_0-188x250.jpg 188w, https:\/\/www.ffw-berg.de\/wordpress\/wp-content\/uploads\/2022\/11\/atemschutz_2022_0-90x120.jpg 90w, https:\/\/www.ffw-berg.de\/wordpress\/wp-content\/uploads\/2022\/11\/atemschutz_2022_0-768x1024.jpg 768w, https:\/\/www.ffw-berg.de\/wordpress\/wp-content\/uploads\/2022\/11\/atemschutz_2022_0-1152x1536.jpg 1152w, https:\/\/www.ffw-berg.de\/wordpress\/wp-content\/uploads\/2022\/11\/atemschutz_2022_0.jpg 1440w\" sizes=\"auto, (max-width: 576px) 100vw, 576px\" \/><\/figure><\/div>\n\n\n\n<figure class=\"wp-block-image size-large\"><img loading=\"lazy\" decoding=\"async\" width=\"960\" height=\"768\" src=\"https:\/\/www.ffw-berg.de\/wordpress\/wp-content\/uploads\/2022\/11\/atemschutz_2022_1-960x768.jpg\" alt=\"\" class=\"wp-image-217108\" srcset=\"https:\/\/www.ffw-berg.de\/wordpress\/wp-content\/uploads\/2022\/11\/atemschutz_2022_1-960x768.jpg 960w, https:\/\/www.ffw-berg.de\/wordpress\/wp-content\/uploads\/2022\/11\/atemschutz_2022_1-300x240.jpg 300w, https:\/\/www.ffw-berg.de\/wordpress\/wp-content\/uploads\/2022\/11\/atemschutz_2022_1-120x96.jpg 120w, https:\/\/www.ffw-berg.de\/wordpress\/wp-content\/uploads\/2022\/11\/atemschutz_2022_1-768x615.jpg 768w, https:\/\/www.ffw-berg.de\/wordpress\/wp-content\/uploads\/2022\/11\/atemschutz_2022_1-1536x1229.jpg 1536w, https:\/\/www.ffw-berg.de\/wordpress\/wp-content\/uploads\/2022\/11\/atemschutz_2022_1.jpg 1638w\" sizes=\"auto, (max-width: 960px) 100vw, 960px\" \/><\/figure>\n","protected":false},"excerpt":{"rendered":"<div class=\"mh-excerpt\">In den vergangenen Monaten konnten insgesamt 8 Kameradinnen und Kameraden aus unserem Gemeindegebiet die Atemschutzausbildung mit den Zusatzausbildungen W\u00e4rmeschutzkleidung, W\u00e4rmebildkamera und \u00dcberdruckl\u00fcftung absolvieren. Ab sofort unterst\u00fctzen sie unsere Wehr und <a class=\"mh-excerpt-more\" href=\"https:\/\/www.ffw-berg.de\/wordpress\/neue-atemschutzgeraetetraeger-fuer-den-berger-winkel\/\" title=\"Neue Atemschutzger\u00e4tetr\u00e4ger f\u00fcr den Berger Winkel\">[  Mehr &gt;&gt; ]<\/a><\/div>\n","protected":false},"author":2,"featured_media":217108,"comment_status":"closed","ping_status":"open","sticky":false,"template":"","format":"standard","meta":{"footnotes":""},"categories":[896,48],"tags":[71,95,172,235,647,648,649,650,651,652,824,1362],"class_list":{"0":"post-217098","1":"post","2":"type-post","3":"status-publish","4":"format-standard","5":"has-post-thumbnail","7":"category-pressearchiv","8":"category-press_rss","9":"tag-wbk","10":"tag-pa","11":"tag-waermebildkamera","12":"tag-muenchberg","13":"tag-atemschutz","14":"tag-atemschutz-uebungsstrecke","15":"tag-atemschutzlehrgang","16":"tag-atemschutzgeraetetraeger","17":"tag-waermeschutzbekleidung","18":"tag-ueberdruckbelueftung","19":"tag-zusatzausbildung","20":"tag-asl22"},"_links":{"self":[{"href":"https:\/\/www.ffw-berg.de\/wordpress\/wp-json\/wp\/v2\/posts\/217098","targetHints":{"allow":["GET"]}}],"collection":[{"href":"https:\/\/www.ffw-berg.de\/wordpress\/wp-json\/wp\/v2\/posts"}],"about":[{"href":"https:\/\/www.ffw-berg.de\/wordpress\/wp-json\/wp\/v2\/types\/post"}],"author":[{"embeddable":true,"href":"https:\/\/www.ffw-berg.de\/wordpress\/wp-json\/wp\/v2\/users\/2"}],"replies":[{"embeddable":true,"href":"https:\/\/www.ffw-berg.de\/wordpress\/wp-json\/wp\/v2\/comments?post=217098"}],"version-history":[{"count":0,"href":"https:\/\/www.ffw-berg.de\/wordpress\/wp-json\/wp\/v2\/posts\/217098\/revisions"}],"wp:featuredmedia":[{"embeddable":true,"href":"https:\/\/www.ffw-berg.de\/wordpress\/wp-json\/wp\/v2\/media\/217108"}],"wp:attachment":[{"href":"https:\/\/www.ffw-berg.de\/wordpress\/wp-json\/wp\/v2\/media?parent=217098"}],"wp:term":[{"taxonomy":"category","embeddable":true,"href":"https:\/\/www.ffw-berg.de\/wordpress\/wp-json\/wp\/v2\/categories?post=217098"},{"taxonomy":"post_tag","embeddable":true,"href":"https:\/\/www.ffw-berg.de\/wordpress\/wp-json\/wp\/v2\/tags?post=217098"}],"curies":[{"name":"wp","href":"https:\/\/api.w.org\/{rel}","templated":true}]}}